{"id":4017,"date":"2021-08-12T08:07:52","date_gmt":"2021-08-12T06:07:52","guid":{"rendered":"http:\/\/www.infokuryr.cz\/n\/?p=4017"},"modified":"2021-08-12T08:07:52","modified_gmt":"2021-08-12T06:07:52","slug":"lgbt-aktivismus-otazky-ktere-bychom-si-meli-klast-a-neklademe","status":"publish","type":"post","link":"https:\/\/www.infokuryr.cz\/n\/2021\/08\/12\/lgbt-aktivismus-otazky-ktere-bychom-si-meli-klast-a-neklademe\/","title":{"rendered":"LGBT aktivismus: ot\u00e1zky, kter\u00e9 bychom si m\u011bli kl\u00e1st a neklademe"},"content":{"rendered":"<div id=\"fb-root\"><\/div>\n<p>Kdy\u017e se \u010dlov\u011bk d\u016fkladn\u011b zamysl\u00ed nad LGBT aktivisismem, leccos mu hlava nebere. \u010cemu a komu LGBT aktivismus ve skute\u010dnosti slou\u017e\u00ed?<\/p>\n<p>Kdy\u017e se \u010dlov\u011bk zamysl\u00ed nad obrovskou popularitou LGBT hnut\u00ed a kdy\u017e si uv\u011bdom\u00ed, jak masivn\u00ed dopad za\u010d\u00edn\u00e1 m\u00edt LGBT aktivismus na celou (z\u00e1padn\u00ed) spole\u010dnost od \u0161kolek, p\u0159es filmovou tvorbu a\u017e po arm\u00e1du (viz m\u016fj minul\u00fd\u00a0<a href=\"https:\/\/cabelka.blog.idnes.cz\/c\/773012\/kdy-uz-lgbt-skodi-anebo-ceho-je-moc-toho-je-prilis.html\" rel=\"nofollow\">\u010dl\u00e1nek<\/a>), nelze uniknout pal\u010div\u00e9 ot\u00e1zce: \u010demu a komu LGBT aktivismus ve skute\u010dnosti slou\u017e\u00ed?<\/p>\n<p>Aby mi bylo rozum\u011bno: nechci v\u00e9st civiln\u00ed diskusi o pr\u00e1vech LGBT men\u0161in, chci se bavit\u00a0<em>\u010dist\u011b<\/em>\u00a0o LGBT aktivismu. O organizovan\u00e9m, m\u00e9dii, neziskovkami a korporacemi podporovan\u00e9m duhov\u00e9m t\u0159e\u0161t\u011bn\u00ed, projevuj\u00edc\u00edm se nap\u0159. poz\u00e9rsk\u00fdmi apely na\u00a0<a href=\"https:\/\/www.europarl.europa.eu\/news\/en\/press-room\/20210701IPR07502\/european-parliament-vehemently-opposed-to-hungarian-anti-lgbtiq-law\" rel=\"nofollow\">evropsk\u00e9 hodnoty<\/a>\u00a0ze strany EU,\u00a0<a href=\"https:\/\/www.npr.org\/2021\/06\/23\/1009360659\/german-stadiums-will-show-their-rainbow-colors-to-support-hungarys-lgbtq-communi?t=1626703523659\" rel=\"nofollow\">nasv\u011bcov\u00e1n\u00edm<\/a>\u00a0stadi\u00f3n\u016f duhov\u00fdmi barvami, ok\u00e1zal\u00fdm slaven\u00edm r\u016fzn\u00fdch\u00a0<a href=\"https:\/\/missionamerica.com\/article\/school-corruption-propaganda-calendar\/\" rel=\"nofollow\">LGBT sv\u00e1tk\u016f<\/a>\u00a0ve \u0161kol\u00e1ch, povinn\u00fdmi\u00a0<a href=\"https:\/\/www.thelily.com\/argentina-passed-a-quota-for-employing-transgender-people-it-could-save-lives-advocates-say\/?\" rel=\"nofollow\">kv\u00f3tami<\/a>\u00a0na genderov\u00e9 men\u0161iny,\u00a0<a href=\"https:\/\/prazsky.denik.cz\/zpravy_region\/prague-pride-festival-dotace-covid-19-okamura-spd-primator-hrib.html\" rel=\"nofollow\">dotacemi<\/a>\u00a0na pr\u016fvody Prague Pride, nebo stahov\u00e1n\u00edm odborn\u00fdch\u00a0<a href=\"https:\/\/en.wikipedia.org\/wiki\/When_Harry_Became_Sally:_Responding_to_the_Transgender_Moment\" rel=\"nofollow\">knih<\/a>\u00a0o slo\u017eit\u00e9 problematice transgenderu z tisku pod ot\u0159epanou z\u00e1minkou boje proti nen\u00e1visti. O aktivismu, kter\u00fd vede k tomu, \u017ee se profeso\u0159i mus\u00ed opakovan\u011b\u00a0<a href=\"https:\/\/www.dailymail.co.uk\/news\/article-9831463\/Woke-medical-students-bullying-professors-apologizing-using-terms-male-female.html\" rel=\"nofollow\">omlouvat<\/a>\u00a0za pou\u017eit\u00ed slovn\u00edho spojen\u00ed \u201et\u011bhotn\u00e1 \u017eena\u201c. A o aktivismu, pod jeho\u017e n\u00e1tlakem se do \u0161kolek\u00a0<a href=\"https:\/\/twitter.com\/RealOmarNavarro\/status\/919716882638192640?ref_src=twsrc%5Etfw%7Ctwcamp%5Etweetembed%7Ctwterm%5E919716882638192640%7Ctwgr%5E%7Ctwcon%5Es1_&amp;ref_url=https%3A%2F%2Flosangeles.cbslocal.com%2F2017%2F10%2F16%2Fdraq-queen-library-lgtbq-kids%2F\" rel=\"nofollow\">zvou<\/a>\u00a0Drag gueens, aby \u010detly d\u011btem poh\u00e1dky, jako t\u0159eba stra\u0161ideln\u00fd pan\/pan\u00ed Xochi Mochi na obr\u00e1zku n\u00ed\u017ee:<\/p>\n<p>Hodn\u011b jsem nad t\u00edm od minul\u00e9ho\u00a0<a href=\"https:\/\/cabelka.blog.idnes.cz\/c\/773012\/kdy-uz-lgbt-skodi-anebo-ceho-je-moc-toho-je-prilis.html\" rel=\"nofollow\">\u010dl\u00e1nku<\/a>\u00a0p\u0159em\u00fd\u0161lel. Jde aktivist\u016fm skute\u010dn\u011b po\u0159\u00e1d je\u0161t\u011b o pr\u00e1va men\u0161in? Nebo je cel\u00fd aktivismus jen prost\u0159edkem k dosahov\u00e1n\u00ed jin\u00fdch c\u00edl\u016f, a to c\u00edl\u016f do velk\u00e9 m\u00edry implicitn\u00edch nebo dokonce z\u00e1m\u011brn\u011b skryt\u00fdch? \u201eNevezou\u201c se na LGBT aktivismu \u2014 \u010dasto t\u0159ebas i dob\u0159e a up\u0159\u00edmn\u011b m\u00edn\u011bn\u00e9m \u2014 jin\u00e9 z\u00e1jmov\u00e9 a vlivov\u00e9 skupiny? A o co t\u011bmto skupin\u00e1m jde?<\/p>\n<p>N\u011bjak se mi nechce v\u011b\u0159it, \u017ee by je\u0161t\u011b po\u0159\u00e1d \u0161lo hlavn\u011b a p\u0159edev\u0161\u00edm o genderov\u00e9 men\u0161iny (nebin\u00e1rn\u00ed, fluidn\u00ed, trans) a men\u0161iny sexu\u00e1ln\u00ed (gayov\u00e9, lesby, bisexu\u00e1lov\u00e9). Z mnoha d\u016fvod\u016f to prost\u011b ned\u00e1v\u00e1 smysl.<\/p>\n<h2>Co na LGBT aktivismu nesed\u00ed<\/h2>\n<h3><strong>Pro\u010d LGBT aktivismus nesl\u00e1bne, ale naopak s\u00edl\u00ed?<\/strong><\/h3>\n<p>Zaprv\u00e9 je m\u00edra diskriminace sexu\u00e1ln\u00edch men\u0161in na z\u00e1pad\u011b, minim\u00e1ln\u011b ve srovn\u00e1n\u00ed s minulost\u00ed, mal\u00e1 (a men\u0161iny genderov\u00e9 jsou tak\u0159ka zanedbateln\u00e9). Homosexualita u\u017e d\u00e1vno nen\u00ed vn\u00edm\u00e1na jako nemoc, homosexu\u00e1lov\u00e9 ne\u010del\u00ed n\u00e1siln\u00fdm pokus\u016fm o l\u00e9\u010dbu v podob\u011b konverzn\u00ed terapie, v\u00fdzkum se siln\u011b p\u0159ikl\u00e1n\u00ed k tomu, \u017ee sexu\u00e1ln\u00ed orientace je vrozen\u00e1, \u010di p\u0159inejmen\u0161\u00edm nejde o svobodnou volbu. Ve v\u011bt\u0161in\u011b z\u00e1padn\u00edch st\u00e1t\u016f maj\u00ed homosexu\u00e1lov\u00e9 mo\u017enost uzav\u0159\u00edt minim\u00e1ln\u011b registrovan\u00e9 partnerstv\u00ed, n\u011bkde i vstoupit do man\u017eelstv\u00ed a adoptovat d\u011bti. Minim\u00e1ln\u011b s ohledem na gaye a lesby by se tedy dalo \u010dekat, \u017ee intenzita boje za jejich pr\u00e1va bude opadat, nebo\u0165 v\u0161e d\u016fle\u017eit\u00e9 ji\u017e bylo vybojov\u00e1no. Ve skute\u010dnosti jsme sv\u011bdky p\u0159esn\u011b opa\u010dn\u00e9ho jevu.<\/p>\n<p>Je samoz\u0159ejm\u011b mo\u017en\u00e9 nam\u00edtnout, \u017ee pr\u00e1v\u011b proto, \u017ee u\u017e bylo skoro v\u0161e vybojov\u00e1no a \u017ee by spole\u010dnost mohla propadnout myln\u00e9mu dojmu, \u017ee u\u017e je v\u0161e v po\u0159\u00e1dku, je pot\u0159eba o to v\u00edc p\u0159itla\u010dit na pilu. Ostatn\u011b odpov\u00eddalo by to i Paretov\u011b pravidlu, kter\u00e9 \u0159\u00edk\u00e1, \u017ee na dosa\u017een\u00ed prvn\u00edch 80% c\u00edl\u016f sta\u010d\u00ed 20% \u00fasil\u00ed (a na dosa\u017een\u00ed zbytku pak 80% \u00fasil\u00ed). Jen\u017ee tohle pravidlo se d\u00e1 aplikovat jen tam, kde je kone\u010dn\u00fd c\u00edl jasn\u011b a pevn\u011b dan\u00fd a sna\u017e\u00ed se ho dos\u00e1hnout bu\u010f jednotlivec nebo slad\u011bn\u00fd t\u00fdm lid\u00ed. Ve spole\u010dnosti to tak ale nen\u00ed. Zat\u00edmco\u00a0<em>v\u0161ichni\u00a0<\/em>gayov\u00e9 a lesby ur\u010dit\u011b hluboce trp\u011bli, kdy\u017e se jejich orientace klasifikovala jako nemoc, homosexu\u00e1ln\u00ed styk byl nez\u00e1konn\u00fd a l\u00e9ka\u0159i je zkou\u0161eli l\u00e9\u010dit elektrick\u00fdmi \u0161oky, zdaleka\u00a0<em>ne v\u0161ichni<\/em>\u00a0gayov\u00e9 a lesby tou\u017e\u00ed po registrovan\u00e9m partnerstv\u00ed. O adopci d\u011bt\u00ed ani nemluv\u011b. Jin\u00fdmi slovy spole\u010densk\u00e1 podpora dal\u0161\u00edch a dal\u0161\u00edch LGBT pr\u00e1v mus\u00ed z\u00e1konit\u011b sl\u00e1bnout s t\u00edm, jak je t\u011bchto pr\u00e1v postupn\u011b dosahov\u00e1no. Stejn\u011b jako spole\u010densk\u00e1 popt\u00e1vka po t\u011bchto pr\u00e1vech. Pro\u010d tedy LGBT aktivismus nesl\u00e1bne, ale s\u00edl\u00ed?<\/p>\n<h3><strong>Pro\u010d LGBT expanduje sm\u011brem k dal\u0161\u00edm st\u00e1le m\u00e9n\u011b podstatn\u00fdm men\u0161in\u00e1m?<\/strong><\/h3>\n<p>Zadruh\u00e9 je z\u0159eteln\u011b vid\u011bt posun LGBT aktivismu k dal\u0161\u00edm a dal\u0161\u00edm men\u0161in\u00e1m. Sta\u010d\u00ed si v\u0161imnout zm\u011bny akronymu \u2014 z gay-lesbian p\u0159es LGBT a\u017e po sou\u010dasn\u00e9 LGBTIQA+.<\/p>\n<p>Ten posun je nejen k men\u0161in\u00e1m\u00a0<em>dal\u0161\u00edm<\/em>, ale k men\u0161in\u00e1m st\u00e1le\u00a0<em>m\u00e9n\u011b \u010detn\u00fdm<\/em>. Homosexu\u00e1l\u016f je ve spole\u010dnosti je\u0161t\u011b pom\u011brn\u011b hodn\u011b \u2014 n\u011bco okolo 4-5%. Ale transsexu\u00e1l\u016f? Ne\u017e do\u0161lo k sou\u010dasn\u00e9 epidemii genderov\u00e9 dysforie (<a href=\"https:\/\/www.psychologytoday.com\/us\/blog\/rabble-rouser\/201903\/rapid-onset-gender-dysphoria\" rel=\"nofollow\">ROGD<\/a>), shodovali se v\u011bdci na tom, \u017ee transsexu\u00e1l\u016f je v populaci nepatrn\u00fd zlomek procenta. Ano, jsou to \u010dasto hluboce ne\u0161\u0165astn\u00ed a spole\u010dnost\u00ed ne pr\u00e1v\u011b snadno p\u0159ij\u00edman\u00ed lid\u00e9, ale pro\u010d by se m\u011bla cel\u00e1 spole\u010dnost s takov\u00fdm nasazen\u00edm zab\u00fdvat jejich zrovnopr\u00e1vn\u011bn\u00edm, kdy\u017e je jich tak nepatrn\u00fd po\u010det? Ono to zrovnopr\u00e1v\u0148ov\u00e1n\u00ed toti\u017e nen\u00ed zadarmo a je zcela legitimn\u00ed si kl\u00e1st ot\u00e1zku, zdali se dan\u00e9 prost\u0159edky nedaj\u00ed vyu\u017e\u00edt pro spole\u010dnost n\u011bjak \u00fa\u010deln\u011bji.<\/p>\n<p>Nicm\u00e9n\u011b poj\u010fme d\u00e1l.\u00a0<a href=\"https:\/\/en.wikipedia.org\/wiki\/Intersex\" rel=\"nofollow\">Intersexu\u00e1l\u016f<\/a>\u00a0je sice asi 1%, ale \u010d\u00e1st z nich o sv\u00e9 drobn\u00e9 genetick\u00e9 odli\u0161nosti nic netu\u0161\u00ed a \u017eij\u00ed norm\u00e1ln\u00ed \u017eivoty, jako heterosexu\u00e1ln\u00ed v\u011bt\u0161ina. Sou\u010dasn\u00e1 hranice p\u0159ijateln\u00e9 sexu\u00e1ln\u00ed men\u0161iny jsou pedofilov\u00e9. Ne, LGBT aktivist\u00e9\u00a0<em>je\u0161t\u011b<\/em>\u00a0pedofily do sv\u00e9ho boje za lidsk\u00e1 pr\u00e1va nezahrnuli, nicm\u00e9n\u011b v Praze se u\u017e pedofilov\u00e9 otev\u0159en\u011b\u00a0<a href=\"https:\/\/pedofilie-info.cz\/nejenhomo\/Ucast_Ceskoslovenske_pedofilni_komunity_%28CEPEK%29_na_Prague_Pride.html\" rel=\"nofollow\">\u00fa\u010dastn\u00ed<\/a>\u00a0pochod\u016f Prague Pride. Tak\u00e9\u00a0<a href=\"https:\/\/www.independent.co.uk\/news\/paedophilia-sexual-orientation-straight-gay-criminal-psychologist-child-sex-abuse-a6965956.html\" rel=\"nofollow\">posun<\/a>\u00a0ve\u0159ejn\u00e9ho i odborn\u00e9ho m\u00edn\u011bn\u00ed ve vztahu k pedofil\u016fm je z\u0159ejm\u00fd.<\/p>\n<p>Trochu jin\u00e9ho druhu je posun skryt\u00fd za p\u00edsmenem \u201eA\u201c v LGBTQIA+. Tento segment populace toti\u017e nejsou jen asexu\u00e1lov\u00e9, ale nov\u011b i\u00a0<a href=\"https:\/\/outrightinternational.org\/content\/acronyms-explained\" rel=\"nofollow\">allies<\/a>\u00a0(spojenci). Spojencem LGBT m\u016f\u017ee b\u00fdt ka\u017ed\u00fd z n\u00e1s, sta\u010d\u00ed si to uv\u011bdomit a zaujmout pat\u0159i\u010dn\u00fd\u00a0<a href=\"https:\/\/www.ucl.ac.uk\/students\/news\/2020\/dec\/7-ways-you-can-be-better-lgbtq-ally\" rel=\"nofollow\">postoj<\/a>.<\/p>\n<p>\u010c\u00edm m\u016f\u017ee b\u00fdt zp\u016fsobena tato expanze sm\u011brem k dal\u0161\u00edm a dal\u0161\u00edm men\u0161in\u00e1m na jedn\u00e9 stran\u011b a sm\u011brem k v\u011bt\u0161inov\u00e9, tzv. cis-gender spole\u010dnosti na stran\u011b druh\u00e9? Nejsem si v\u011bdom, \u017ee by k podobn\u00e9 \u201einflaci\u201c br\u00e1n\u011bn\u00fdch skupin u n\u011bjak\u00e9ho jin\u00e9ho aktivismu doch\u00e1zelo. Nep\u0159i\u0161lo by v\u00e1m divn\u00e9, kdyby t\u0159eba takov\u00fd\u00a0<a href=\"https:\/\/www.snncr.cz\/O-SVAZU\" rel=\"nofollow\">Svaz nesly\u0161\u00edc\u00edch a nedosl\u00fdchav\u00fdch<\/a>\u00a0za\u010dal najednou zahrnovat pod sv\u00e1 k\u0159\u00eddla i nevidom\u00e9, anorekti\u010dky a nijak nehendikepovan\u00e9 sympatizanty z v\u011bt\u0161inov\u00e9 spole\u010dnosti? A za\u010dal by se vyjad\u0159ovat jejich jm\u00e9nem?<\/p>\n<h3><strong>Pro\u010d LGBT aktivist\u00e9 tak usilovn\u011b bojuj\u00ed za virtu\u00e1ln\u00ed pr\u00e1va, kter\u00fdch pak skoro nikdo nevyu\u017e\u00edv\u00e1?<\/strong><\/h3>\n<p>Zat\u0159et\u00ed je o\u010dividn\u00e9, \u017ee v\u011bt\u0161ina toho aktivismu je vlastn\u011b boj za pochybn\u00e9 kauzy a do velk\u00e9 m\u00edry vyfabulovan\u00e9 pot\u0159eby. Od r.2018, kdy N\u011bmecko uz\u00e1konilo mo\u017enost m\u00edt v dokladech t\u0159et\u00ed pohlav\u00ed, toho vyu\u017eilo pouze\u00a0<a href=\"https:\/\/www.novinky.cz\/zahranicni\/evropa\/clanek\/zakon-o-pohlavi-za-dva-roky-vyuzilo-pouhych-1600-nemcu-40365799\" rel=\"nofollow\">1585<\/a>\u00a0lid\u00ed, tj. zanedbateln\u00fdch 0,0019% populace. A z toho je\u0161t\u011b n\u011bjak\u00e1 \u010d\u00e1st \u010dist\u011b z recese. Obdobn\u011b za 14 let, kdy je mo\u017eno v \u010cesku uzav\u0159\u00edt registrovan\u00e9 partnerstv\u00ed, tak u\u010dinilo pouze\u00a0<a href=\"https:\/\/www.soc.cas.cz\/aktualita\/zname-nezname-registrovane-partnerstvi-statistiky-rp-v-cesku-po-14-letech\" rel=\"nofollow\">3625<\/a>\u00a0p\u00e1r\u016f. Za rok to d\u011bl\u00e1 v pr\u016fm\u011bru pouh\u00fdch 260 partnerstv\u00ed, zat\u00edmco man\u017eelstv\u00ed se ka\u017edoro\u010dn\u011b uzav\u00edr\u00e1 n\u011bco okolo\u00a0<a href=\"https:\/\/www.ceskenoviny.cz\/zpravy\/v-cr-klesl-pocet-svateb-mezirocne-o-petinu-vliv-mela-epidemie\/1970987\" rel=\"nofollow\">50 tis\u00edc<\/a>. Pokud by gayov\u00e9 a lesby uzav\u00edraly partnersk\u00e9 svazky aspo\u0148 stejn\u011b nad\u0161en\u011b, jako jejich heterosexu\u00e1ln\u00ed prot\u011bj\u0161ky (kter\u00e9 se do toho tak\u00e9 nijak nehrnou), muselo by se registrovan\u00fdch partnerstv\u00ed \u2014 p\u0159i incidenci homosexuality 4% \u2014 uzav\u0159\u00edt asi 2 tis\u00edce ro\u010dn\u011b. Pr\u016fm\u011brn\u00fd gay tedy vstupuje do partnersk\u00e9ho svazku tak\u0159ka 8x m\u00e9n\u011b ochotn\u011b ne\u017e pr\u016fm\u011brn\u00fd heterosexu\u00e1l.<\/p>\n<p>Nemysl\u00edm si, \u017ee tak velk\u00fd rozd\u00edl by byl vysv\u011btliteln\u00fd t\u00edm, \u017ee gayov\u00e9 o registrovan\u00e9 partnerstv\u00ed nestoj\u00ed, proto\u017ee toto partnerstv\u00ed nen\u00ed man\u017eelstv\u00ed rovnocenn\u00e9 (a \u017ee by se to zm\u011bnilo, kdyby mohli uzav\u00edrat opravdov\u00e9 man\u017eelstv\u00ed). Ostatn\u011b lze se snadno p\u0159esv\u011bd\u010dit, \u017ee existuj\u00ed i gayov\u00e9 pova\u017euj\u00edc\u00ed stejnopohlavn\u00ed man\u017eelstv\u00ed za nesmysl (<a href=\"https:\/\/www.bbc.com\/news\/magazine-22758434\" rel=\"nofollow\">zde<\/a>\u00a0\u010di\u00a0<a href=\"https:\/\/theconversation.com\/gay-rebels-why-some-older-homosexual-men-dont-support-same-sex-marriage-86205\" rel=\"nofollow\">zde<\/a>), po kter\u00e9m nijak netou\u017e\u00ed. A stejn\u011b tak existuj\u00ed gayov\u00e9\u00a0<a href=\"https:\/\/www.quora.com\/What-do-you-think-of-gay-pride-parades\" rel=\"nofollow\">pova\u017euj\u00edc\u00ed<\/a>\u00a0pochody Pride za ul\u00edtl\u00e9, vnucen\u00e9 jim aktivisty a ve fin\u00e1le toleranci ze strany v\u011bt\u0161inov\u00e9 spole\u010dnosti nijak nepom\u00e1haj\u00edc\u00ed (je ale obt\u00ed\u017en\u00e9 zjistit, kolik takov\u00fdch s LGBT aktivisty nesouzn\u00edc\u00edch gay\u016f je; j\u00e1 jsem osobn\u011b poznal minim\u00e1ln\u011b dva). Tak\u00e9 halasn\u011b medializovan\u00e1 adopce d\u011bt\u00ed homosexu\u00e1ly vypad\u00e1 \u2014 posuzov\u00e1na optikou spole\u010densk\u00e9 nal\u00e9havosti \u2014 dost podez\u0159ele. Sta\u010d\u00ed si uv\u011bdomit, \u017ee pr\u00e1vn\u011b osvojiteln\u00fdch d\u011bt\u00ed je v \u010cR tak m\u00e1lo a bezd\u011btn\u00fdch rodi\u010d\u016f tou\u017e\u00edc\u00edch po adopci tak mnoho, \u017ee i v sou\u010dasnosti se na adopci \u010dek\u00e1 t\u0159eba\u00a0<a href=\"https:\/\/archiv.ihned.cz\/c1-65704720-pary-cekaji-roky-osvojitelnych-deti-je-stale-mene\" rel=\"nofollow\">\u0159adu let<\/a>. Kde tedy ty d\u011bti pro dychtiv\u00e9 homosexu\u00e1ln\u00ed p\u00e1ry budeme br\u00e1t? V USA situace s adopc\u00ed, zd\u00e1 se, vypad\u00e1\u00a0<a href=\"https:\/\/www.adoptionmakesfamily.org\/blog\/same-sex-adoption-statistics\/\" rel=\"nofollow\">jinak<\/a>, ale my nejsme USA.<\/p>\n<p>Mal\u00e1 odbo\u010dka. Rozhodn\u011b nechci nijak zleh\u010dovat situaci homosexu\u00e1l\u016f, kte\u0159\u00ed ji\u017e n\u011bjak\u00e9 d\u00edt\u011b maj\u00ed a vychov\u00e1vaj\u00ed ho od mali\u010dka ve stabiln\u00edm svazku (a kte\u0159\u00ed ve vztahu k n\u011bmu cht\u011bj\u00ed m\u00edt stejn\u00e1 pr\u00e1va, jako hetero rodi\u010de). Ani situaci homosexu\u00e1l\u016f, kte\u0159\u00ed cht\u011bj\u00ed do p\u00e9\u010de osi\u0159el\u00e9 d\u00edt\u011b bl\u00edzk\u00fdch p\u0159\u00edbuzn\u00fdch. Oba tyto p\u0159\u00edpady ze sv\u00e9ho okol\u00ed zn\u00e1m. Jen m\u00e1m pocit, \u017ee oba tyto p\u0159\u00edpady lze \u0159e\u0161it i jinak, drobn\u011bj\u0161\u00edmi pr\u00e1vn\u00edmi \u00fapravami, ne\u017e tlakem na pau\u0161\u00e1ln\u00ed pr\u00e1vo sexu\u00e1ln\u00edch men\u0161in na adopci halasn\u011b vytrubovan\u00e9m t\u0159eba na Prague pride.<\/p>\n<h3><strong>Pro\u010d LGBT aktivismus tak vy\u010dn\u00edv\u00e1 nade v\u0161echny ostatn\u00ed hnut\u00ed, h\u00e1j\u00edc\u00edm z\u00e1jmy n\u011bjak znev\u00fdhodn\u011bn\u00fdch nebo posti\u017een\u00fdch lid\u00ed?<\/strong><\/h3>\n<p>Za\u010dtvrt\u00e9 se nab\u00edz\u00ed ot\u00e1zka, pro\u010d se ze v\u0161ech mo\u017en\u00fdch znev\u00fdhodn\u011bn\u00fdch men\u0161in tak intenzivn\u011b bojuje pouze za pr\u00e1va genderov\u00fdch men\u0161in a men\u0161in dan\u00fdch sexu\u00e1ln\u00ed orientac\u00ed. Pro\u010d tu nem\u00e1me pochody siln\u011b nedosl\u00fdchav\u00fdch lid\u00ed, kter\u00fdch je nap\u0159. v USA\u00a0<a href=\"https:\/\/infoguides.rit.edu\/c.php?g=380750&amp;p=2706325\" rel=\"nofollow\">3,6%<\/a>? Pro\u010d se v Anglii nebij\u00ed korporace proti znev\u00fdhodn\u011bn\u00ed lid\u00ed s poruchami vid\u011bn\u00ed, jejich\u017e po\u010det se odhaduje na\u00a0<a href=\"https:\/\/www.nhs.uk\/conditions\/vision-loss\/\" rel=\"nofollow\">2 miliony<\/a>\u00a0(3%)? Pro\u010d se nenasv\u011bcuj\u00ed stadiony ve jm\u00e9nu diskriminace kognitivn\u011b zaostal\u00fdch (lid\u00ed s n\u00edzk\u00fdm IQ), kdy\u017e n\u00edzk\u00e9 IQ m\u00e1 ze v\u0161ech osobnostn\u00edch charakteristik prokazateln\u011b nejv\u011bt\u0161\u00ed vliv na to, \u017ee lid\u00e9 upad\u00e1vaj\u00ed do dluh\u016f, \u0161patn\u011b sh\u00e1n\u011bj\u00ed pr\u00e1ci, kon\u010d\u00ed ve v\u011bzen\u00ed nebo maj\u00ed neman\u017eelsk\u00e9 d\u011bti? Pro\u010d nest\u00e1vkuj\u00ed barvoslep\u00ed (9% mu\u017e\u016f a 0,4% \u017een) za zm\u011bnu semafor\u016f, kter\u00e9 je neoddiskutovateln\u011b diskriminuj\u00ed, a pro\u010d se\u00a0<a href=\"https:\/\/www.euronews.com\/2021\/06\/23\/hungary-s-anti-lgbt-law-is-a-shame-says-ursula-von-der-leyen\" rel=\"nofollow\">Ursula von der Leyen<\/a>\u00a0za jejich \u00fatisk v\u00e1\u0161niv\u011b nebije?<\/p>\n<h3><strong>Jak je mo\u017en\u00e9, \u017ee<\/strong>\u00a0<strong>LGBT aktivismus u\u017e prokazateln\u011b za\u010d\u00edn\u00e1 \u0161kodit gay\u016fm a \u017een\u00e1m?<\/strong><\/h3>\n<p>Zap\u00e1t\u00e9 stoj\u00ed za pov\u0161imnut\u00ed, \u017ee LGBT hnut\u00ed se tak radikalizuje, \u017ee u\u017e za\u010d\u00edn\u00e1 po\u017e\u00edrat sv\u00e9 d\u011bti. V knize\u00a0<a href=\"https:\/\/www.amazon.com\/End-Gender-Debunking-Identity-Society\/dp\/1982132515\" rel=\"nofollow\">The End of Gender<\/a>\u00a0jsou citov\u00e1ny postar\u0161\u00ed gayov\u00e9, kte\u0159\u00ed pova\u017euj\u00ed za \u0161t\u011bst\u00ed, \u017ee se narodili o generaci d\u0159\u00edve, kdy se je\u0161t\u011b netvrdilo, \u017ee gender je spektrum a kdy mohli v poklidu b\u00fdt \u201epouh\u00fdmi\u201c homosexu\u00e1ly. V\u00fdzkumy toti\u017e za\u010d\u00ednaj\u00ed ukazovat, \u017ee mnoho genderov\u011b nekonformn\u00edch lid\u00ed \u2014 kte\u0159\u00ed si v pubert\u011b mysl\u00ed, \u017ee jsou trans, fluidn\u00ed nebo nebin\u00e1rn\u00ed \u2014 se pozd\u011bji vyprofiluje jako gayov\u00e9. Jen tohle nelehk\u00e9 uv\u011bdom\u011bn\u00ed n\u011bjakou dobu pot\u0159ebuje zr\u00e1t. Usp\u011bchan\u00e1 hormon\u00e1ln\u00ed terapie nebo nedejbo\u017ee operace t\u011bmhle budouc\u00edm gay\u016fm ve skute\u010dnosti p\u0159ivod\u00ed v\u00edc probl\u00e9m\u016f, ne\u017e kdyby prost\u011b bez z\u00e1sah\u016f pro\u0161li pubertou.<\/p>\n<p>Dal\u0161\u00edm absurdn\u00edm d\u016fsledkem LGBT aktivismu je n\u00e1sleduj\u00edc\u00ed paradox. Z\u00e1v\u011br, \u017ee gender je soci\u00e1ln\u00ed konstrukt, vlastn\u011b vymaz\u00e1v\u00e1 roky pracn\u011b budovan\u00e9 p\u0159esv\u011bd\u010den\u00ed, \u017ee homosexualita nen\u00ed dobrovolnou volbou. Pokud se ka\u017ed\u00fd m\u016f\u017ee lehce rozhodnout pro libovoln\u00fd gender, pro\u010d by se gayov\u00e9 nemohli rozhodnout, \u017ee budou hetero?<\/p>\n<p>A kone\u010dn\u011b LGBT zcela o\u010dividn\u011b za\u010d\u00edn\u00e1 utiskovat \u017eeny, kter\u00e9 se na unisex toalet\u00e1ch nec\u00edt\u00ed bezpe\u010dn\u011b, kter\u00e9 necht\u011bj\u00ed sd\u00edlet \u017eensk\u00e9 v\u011bznice s mu\u017esk\u00fdmi n\u00e1siln\u00edky prohla\u0161uj\u00edc\u00edmi se za trans \u017eeny, a jejich\u017e sportovn\u00ed ambice spolehliv\u011b likviduj\u00ed trans sportovkyn\u011b.<\/p>\n<h2>Z\u00e1v\u011br<\/h2>\n<p>To, za co LGBT aktivist\u00e9 p\u0159i povrchn\u00edm pozorov\u00e1n\u00ed bojuj\u00ed, ned\u00e1v\u00e1, kdy\u017e se zamysl\u00edme nad detaily, p\u0159\u00edli\u0161 smysl. O co tedy LGBT aktivismu\u00a0<em>ve skute\u010dnosti<\/em>\u00a0jde? To je slo\u017eit\u00e1 ot\u00e1zka a jak\u00e1koliv odpov\u011b\u010f na ni bude z\u00e1konit\u011b spekulativn\u00ed. P\u0159esto m\u00e1m v pl\u00e1nu se takovou odpov\u011b\u010f pokusit zformulovat. Ale a\u017e n\u011bkdy p\u0159\u00ed\u0161t\u011b. Pokud v\u00e1s to zaj\u00edm\u00e1, z\u016fsta\u0148te na p\u0159\u00edjmu ;-).<\/p>\n<p><a href=\"https:\/\/cabelka.blog.idnes.cz\/blog.aspx?c=773796\">\u0160t\u011bp\u00e1n \u010c\u00e1belka<\/a><\/p>\n<p>&nbsp;<\/p>\n","protected":false},"excerpt":{"rendered":"<p>Kdy\u017e se \u010dlov\u011bk d\u016fkladn\u011b zamysl\u00ed nad LGBT aktivisismem, leccos mu hlava nebere. \u010cemu a komu&#8230;<\/p>\n","protected":false},"author":2,"featured_media":1193,"comment_status":"closed","ping_status":"closed","sticky":false,"template":"","format":"standard","meta":[],"categories":[6],"tags":[206,29,71],"_links":{"self":[{"href":"https:\/\/www.infokuryr.cz\/n\/wp-json\/wp\/v2\/posts\/4017"}],"collection":[{"href":"https:\/\/www.infokuryr.cz\/n\/wp-json\/wp\/v2\/posts"}],"about":[{"href":"https:\/\/www.infokuryr.cz\/n\/wp-json\/wp\/v2\/types\/post"}],"author":[{"embeddable":true,"href":"https:\/\/www.infokuryr.cz\/n\/wp-json\/wp\/v2\/users\/2"}],"replies":[{"embeddable":true,"href":"https:\/\/www.infokuryr.cz\/n\/wp-json\/wp\/v2\/comments?post=4017"}],"version-history":[{"count":0,"href":"https:\/\/www.infokuryr.cz\/n\/wp-json\/wp\/v2\/posts\/4017\/revisions"}],"wp:featuredmedia":[{"embeddable":true,"href":"https:\/\/www.infokuryr.cz\/n\/wp-json\/wp\/v2\/media\/1193"}],"wp:attachment":[{"href":"https:\/\/www.infokuryr.cz\/n\/wp-json\/wp\/v2\/media?parent=4017"}],"wp:term":[{"taxonomy":"category","embeddable":true,"href":"https:\/\/www.infokuryr.cz\/n\/wp-json\/wp\/v2\/categories?post=4017"},{"taxonomy":"post_tag","embeddable":true,"href":"https:\/\/www.infokuryr.cz\/n\/wp-json\/wp\/v2\/tags?post=4017"}],"curies":[{"name":"wp","href":"https:\/\/api.w.org\/{rel}","templated":true}]}}