{"id":40161,"date":"2023-11-14T05:54:39","date_gmt":"2023-11-14T04:54:39","guid":{"rendered":"https:\/\/www.infokuryr.cz\/n\/?p=40161"},"modified":"2023-11-14T05:54:39","modified_gmt":"2023-11-14T04:54:39","slug":"postoj-usa-vuci-gaze-paralyzuje-radu-bezpecnosti-osn","status":"publish","type":"post","link":"https:\/\/www.infokuryr.cz\/n\/2023\/11\/14\/postoj-usa-vuci-gaze-paralyzuje-radu-bezpecnosti-osn\/","title":{"rendered":"Postoj USA v\u016f\u010di Gaze \u201eparalyzuje\u201c Radu bezpe\u010dnosti OSN"},"content":{"rendered":"<div id=\"fb-root\"><\/div>\n<p><span style=\"font-size: 18pt;\"><strong>Washington podle Moskvy ignoruje v\u00fdzvy k ukon\u010den\u00ed utrpen\u00ed Palestinc\u016f<\/strong><\/span><\/p>\n<p><span>Spojen\u00e9 st\u00e1ty pou\u017e\u00edvaj\u00ed sv\u00e9 pr\u00e1vo veta v Rad\u011b bezpe\u010dnosti OSN k sabot\u00e1\u017ei mezin\u00e1rodn\u00edho \u00fasil\u00ed o ukon\u010den\u00ed krveprolit\u00ed na Bl\u00edzk\u00e9m v\u00fdchod\u011b, a to i p\u0159es hrozn\u00e1 varov\u00e1n\u00ed vlastn\u00edch zam\u011bstnanc\u016f glob\u00e1ln\u00ed organizace o ohromuj\u00edc\u00edm po\u010dtu civiln\u00edch ob\u011bt\u00ed v p\u00e1smu Gazy, uvedlo rusk\u00e9 ministerstvo zahrani\u010d\u00ed. v Pond\u011bl\u00ed.<\/span><\/p>\n<p><em><span>\u201eV\u0161ichni z\u00e1stupci OSN spole\u010dn\u011b volali po \u201aokam\u017eit\u00e9m humanit\u00e1rn\u00edm p\u0159\u00edm\u011b\u0159\u00ed\u2018, kter\u00e9 by ukon\u010dilo tento nelidsk\u00fd kolektivn\u00ed trest, utrpen\u00ed d\u011bt\u00ed, \u017een a star\u00fdch lid\u00ed,\u201c uvedlo ministerstvo zahrani\u010d\u00ed v prohl\u00e1\u0161en\u00ed na sv\u00fdch webov\u00fdch str\u00e1nk\u00e1ch<\/span><\/em><span>\u00a0.\u00a0<\/span><\/p>\n<p><em><span>&#8222;Rada bezpe\u010dnosti v\u0161ak nem\u016f\u017ee vykon\u00e1vat sv\u016fj p\u0159\u00edm\u00fd mand\u00e1t a z\u016fst\u00e1v\u00e1 paralyzov\u00e1na d\u00edky postaven\u00ed jedin\u00e9 zem\u011b &#8211; USA.&#8220;<\/span><\/em><\/p>\n<p><span>Ministerstvo dodalo, \u017ee Izrael\u00a0<\/span><em><span>\u201epln\u011b nese\u201c<\/span><\/em><span>\u00a0povinnost dodr\u017eovat mezin\u00e1rodn\u00ed pr\u00e1vo na palestinsk\u00fdch \u00fazem\u00edch, v\u010detn\u011b Gazy.\u00a0<\/span><\/p>\n<p><span>USA a jejich spojenci vetovali dv\u011b rezoluce sponzorovan\u00e9 Ruskem a jednu Brazilci po\u017eaduj\u00edc\u00ed p\u0159\u00edm\u011b\u0159\u00ed mezi Izraelem a palestinsk\u00fdmi militanty.\u00a0Rusko a \u010c\u00edna mezit\u00edm hlasovaly proti alternativn\u00ed rezoluci p\u0159edlo\u017een\u00e9 Washingtonem.\u00a0<\/span><\/p>\n<p><a href=\"https:\/\/stranapro.cz\/\"><img decoding=\"async\" loading=\"lazy\" class=\"wp-image-30218 aligncenter\" src=\"http:\/\/www.infokuryr.cz\/n\/wp-content\/uploads\/2023\/06\/PRO-banner-300x36.png\" alt=\"\" width=\"1375\" height=\"165\" srcset=\"https:\/\/www.infokuryr.cz\/n\/wp-content\/uploads\/2023\/06\/PRO-banner-300x36.png 300w, https:\/\/www.infokuryr.cz\/n\/wp-content\/uploads\/2023\/06\/PRO-banner-768x93.png 768w, https:\/\/www.infokuryr.cz\/n\/wp-content\/uploads\/2023\/06\/PRO-banner.png 849w\" sizes=\"(max-width: 1375px) 100vw, 1375px\" \/><\/a><\/p>\n<p><span>USA od t\u00e9 doby volaly po\u00a0<\/span><em><span>\u201ehumanit\u00e1rn\u00edch pauz\u00e1ch\u201c,<\/span><\/em><span>\u00a0ale tvrdily, \u017ee komplexn\u00ed p\u0159\u00edm\u011b\u0159\u00ed by v tuto chv\u00edli pomohlo pouze Hamasu, palestinsk\u00e9 militantn\u00ed skupin\u011b, kter\u00e1 za\u00fato\u010dila na Izrael 7. \u0159\u00edjna, zabila asi 1200 lid\u00ed, v\u011bt\u0161inou civilist\u016f, a vyvolala odvetn\u00e9 n\u00e1lety.\u00a0Izrael souhlasil se zachov\u00e1n\u00edm \u010dty\u0159hodinov\u00fdch denn\u00edch pauz, aby umo\u017enil civilist\u016fm \u00fat\u011bk do ji\u017en\u00ed \u010d\u00e1sti palestinsk\u00e9 enkl\u00e1vy, zat\u00edmco IDF nad\u00e1le obkli\u010duj\u00ed m\u011bsto Gaza.<\/span><\/p>\n<p><span>V\u00edce ne\u017e 11 000 Palestinc\u016f, v\u010detn\u011b mnoha \u017een a d\u011bt\u00ed, bylo od 7. \u0159\u00edjna zabito izraelsk\u00fdmi \u00fadery, podle \u00fa\u0159edn\u00edk\u016f v Gaze spravovan\u00e9 Hamasem.\u00a0Lidskopr\u00e1vn\u00ed organizace varuj\u00ed, \u017ee zoufalou situaci zhor\u0161uje nedostatek potravin, paliva a dal\u0161\u00edch z\u00e1kladn\u00edch z\u00e1sob.<\/span><\/p>\n<p><em><span>&#8222;Rozv\u00edjej\u00edc\u00ed se katastrofa v Gaze \u010din\u00ed pot\u0159ebu humanit\u00e1rn\u00edho p\u0159\u00edm\u011b\u0159\u00ed s ka\u017edou dal\u0161\u00ed hodinou nal\u00e9hav\u011bj\u0161\u00ed,&#8220;<\/span><\/em><span>\u00a0\u0159ekl minul\u00fd t\u00fdden gener\u00e1ln\u00ed tajemn\u00edk OSN Antonio Guterres a ozna\u010dil palestinskou enkl\u00e1vu za\u00a0<\/span><em><span>&#8222;h\u0159bitov pro d\u011bti&#8220;.\u00a0<\/span><\/em><\/p>\n<p><span>V ned\u011bli n\u011bkolik agentur OSN vydalo spole\u010dn\u00e9 prohl\u00e1\u0161en\u00ed, v n\u011bm\u017e obnovuje \u017e\u00e1dost o urychlen\u00e9 ukon\u010den\u00ed nep\u0159\u00e1telsk\u00fdch akc\u00ed.\u00a0<\/span><em><span>\u201eNyn\u00ed je zapot\u0159eb\u00ed rozhodn\u00e9 mezin\u00e1rodn\u00ed akce, abychom zajistili okam\u017eit\u00e9 humanit\u00e1rn\u00ed p\u0159\u00edm\u011b\u0159\u00ed a zabr\u00e1nili dal\u0161\u00edm ztr\u00e1t\u00e1m na \u017eivotech a zachovali to, co zbylo ze syst\u00e9mu zdravotn\u00ed p\u00e9\u010de v Gaze,\u201c napsali.<\/span><\/em><\/p>\n<p><img decoding=\"async\" loading=\"lazy\" class=\"alignnone size-full wp-image-1185\" src=\"http:\/\/www.infokuryr.cz\/n\/wp-content\/uploads\/2021\/04\/kuryr-podpis.png\" alt=\"\" width=\"84\" height=\"24\" \/><\/p>\n<p>&nbsp;<\/p>\n<p>&nbsp;<\/p>\n","protected":false},"excerpt":{"rendered":"<p>Washington podle Moskvy ignoruje v\u00fdzvy k ukon\u010den\u00ed utrpen\u00ed Palestinc\u016f Spojen\u00e9 st\u00e1ty pou\u017e\u00edvaj\u00ed sv\u00e9 pr\u00e1vo veta&#8230;<\/p>\n","protected":false},"author":2,"featured_media":5062,"comment_status":"closed","ping_status":"closed","sticky":false,"template":"","format":"standard","meta":[],"categories":[7],"tags":[348,186,313,1408,37],"_links":{"self":[{"href":"https:\/\/www.infokuryr.cz\/n\/wp-json\/wp\/v2\/posts\/40161"}],"collection":[{"href":"https:\/\/www.infokuryr.cz\/n\/wp-json\/wp\/v2\/posts"}],"about":[{"href":"https:\/\/www.infokuryr.cz\/n\/wp-json\/wp\/v2\/types\/post"}],"author":[{"embeddable":true,"href":"https:\/\/www.infokuryr.cz\/n\/wp-json\/wp\/v2\/users\/2"}],"replies":[{"embeddable":true,"href":"https:\/\/www.infokuryr.cz\/n\/wp-json\/wp\/v2\/comments?post=40161"}],"version-history":[{"count":0,"href":"https:\/\/www.infokuryr.cz\/n\/wp-json\/wp\/v2\/posts\/40161\/revisions"}],"wp:featuredmedia":[{"embeddable":true,"href":"https:\/\/www.infokuryr.cz\/n\/wp-json\/wp\/v2\/media\/5062"}],"wp:attachment":[{"href":"https:\/\/www.infokuryr.cz\/n\/wp-json\/wp\/v2\/media?parent=40161"}],"wp:term":[{"taxonomy":"category","embeddable":true,"href":"https:\/\/www.infokuryr.cz\/n\/wp-json\/wp\/v2\/categories?post=40161"},{"taxonomy":"post_tag","embeddable":true,"href":"https:\/\/www.infokuryr.cz\/n\/wp-json\/wp\/v2\/tags?post=40161"}],"curies":[{"name":"wp","href":"https:\/\/api.w.org\/{rel}","templated":true}]}}