{"id":40160,"date":"2023-11-14T05:50:26","date_gmt":"2023-11-14T04:50:26","guid":{"rendered":"https:\/\/www.infokuryr.cz\/n\/?p=40160"},"modified":"2023-11-14T05:50:26","modified_gmt":"2023-11-14T04:50:26","slug":"kral-karel-iii-ohlasil-uplny-zakaz-tabaku-ve-velke-britanii-je-to-proto-ze-nikotin-chrani-pred-covidem","status":"publish","type":"post","link":"https:\/\/www.infokuryr.cz\/n\/2023\/11\/14\/kral-karel-iii-ohlasil-uplny-zakaz-tabaku-ve-velke-britanii-je-to-proto-ze-nikotin-chrani-pred-covidem\/","title":{"rendered":"Kr\u00e1l Karel III. ohl\u00e1sil \u00fapln\u00fd z\u00e1kaz tab\u00e1ku ve Velk\u00e9 Brit\u00e1nii. Je to proto, \u017ee nikotin chr\u00e1n\u00ed p\u0159ed covidem?"},"content":{"rendered":"<div id=\"fb-root\"><\/div>\n<p><span>P\u0159i slavnostn\u00edm otev\u0159en\u00ed britsk\u00e9ho parlamentu tento t\u00fdden kr\u00e1l Karel III.\u00a0\u0161okoval n\u00e1rod pl\u00e1nem zcela zak\u00e1zat kou\u0159en\u00ed v cel\u00e9 Velk\u00e9 Brit\u00e1nii.<\/span><\/p>\n<p><span>Kr\u00e1l Charles ve sv\u00e9 \u0159e\u010di k parlamentu, kterou ceremoni\u00e1ln\u011b za\u010d\u00edn\u00e1 nov\u00fd legislativn\u00ed rok, prozradil, \u017ee premi\u00e9r Rishi Sunak provede historick\u00fd z\u00e1sah proti cigaret\u00e1m a kou\u0159en\u00ed tab\u00e1ku.<\/span><\/p>\n<p><span>Prvn\u00ed f\u00e1ze m\u00e1 zahrnovat p\u0159ijet\u00ed legislativy ke zv\u00fd\u0161en\u00ed z\u00e1konn\u00e9ho v\u011bku pro koupi cigaret.\u00a0V ka\u017ed\u00e9m n\u00e1sleduj\u00edc\u00edm roce se bude z\u00e1konn\u00fd v\u011bk postupn\u011b zvy\u0161ovat, a\u017e nakonec ve Velk\u00e9 Brit\u00e1nii nez\u016fstanou \u017e\u00e1dn\u00ed ku\u0159\u00e1ci.<\/span><\/p>\n<p><em><span>\\&#8220;Mus\u00edme \u0159e\u0161it tu nejv\u011bt\u0161\u00ed p\u0159\u00ed\u010dinu \u0161patn\u00e9ho zdrav\u00ed, invalidity a smrti, kter\u00e9 lze zcela p\u0159edch\u00e1zet,\\&#8220;<\/span><\/em><span>\u00a0uvedl premi\u00e9r Sunak v protitab\u00e1kov\u00e9 zpr\u00e1v\u011b pro n\u00e1rod.<\/span><\/p>\n<p><em><span>\u201eA tou p\u0159\u00ed\u010dinou je tab\u00e1k.\u00a0Kou\u0159en\u00ed zp\u016fsobuje jedno ze \u010dty\u0159 \u00famrt\u00ed na rakovinu<\/span><\/em><span>\u00a0,\u201c d\u00e1le prohl\u00e1sil.<\/span><\/p>\n<p><span>Pokud se pl\u00e1n za\u010dne napl\u0148ovat tak, jak je zam\u00fd\u0161leno, 14let\u00e9mu \u010dlov\u011bku, kter\u00fd dnes \u017eije ve Velk\u00e9 Brit\u00e1nii, nebude nikdy b\u011bhem jeho \u017eivota, ani v dosp\u011blosti, leg\u00e1ln\u011b prod\u00e1na \u017e\u00e1dn\u00e1 cigareta.<\/span><\/p>\n<p><span>(Souvisej\u00edc\u00ed: V\u00fdzkum Texask\u00e9 univerzity A&amp;M\u00a0<\/span><a href=\"https:\/\/www.naturalnews.com\/055531_nicotine_brain_health_dementia.html\" target=\"_blank\" rel=\"noopener\"><span>zjistil<\/span><\/a><span>\u00a0, \u017ee nikotin m\u016f\u017ee pomoci chr\u00e1nit st\u00e1rnouc\u00ed mozky p\u0159ed Parkinsonovou a Alzheimerovou chorobou.)<\/span><\/p>\n<h2><span>Je nikotin jen \u0161patn\u00fd?<\/span><\/h2>\n<p><span>Nikotin m\u016f\u017ee b\u00fdt skute\u010dn\u011b prosp\u011b\u0161n\u00fd p\u0159i ochran\u011b p\u0159ed cytokinov\u00fdmi bou\u0159emi p\u0159i siln\u00fdch infekc\u00edch.<\/span><\/p>\n<p><span>Prvn\u00ed z pr\u00e1vn\u00edch p\u0159edpis\u016f o z\u00e1kazu kou\u0159en\u00ed m\u00e1 podl\u00e9hat \u201esvobodn\u00e9mu hlasov\u00e1n\u00ed\u201c, co\u017e znamen\u00e1, \u017ee poslanc\u016fm britsk\u00e9ho parlamentu ne\u0159eknou jejich mate\u0159sk\u00e9 strany, jak maj\u00ed hlasovat.<\/span><\/p>\n<p><span>Labouristick\u00e1 strana v\u0161ak potvrdila, \u017ee m\u00e1\u00a0v \u00famyslu hlasovat spolu s konzervativn\u00ed vl\u00e1dou pro schv\u00e1len\u00ed z\u00e1kona, co\u017e znamen\u00e1, \u017ee se \u201eo\u010dek\u00e1v\u00e1, \u017ee z\u00e1kon bez probl\u00e9m\u016f projde,\u201c cituje den\u00edk The\u00a0<\/span><em><span>Sun.<\/span><\/em><\/p>\n<p><em><span>\u201eLid\u00e9 si zapaluj\u00ed prvn\u00ed cigarety, kdy\u017e jsou mlad\u00ed,\u201c<\/span><\/em><span>\u00a0tvrd\u00ed Sunak.\u00a0<\/span><em><span>\u201e\u010cty\u0159i z p\u011bti ku\u0159\u00e1k\u016f za\u010dali ve v\u011bku do 20 let.\u00a0Pozd\u011bji se drtiv\u00e1 v\u011bt\u0161ina z nich pokou\u0161\u00ed p\u0159estat.\u201c<\/span><\/em><\/p>\n<p><em><span>\u201eMnoz\u00ed v\u0161ak selh\u00e1vaj\u00ed, proto\u017ee jsou z\u00e1visl\u00ed a v prvn\u00ed \u0159ad\u011b si p\u0159ej\u00ed, aby si tento zlozvyk nebyli nikdy osvojili.\u00a0Pokud bychom dok\u00e1zali prolomit tento cyklus, pokud bychom dok\u00e1zali zastavit za\u010d\u00e1tek, pak bychom se dostali na cestu k ukon\u010den\u00ed nejv\u011bt\u0161\u00ed p\u0159\u00ed\u010diny \u00famrt\u00ed a nemoc\u00ed v na\u0161\u00ed zemi, kter\u00fdm lze p\u0159edch\u00e1zet.\u201c<\/span><\/em><\/p>\n<p><a href=\"https:\/\/stranapro.cz\/\"><img decoding=\"async\" loading=\"lazy\" class=\"wp-image-30218 aligncenter\" src=\"http:\/\/www.infokuryr.cz\/n\/wp-content\/uploads\/2023\/06\/PRO-banner-300x36.png\" alt=\"\" width=\"1367\" height=\"164\" srcset=\"https:\/\/www.infokuryr.cz\/n\/wp-content\/uploads\/2023\/06\/PRO-banner-300x36.png 300w, https:\/\/www.infokuryr.cz\/n\/wp-content\/uploads\/2023\/06\/PRO-banner-768x93.png 768w, https:\/\/www.infokuryr.cz\/n\/wp-content\/uploads\/2023\/06\/PRO-banner.png 849w\" sizes=\"(max-width: 1367px) 100vw, 1367px\" \/><\/a><\/p>\n<p><span>Spolu s mnoha dal\u0161\u00edmi v\u011bcmi na sv\u011btov\u00e9 sc\u00e9n\u011b, kter\u00e9 maj\u00ed v sou\u010dasn\u00e9 dob\u011b dos\u00e1hnout sv\u00e9ho konce, m\u00e1 Anglie v \u00famyslu st\u00e1t se zcela bez kou\u0159en\u00ed do roku 2030. To znamen\u00e1, \u017ee cigarety bude u\u017e\u00edvat m\u00e9n\u011b ne\u017e p\u011bt procent spole\u010dnosti.<\/span><\/p>\n<h2><span>Pro\u010d ten urputn\u00fd boj proti tab\u00e1ku?<\/span><\/h2>\n<p><span>V pr\u016fb\u011bhu let se hodn\u011b spekulovalo o tom, pro\u010d vl\u00e1dy sv\u011bta cht\u011bj\u00ed, aby lid\u00e9 p\u0159estali kou\u0159it.<\/span><\/p>\n<p><span>Nem\u016f\u017ee j\u00edt o ve\u0159ejn\u00e9 zdrav\u00ed, jinak by zak\u00e1zaly jin\u00e9 v\u011bci, jako jsou geneticky modifikovan\u00e9 organismy (GMO), vakc\u00edny, fluoridovan\u00e1 voda,\u00a0<\/span><a href=\"https:\/\/www.badatel.net\/obyvatelia-new-yorku-su-v-panike-po-tom-co-sa-pred-ich-domami-zacali-objavovat-5g-veze\/\"><span>5G z\u00e1\u0159en\u00ed<\/span><\/a><span>\u00a0a mnoho, mnoho dal\u0161\u00edch v\u011bc\u00ed, kter\u00e9 jsou mnohem nebezpe\u010dn\u011bj\u0161\u00ed ne\u017e tab\u00e1kov\u00e1 rostlina.<\/span><\/p>\n<p><span>Pro n\u011bkter\u00e9 to m\u016f\u017ee b\u00fdt \u0161ok, ale existuj\u00ed tak\u00e9 ur\u010dit\u00e9 l\u00e9\u010div\u00e9 \u00fa\u010dinky tab\u00e1ku a jeho nikotinov\u00fdch slo\u017eek.\u00a0Nap\u0159\u00edklad nikotin tlum\u00ed cytokinov\u00e9 bou\u0159e zn\u00e1m\u00e9 tak\u00e9 jako hypercytokinemie \u2013 to je nadm\u011brn\u011b reaktivn\u00ed imunitn\u00ed odpov\u011b\u010f, kter\u00e1 uvol\u0148uje p\u0159\u00edli\u0161 mnoho proz\u00e1n\u011btliv\u00fdch sign\u00e1ln\u00edch molekul, co\u017e n\u011bkdy vede ke smrti.<\/span><\/p>\n<p><span>Ot\u00e1zka tab\u00e1kov\u00fdch a cytokinov\u00fdch bou\u0159\u00ed se objevila v\u00edce ne\u017e jednou b\u011bhem \u201epandemie\u201c Covidu-19, kdy bylo zji\u0161t\u011bno, \u017ee nikotin ve skute\u010dnosti poskytuje plic\u00edm ochranu v dob\u011b, kdy \u010del\u00ed z\u00e1va\u017en\u00fdm respira\u010dn\u00edm infekc\u00edm.<\/span><\/p>\n<p><em><span>\u201eStatistick\u00e9 pr\u016fzkumy pacient\u016f s onemocn\u011bn\u00edm Covid-19 nazna\u010duj\u00ed, proti v\u0161\u00ed b\u011b\u017en\u00e9 logice, \u017ee lid\u00e9, kte\u0159\u00ed kou\u0159\u00ed, jsou m\u00e9n\u011b n\u00e1chyln\u00ed k infekci a vykazuj\u00ed m\u00e9n\u011b z\u00e1va\u017en\u00e9 respira\u010dn\u00ed symptomy ne\u017e neku\u0159\u00e1ci,\u201c uv\u00e1d\u00ed se v abstraktu jedn\u00e9 studie publikovan\u00e9 v medic\u00ednsk\u00e9m \u010dasopise Immunology<\/span><\/em><span>\u00a0Letters Elsevier).<\/span><\/p>\n<p><em><span>\u201eTo nazna\u010duje, \u017ee nikotin m\u016f\u017ee m\u00edt ur\u010dit\u00fd preventivn\u00ed nebo modula\u010dn\u00ed \u00fa\u010dinek na z\u00e1n\u011btlivou odpov\u011b\u010f v plic\u00edch.<\/span><\/em><\/p>\n<p><em><span>Jeliko\u017e je zn\u00e1mo, \u017ee odpov\u011b\u010f na infekci virem SARS-CoV-2 a jej\u00ed vymizen\u00ed z\u00e1vis\u00ed hlavn\u011b na plicn\u00edch makrof\u00e1gech, diskutuje se o ned\u00e1vn\u00fdch v\u011bdeck\u00fdch zji\u0161t\u011bn\u00edch, kter\u00e9 by mohly vysv\u011btlit, pro\u010d a jak dok\u00e1\u017ee nikotin modulovat odpov\u011b\u010f plicn\u00edch makrof\u00e1g\u016f b\u011bhem infekce Covidu-19. \u201c<\/span><\/em><\/p>\n<h2><span>Z\u00e1v\u011br<\/span><\/h2>\n<p><span>Kdy\u017e v\u00e1m Velk\u00fd bratr \u2013 nebo v tomto p\u0159\u00edpad\u011b Britsk\u00e1 kr\u00e1lovsk\u00e1 rodina \u2013 \u0159ekne, \u017ee v z\u00e1jmu ochrany ve\u0159ejn\u00e9ho zdrav\u00ed je t\u0159eba n\u011bco zak\u00e1zat, pravd\u011bpodobn\u011b v\u00e1s klamou.<\/span><\/p>\n<p><span>V\u00edce se dozv\u00edte na str\u00e1nce\u00a0<\/span><a href=\"http:\/\/tyranny.news\/\" target=\"_blank\" rel=\"noopener\"><span>Tyranny.news<\/span><\/a><span> .<\/span><\/p>\n<p><span>Autor: Ethan Huff, Zdroj:\u00a0<\/span><a href=\"https:\/\/www.naturalnews.com\/2023-11-12-king-charles-ban-cigarettes-uk-tobacco-nicotine.html\" target=\"_blank\" rel=\"noopener\"><span>naturalnews.com<\/span><\/a><span>\u00a0<\/span><\/p>\n<p>&nbsp;<\/p>\n<p>&nbsp;<\/p>\n","protected":false},"excerpt":{"rendered":"<p>P\u0159i slavnostn\u00edm otev\u0159en\u00ed britsk\u00e9ho parlamentu tento t\u00fdden kr\u00e1l Karel III.\u00a0\u0161okoval n\u00e1rod pl\u00e1nem zcela zak\u00e1zat kou\u0159en\u00ed&#8230;<\/p>\n","protected":false},"author":2,"featured_media":20524,"comment_status":"closed","ping_status":"closed","sticky":false,"template":"","format":"standard","meta":[],"categories":[7],"tags":[23,3291,4148,303,720],"_links":{"self":[{"href":"https:\/\/www.infokuryr.cz\/n\/wp-json\/wp\/v2\/posts\/40160"}],"collection":[{"href":"https:\/\/www.infokuryr.cz\/n\/wp-json\/wp\/v2\/posts"}],"about":[{"href":"https:\/\/www.infokuryr.cz\/n\/wp-json\/wp\/v2\/types\/post"}],"author":[{"embeddable":true,"href":"https:\/\/www.infokuryr.cz\/n\/wp-json\/wp\/v2\/users\/2"}],"replies":[{"embeddable":true,"href":"https:\/\/www.infokuryr.cz\/n\/wp-json\/wp\/v2\/comments?post=40160"}],"version-history":[{"count":0,"href":"https:\/\/www.infokuryr.cz\/n\/wp-json\/wp\/v2\/posts\/40160\/revisions"}],"wp:featuredmedia":[{"embeddable":true,"href":"https:\/\/www.infokuryr.cz\/n\/wp-json\/wp\/v2\/media\/20524"}],"wp:attachment":[{"href":"https:\/\/www.infokuryr.cz\/n\/wp-json\/wp\/v2\/media?parent=40160"}],"wp:term":[{"taxonomy":"category","embeddable":true,"href":"https:\/\/www.infokuryr.cz\/n\/wp-json\/wp\/v2\/categories?post=40160"},{"taxonomy":"post_tag","embeddable":true,"href":"https:\/\/www.infokuryr.cz\/n\/wp-json\/wp\/v2\/tags?post=40160"}],"curies":[{"name":"wp","href":"https:\/\/api.w.org\/{rel}","templated":true}]}}