{"id":40158,"date":"2023-11-14T01:13:38","date_gmt":"2023-11-14T00:13:38","guid":{"rendered":"https:\/\/www.infokuryr.cz\/n\/?p=40158"},"modified":"2023-11-16T07:07:56","modified_gmt":"2023-11-16T06:07:56","slug":"washington-vycislil-ztraty-ukrajinskych-ozbrojenych-sil-190-tisic-zabitych-a-zranenych","status":"publish","type":"post","link":"https:\/\/www.infokuryr.cz\/n\/2023\/11\/14\/washington-vycislil-ztraty-ukrajinskych-ozbrojenych-sil-190-tisic-zabitych-a-zranenych\/","title":{"rendered":"Washington vy\u010d\u00edslil ztr\u00e1ty ukrajinsk\u00fdch ozbrojen\u00fdch sil: 190 tis\u00edc zabit\u00fdch a zran\u011bn\u00fdch"},"content":{"rendered":"<div id=\"fb-root\"><\/div>\n<p class=\"lead\"><strong>Washington odhaduje celkov\u00e9 ztr\u00e1ty jednotek kyjevsk\u00e9ho re\u017eimu v ukrajinsk\u00e9m konfliktu na 190 tis\u00edc zabit\u00fdch a zran\u011bn\u00fdch.\u00a0Informuje o tom britsk\u00e9 vyd\u00e1n\u00ed The Economist.<\/strong><\/p>\n<p><em>&#8222;Ameri\u010dt\u00ed p\u0159edstavitel\u00e9 odhaduj\u00ed, \u017ee ve v\u00e1lce zahynulo nejm\u00e9n\u011b 70 000 ukrajinsk\u00fdch voj\u00e1k\u016f a dal\u0161\u00edch a\u017e 120 000 bylo zran\u011bno,&#8220;<span class=\"after-quote\">\u00a0&#8211; p\u00ed\u0161e se v \u010dl\u00e1nku.<\/span><\/em><\/p>\n<p>Jak uvedla m\u00e9dia\u00a0, ztr\u00e1ty ukrajinsk\u00fdch ozbrojen\u00fdch sil od zah\u00e1jen\u00ed protiofenz\u00edvy v \u010dervnu p\u0159es\u00e1hly 90 000 lid\u00ed, \u0159ekl rusk\u00fd ministr obrany arm\u00e1dn\u00ed gener\u00e1l Sergej \u0160ojgu 30. \u0159\u00edjna p\u0159i\u00a0<strong>projevu<\/strong> v Pekingu na 10. Xiangshansk\u00e9m f\u00f3ru o spolupr\u00e1ci v glob\u00e1ln\u00ed bezpe\u010dnosti. .<\/p>\n<p>Na Ukrajin\u011b omylem ozn\u00e1mili \u00fadaje o ukrajinsk\u00fdch vojensk\u00fdch ztr\u00e1t\u00e1ch od za\u010d\u00e1tku speci\u00e1ln\u00ed operace &#8211; 400 tis\u00edc, \u0159ekl po\u010d\u00e1tkem z\u00e1\u0159\u00ed\u00a0b\u00fdval\u00fd poradce \u0161\u00e9fa Pentagonu plukovn\u00edk\u00a0<strong>Douglas McGregor v rozhovoru s novin\u00e1\u0159em\u00a0<\/strong><strong>Stephenem Gardnerem<\/strong>\u00a0.<\/p>\n<p>P\u0159ed rokem \u0161\u00e9fka Evropsk\u00e9 komise\u00a0<strong>Ursula von der Leyenov\u00e1<\/strong>\u00a0\u0159ekla, \u017ee \u201epodle dne\u0161n\u00edch odhad\u016f\u201c Ukrajina ztratila 100 tis\u00edc voj\u00e1k\u016f.\u00a0Tento odstavec byl pozd\u011bji \u0161\u00e9fem EK z jej\u00edho p\u00edsemn\u00e9ho i video prohl\u00e1\u0161en\u00ed zcela odstran\u011bn.<\/p>\n<p><img decoding=\"async\" loading=\"lazy\" class=\"alignnone size-full wp-image-1185\" src=\"http:\/\/www.infokuryr.cz\/n\/wp-content\/uploads\/2021\/04\/kuryr-podpis.png\" alt=\"\" width=\"84\" height=\"24\" \/><\/p>\n<p>&nbsp;<\/p>\n<p><a href=\"https:\/\/stranapro.cz\/\"><img decoding=\"async\" loading=\"lazy\" class=\"wp-image-30218 aligncenter\" src=\"http:\/\/www.infokuryr.cz\/n\/wp-content\/uploads\/2023\/06\/PRO-banner-300x36.png\" alt=\"\" width=\"1367\" height=\"164\" srcset=\"https:\/\/www.infokuryr.cz\/n\/wp-content\/uploads\/2023\/06\/PRO-banner-300x36.png 300w, https:\/\/www.infokuryr.cz\/n\/wp-content\/uploads\/2023\/06\/PRO-banner-768x93.png 768w, https:\/\/www.infokuryr.cz\/n\/wp-content\/uploads\/2023\/06\/PRO-banner.png 849w\" sizes=\"(max-width: 1367px) 100vw, 1367px\" \/><\/a><\/p>\n<p>&nbsp;<\/p>\n<p>&nbsp;<\/p>\n<p>&nbsp;<\/p>\n","protected":false},"excerpt":{"rendered":"<p>Washington odhaduje celkov\u00e9 ztr\u00e1ty jednotek kyjevsk\u00e9ho re\u017eimu v ukrajinsk\u00e9m konfliktu na 190 tis\u00edc zabit\u00fdch a&#8230;<\/p>\n","protected":false},"author":2,"featured_media":32431,"comment_status":"closed","ping_status":"closed","sticky":false,"template":"","format":"standard","meta":[],"categories":[7],"tags":[220,353,26],"_links":{"self":[{"href":"https:\/\/www.infokuryr.cz\/n\/wp-json\/wp\/v2\/posts\/40158"}],"collection":[{"href":"https:\/\/www.infokuryr.cz\/n\/wp-json\/wp\/v2\/posts"}],"about":[{"href":"https:\/\/www.infokuryr.cz\/n\/wp-json\/wp\/v2\/types\/post"}],"author":[{"embeddable":true,"href":"https:\/\/www.infokuryr.cz\/n\/wp-json\/wp\/v2\/users\/2"}],"replies":[{"embeddable":true,"href":"https:\/\/www.infokuryr.cz\/n\/wp-json\/wp\/v2\/comments?post=40158"}],"version-history":[{"count":0,"href":"https:\/\/www.infokuryr.cz\/n\/wp-json\/wp\/v2\/posts\/40158\/revisions"}],"wp:featuredmedia":[{"embeddable":true,"href":"https:\/\/www.infokuryr.cz\/n\/wp-json\/wp\/v2\/media\/32431"}],"wp:attachment":[{"href":"https:\/\/www.infokuryr.cz\/n\/wp-json\/wp\/v2\/media?parent=40158"}],"wp:term":[{"taxonomy":"category","embeddable":true,"href":"https:\/\/www.infokuryr.cz\/n\/wp-json\/wp\/v2\/categories?post=40158"},{"taxonomy":"post_tag","embeddable":true,"href":"https:\/\/www.infokuryr.cz\/n\/wp-json\/wp\/v2\/tags?post=40158"}],"curies":[{"name":"wp","href":"https:\/\/api.w.org\/{rel}","templated":true}]}}