{"id":40075,"date":"2023-11-12T01:02:44","date_gmt":"2023-11-12T00:02:44","guid":{"rendered":"https:\/\/www.infokuryr.cz\/n\/?p=40075"},"modified":"2023-11-11T17:18:07","modified_gmt":"2023-11-11T16:18:07","slug":"blazniva-cenzura-facebook-maze-vzpominkove-clanky-o-pronasledovani-zidu-a-listopadovych-pogromech","status":"publish","type":"post","link":"https:\/\/www.infokuryr.cz\/n\/2023\/11\/12\/blazniva-cenzura-facebook-maze-vzpominkove-clanky-o-pronasledovani-zidu-a-listopadovych-pogromech\/","title":{"rendered":"Bl\u00e1zniv\u00e1 cenzura: Facebook ma\u017ee vzpom\u00ednkov\u00e9 \u010dl\u00e1nky o pron\u00e1sledov\u00e1n\u00ed \u017did\u016f a listopadov\u00fdch pogromech"},"content":{"rendered":"<div id=\"fb-root\"><\/div>\n<p><strong><span>Pro lidi, kte\u0159\u00ed se zaj\u00edmaj\u00ed o historii, m\u00e1 listopad obecn\u011b motto \u201eNikdy nezapomenout\u201c.\u00a0Iniciativa GGI cht\u011bla 9. listopadu p\u0159ipomenout ob\u011bti n\u00e1rodn\u00edho socialismu tiskovou zpr\u00e1vou o K\u0159i\u0161\u0165\u00e1lov\u00e9 noci v roce 1938 a Hitlerov\u011b pu\u010di v Bavorsku.\u00a0Toto vys\u00edl\u00e1n\u00ed se m\u011blo objevit i ve facebookov\u00e9 skupin\u011b iniciativy \u2013 zd\u00e1 se v\u0161ak, \u017ee Zuckerbergova s\u00ed\u0165 kultu\u0159e vzpom\u00edn\u00e1n\u00ed nev\u011b\u0159\u00ed, proto\u017ee p\u0159\u00edsp\u011bvek byl promptn\u011b smaz\u00e1n.\u00a0Co se tam d\u011bje?<\/span><\/strong><\/p>\n<p><em><span>Iniciativa\u00a0<\/span><a href=\"https:\/\/ggi-initiative.at\/wp\/erinnerungskultur-unerwuenscht-facebook-loescht-gedenkartikel-ueber-die-november-pogrome\/\" target=\"_blank\" rel=\"noreferrer noopener\"><span>GGI<\/span><\/a><span> napsala ve sv\u00e9 tiskov\u00e9 zpr\u00e1v\u011b z 9. listopadu:<\/span><\/em><\/p>\n<h2 class=\"wp-block-heading\"><span>Kultura vzpom\u00edn\u00e1n\u00ed je ne\u017e\u00e1douc\u00ed?\u00a0Facebook ma\u017ee vzpom\u00ednkov\u00e9 \u010dl\u00e1nky o listopadov\u00fdch pogromech<\/span><\/h2>\n<p><span>Dnes jsme zve\u0159ejnili\u00a0<\/span><a href=\"https:\/\/ggi-initiative.at\/wp\/niemals-vergessen-erinnerungstage-im-november\/\" target=\"_blank\" rel=\"noreferrer noopener\"><span>zpr\u00e1vu na pam\u00e1tku listopadov\u00fdch pogrom\u016f a \u010detn\u00fdch ob\u011bt\u00ed n\u00e1rodn\u00edho socialismu<\/span><\/a><span>\u00a0.<\/span><\/p>\n<p><span>\u010cl\u00e1nek byl z\u00a0<\/span><a href=\"https:\/\/www.facebook.com\/groups\/ggi.initiative\" target=\"_blank\" rel=\"noreferrer noopener\"><span>Facebooku<\/span><\/a><span>\u00a0b\u011bhem n\u011bkolika sekund smaz\u00e1n \u2013 bez koment\u00e1\u0159e nebo upozorn\u011bn\u00ed.\u00a0P\u0159i druh\u00e9m pokusu o zve\u0159ejn\u011bn\u00ed se objevila zpr\u00e1va:<\/span><\/p>\n<p><em>&#8222;Tento p\u0159\u00edsp\u011bvek poru\u0161uje na\u0161e komunitn\u00ed standardy proti spamu.&#8220;<\/em><\/p>\n<p><span>Ze zpr\u00e1vy nen\u00ed jasn\u00e9, pro\u010d je kultura vzpom\u00edn\u00e1n\u00ed na listopadov\u00e9 pogromy klasifikov\u00e1na jako spam.\u00a0Teprve po form\u00e1ln\u00ed n\u00e1mitce byl \u010dl\u00e1nek zve\u0159ejn\u011bn.<\/span><\/p>\n<h3 class=\"wp-block-heading\"><span style=\"font-size: 18pt;\">Z\u00e1kon o digit\u00e1ln\u00edch slu\u017eb\u00e1ch vede k nadm\u011brn\u00e9 cenzu\u0159e<\/span><\/h3>\n<p><strong><span>Od zaveden\u00ed z\u00e1kona o digit\u00e1ln\u00edch slu\u017eb\u00e1ch 25. srpna 2023 pozorujeme, \u017ee podobn\u00e9 incidenty ji\u017e nejsou neobvykl\u00e9.\u00a0<\/span><\/strong><span>\u010casto i p\u0159es n\u00e1mitky nedojde k aktivaci.\u00a0\u010cl\u00e1nky, kter\u00e9 jasn\u011b podl\u00e9haj\u00ed svobod\u011b projevu, jsou \u010dasto jednodu\u0161e smaz\u00e1ny.\u00a0Konkr\u00e9tn\u00ed d\u016fvody rozhodnut\u00ed nejsou zve\u0159ejn\u011bny.\u00a0Je v\u0161ak z\u0159ejm\u00e9, \u017ee zde pracuj\u00ed automatizovan\u00e9 programy, kter\u00e9 reaguj\u00ed na kl\u00ed\u010dov\u00e1 slova.<\/span><\/p>\n<p><span>Pokud v\u0161ak budou p\u0159\u00edsp\u011bvky obsahuj\u00edc\u00ed slova \u201eHitler\u201c nebo \u201en\u00e1rodn\u00ed socialismus\u201c plo\u0161n\u011b cenzurov\u00e1ny, kultura vzpom\u00edn\u00e1n\u00ed na soci\u00e1ln\u00edch s\u00edt\u00edch ji\u017e nen\u00ed mo\u017en\u00e1.\u00a0T\u00edm se zabr\u00e1n\u00ed nejen zve\u0159ejn\u011bn\u00ed zak\u00e1zan\u00e9ho obsahu, ale p\u0159edev\u0161\u00edm se zabr\u00e1n\u00ed \u017e\u00e1douc\u00ed diskusi o d\u016fle\u017eit\u00fdch t\u00e9matech.<\/span><\/p>\n<p><span>Listopadov\u00e9 pogromy, stejn\u011b jako institucion\u00e1ln\u00ed diskriminace a degradace \u017did\u016f od 30. let 20. stolet\u00ed, nakonec vedly k holocaustu.\u00a0<\/span><strong><span>Kultura vzpom\u00edn\u00e1n\u00ed by m\u011bla p\u0159isp\u011bt k tomu, aby tato temn\u00e1 kapitola nebyla zapomenuta.\u00a0V dne\u0161n\u00ed dob\u011b je to je\u0161t\u011b d\u016fle\u017eit\u011bj\u0161\u00ed!<\/span><\/strong><\/p>\n<p><span>Od politik\u016f se po\u017eaduje, aby zachov\u00e1vali svobodu projevu a informac\u00ed a zav\u00e1d\u011bli vhodn\u00e9 bezpe\u010dnostn\u00ed mechanismy, kter\u00e9 zajist\u00ed, \u017ee leg\u00e1ln\u00ed obsah nebude cenzurov\u00e1n.<\/span><\/p>\n<p><span>\u201eNem\u016f\u017ee b\u00fdt v z\u00e1jmu vl\u00e1dy br\u00e1nit vzpom\u00ednkov\u00e9 kultu\u0159e prost\u0159ednictv\u00edm cenzury na soci\u00e1ln\u00edch m\u00e9di\u00edch,\u201c \u0159\u00edk\u00e1 Madeleine Petrovic a d\u00e1le po\u017eaduje: \u201eExistuje\u00a0<\/span><strong><span>\u00fastavn\u00ed povinnost odpov\u00eddaj\u00edc\u00edm zp\u016fsobem zajistit pr\u00e1vo na svobodu projevu.\u00a0<\/span><\/strong><span>Vid\u00edm nal\u00e9havou pot\u0159ebu jednat, zejm\u00e9na ve velk\u00fdch soci\u00e1ln\u00edch s\u00edt\u00edch.\u201c<\/span><\/p>\n<p><img decoding=\"async\" loading=\"lazy\" class=\"alignnone size-full wp-image-1185\" src=\"http:\/\/www.infokuryr.cz\/n\/wp-content\/uploads\/2021\/04\/kuryr-podpis.png\" alt=\"\" width=\"84\" height=\"24\" \/><\/p>\n<p>&nbsp;<\/p>\n<p><a href=\"https:\/\/stranapro.cz\/\"><img decoding=\"async\" loading=\"lazy\" class=\"wp-image-30218 aligncenter\" src=\"http:\/\/www.infokuryr.cz\/n\/wp-content\/uploads\/2023\/06\/PRO-banner-300x36.png\" alt=\"\" width=\"1367\" height=\"164\" srcset=\"https:\/\/www.infokuryr.cz\/n\/wp-content\/uploads\/2023\/06\/PRO-banner-300x36.png 300w, https:\/\/www.infokuryr.cz\/n\/wp-content\/uploads\/2023\/06\/PRO-banner-768x93.png 768w, https:\/\/www.infokuryr.cz\/n\/wp-content\/uploads\/2023\/06\/PRO-banner.png 849w\" sizes=\"(max-width: 1367px) 100vw, 1367px\" \/><\/a><\/p>\n<p>&nbsp;<\/p>\n<p>&nbsp;<\/p>\n<p>&nbsp;<\/p>\n","protected":false},"excerpt":{"rendered":"<p>Pro lidi, kte\u0159\u00ed se zaj\u00edmaj\u00ed o historii, m\u00e1 listopad obecn\u011b motto \u201eNikdy nezapomenout\u201c.\u00a0Iniciativa GGI cht\u011bla&#8230;<\/p>\n","protected":false},"author":2,"featured_media":40076,"comment_status":"closed","ping_status":"closed","sticky":false,"template":"","format":"standard","meta":[],"categories":[7],"tags":[63,25,810],"_links":{"self":[{"href":"https:\/\/www.infokuryr.cz\/n\/wp-json\/wp\/v2\/posts\/40075"}],"collection":[{"href":"https:\/\/www.infokuryr.cz\/n\/wp-json\/wp\/v2\/posts"}],"about":[{"href":"https:\/\/www.infokuryr.cz\/n\/wp-json\/wp\/v2\/types\/post"}],"author":[{"embeddable":true,"href":"https:\/\/www.infokuryr.cz\/n\/wp-json\/wp\/v2\/users\/2"}],"replies":[{"embeddable":true,"href":"https:\/\/www.infokuryr.cz\/n\/wp-json\/wp\/v2\/comments?post=40075"}],"version-history":[{"count":1,"href":"https:\/\/www.infokuryr.cz\/n\/wp-json\/wp\/v2\/posts\/40075\/revisions"}],"predecessor-version":[{"id":40077,"href":"https:\/\/www.infokuryr.cz\/n\/wp-json\/wp\/v2\/posts\/40075\/revisions\/40077"}],"wp:featuredmedia":[{"embeddable":true,"href":"https:\/\/www.infokuryr.cz\/n\/wp-json\/wp\/v2\/media\/40076"}],"wp:attachment":[{"href":"https:\/\/www.infokuryr.cz\/n\/wp-json\/wp\/v2\/media?parent=40075"}],"wp:term":[{"taxonomy":"category","embeddable":true,"href":"https:\/\/www.infokuryr.cz\/n\/wp-json\/wp\/v2\/categories?post=40075"},{"taxonomy":"post_tag","embeddable":true,"href":"https:\/\/www.infokuryr.cz\/n\/wp-json\/wp\/v2\/tags?post=40075"}],"curies":[{"name":"wp","href":"https:\/\/api.w.org\/{rel}","templated":true}]}}