{"id":39962,"date":"2023-11-09T06:46:33","date_gmt":"2023-11-09T05:46:33","guid":{"rendered":"https:\/\/www.infokuryr.cz\/n\/?p=39962"},"modified":"2023-11-09T06:46:33","modified_gmt":"2023-11-09T05:46:33","slug":"jindrich-kulhavy-trochu-se-nam-trese-palac","status":"publish","type":"post","link":"https:\/\/www.infokuryr.cz\/n\/2023\/11\/09\/jindrich-kulhavy-trochu-se-nam-trese-palac\/","title":{"rendered":"Jind\u0159ich Kulhav\u00fd: Trochu se n\u00e1m t\u0159ese pal\u00e1c"},"content":{"rendered":"<div id=\"fb-root\"><\/div>\n<p><span class=\"anotation\">\u00a0Stoosmi\u010dkov\u00e1 v\u011bt\u0161ina v\u00a0Parlamentu i liber\u00e1ln\u00ed Sen\u00e1t zat\u00edm je\u0161t\u011b sta\u010d\u00ed k\u00a0schvalov\u00e1n\u00ed drah\u00e9ho ,,\u00dasporn\u00e9ho bal\u00ed\u010dku\u201c maj\u00edc\u00edho n\u00e1s op\u011bt v\u00edce o\u017eebra\u010dit, k\u00a0pokra\u010duj\u00edc\u00ed digitalizaci vedouc\u00ed k\u00a0maxim\u00e1ln\u00ed kontrole ob\u010dan\u016f, k\u00a0rozkladu dosud funguj\u00edc\u00edch instituc\u00ed, jak\u00fdmi b\u00fdvaly \u010cesk\u00e1 po\u0161ta, \u00da\u0159ad pr\u00e1ce \u010di velmi brzy ho kop\u00edruj\u00edc\u00ed \u00da\u0159ad soci\u00e1ln\u00ed p\u00e9\u010de, kter\u00fd je t\u00e9\u017e p\u0159edur\u010den k\u00a0propou\u0161t\u011bn\u00ed st\u00e1tn\u00edch zam\u011bstnanc\u016f. Z ,,prac\u00e1ku\u201c bylo odejito 600 \u00fa\u0159edn\u00edk\u016f a je jim d\u00e1v\u00e1no za vinu, \u017ee \u00fadajn\u011b nezvl\u00e1dnuli p\u0159\u00edliv ukrajinsk\u00fdch klient\u016f. Te\u010f je maj\u00ed nahradit b\u00fdval\u00ed po\u0161tmist\u0159i, jejich\u017e stav byl tak\u00e9 v\u00fdrazn\u011b pon\u00ed\u017een, tak\u017ee nejsou schopni ji\u017e ani plnit p\u016fvodn\u00ed n\u00e1pl\u0148 spojenou s\u00a0\u010dinnost\u00ed po\u0161ty. Litujeme v\u0161echny nezam\u011bstnan\u00e9 a pozd\u011bji i ty pot\u0159ebn\u00e9 si cokoliv vy\u0159\u00eddit na soci\u00e1lce.<\/span><\/p>\n<div id=\"pagetext\">\n<p>\u00a0 Veden\u00ed P\u011btikoalice se zamot\u00e1v\u00e1 do obrovsk\u00fdch probl\u00e9m\u016f. S\u00e1m velk\u00fd a nejlep\u0161\u00ed premi\u00e9r se p\u0159i cest\u011b po Africe stal onuc\u00ed a Nig\u00e9rie, kter\u00e1 by je\u0161t\u011b p\u0159ed p\u00e1r roky p\u0159iv\u00edtala \u010deskou reprezentaci s\u00a0jistou \u00factou a nad\u011bj\u00ed, nepustila Fialu ani p\u0159es hranice. Premi\u00e9r tak mohl prodlou\u017eit pobyt v\u00a0Keni a nav\u0161t\u011bvovat muzea a nosoro\u017ece, jejich\u017e jeden druh se sv\u011bt sna\u017e\u00ed zachr\u00e1nit. K\u00a0posledn\u00ed samici hledali po\u0159\u00e1dn\u00e9ho b\u00fdka, my jsme tam v\u0161ak poslali pravd\u011bpodobn\u011b nejv\u011bt\u0161\u00edho vola. Jak jinak nazvat p\u0159edsedu vl\u00e1dy, kter\u00fd odsouhlasil ji\u017e pon\u011bkolik\u00e1t\u00e9 \u010desk\u00fdm politik\u016fm a diplomat\u016fm jednozna\u010dn\u00e9 se postaven\u00ed na jednu stranu n\u011bjak\u00e9ho v\u00fdznamn\u011bj\u0161\u00edho sv\u011btov\u00e9ho konfliktu, kter\u00fd se n\u00e1s nav\u00edc v\u016fbec osobn\u011b net\u00fdk\u00e1, a to bez ohledu na zdrcuj\u00edc\u00ed n\u00e1sledky pro ji\u017e tak rozlo\u017eenou \u010deskou ekonomiku? Za\u010dalo to Taiwanem, na kter\u00fd bou\u0159liv\u011b reagovala \u010d\u00ednsk\u00e1 diplomacie. Jsme nepou\u010diteln\u00ed kdysi podobn\u00e9 jsme za\u017eili s\u00a0Tibetem.<\/p>\n<p>Ukrajinizace na\u0161\u00ed spole\u010dnosti je extr\u00e9mn\u00ed a modro\u017elut\u00e9 fangle vyv\u011b\u0161en\u00e9 na st\u00e1tn\u00edch budov\u00e1ch nemaj\u00ed ve sv\u011bt\u011b obdoby. St\u00e1lo n\u00e1s to ropu a plyn nakupovan\u00e9 za ,,slu\u0161n\u00e9\u201c pen\u00edze. Za nek\u0159es\u0165ansky drah\u00e9 p\u0159eprod\u00e1van\u00e9 rusk\u00e9 komodity, na nich\u017e si ,,mast\u00ed\u201c kapsu na\u0161i z\u00e1padn\u00ed p\u0159\u00e1tel\u00e9, utr\u00e1c\u00edme des\u00edtky procent nav\u00edc, ne\u017e by bylo t\u0159eba p\u0159i udr\u017een\u00ed jist\u00e9ho stupn\u011b neutrality ve sporu USA-Rusko-Ukrajina. A kdy\u017e se vl\u00e1dn\u00ed ideologicky pom\u00fdlen\u00ed \u00fa\u0159edn\u00edci p\u0159edv\u00e1d\u00ed v\u00a0izraelsk\u00fdch vlajk\u00e1ch v\u00a0centru Prahy a vyk\u0159ikuj\u00ed cosi o agresivn\u00edch muslimech, p\u0159i\u010dem\u017e ignoruj\u00ed historick\u00fd v\u00fdvoj na Bl\u00edzk\u00e9m V\u00fdchodu, div\u00ed se vr\u00e1cen\u00e9mu ministrovi Sikelovi je\u0161t\u011b p\u0159ed odletem do Saudsk\u00e9 Ar\u00e1bie a Kataru jen \u00fapln\u00fd diplomatick\u00fd analfabet. Jak\u00e1koliv levn\u00e1 ropa z\u00a0muslimsk\u00fdch zem\u00ed je stejnou chim\u00e9rou, jako p\u0159edstava, \u017ee by n\u00e1m tu ruskou n\u011bkdo prodal za cenu, za kterou si ji kupuj\u00ed v\u00a0Rusku diplomaticky schopn\u011bj\u0161\u00ed st\u00e1ty. Tak\u017ee n\u00e1m z\u00a0cel\u00e9 rozep\u0159e na Ukrajin\u011b z\u016fstal milion tamn\u00edch ob\u010dan\u016f uv\u00edzl\u00fdch u n\u00e1s, co\u017e sice pomohlo stavebnictv\u00ed, ale v\u00a0d\u016fsledku to p\u0159in\u00e1\u0161\u00ed mnoho z\u00e1sadn\u00edch probl\u00e9m\u016f ve v\u0161ech oblastech. A kv\u016fli Izraeli jsme zase ut\u0159eli nos p\u0159i navazov\u00e1n\u00ed nov\u00fdch obchodn\u00edch vztah\u016f v\u00a0arabsk\u00fdch zem\u00edch. Je\u0161t\u011b, \u017ee u n\u00e1s moc muslim\u016f ne\u017eije, zat\u00edm nem\u00e1me probl\u00e9my spojen\u00e9 s\u00a0jejich pobytem u n\u00e1s. I to chce Raku\u0161an zm\u011bnit.<\/p>\n<p><a href=\"https:\/\/stranapro.cz\/\"><img decoding=\"async\" loading=\"lazy\" class=\"wp-image-30218 aligncenter\" src=\"http:\/\/www.infokuryr.cz\/n\/wp-content\/uploads\/2023\/06\/PRO-banner-300x36.png\" alt=\"\" width=\"1367\" height=\"164\" srcset=\"https:\/\/www.infokuryr.cz\/n\/wp-content\/uploads\/2023\/06\/PRO-banner-300x36.png 300w, https:\/\/www.infokuryr.cz\/n\/wp-content\/uploads\/2023\/06\/PRO-banner-768x93.png 768w, https:\/\/www.infokuryr.cz\/n\/wp-content\/uploads\/2023\/06\/PRO-banner.png 849w\" sizes=\"(max-width: 1367px) 100vw, 1367px\" \/><\/a><\/p>\n<p>\u00dasp\u011b\u0161nost Fialovy vl\u00e1dy v\u00a0energetick\u00e9m sektoru je dal\u0161\u00ed uk\u00e1zkou schopnost\u00ed odborn\u00edk\u016f ve veden\u00ed st\u00e1tu. U\u017e tak nejdra\u017e\u0161\u00ed n\u00e1kup energi\u00ed v\u00a0EU pro pr\u016fmyslov\u00e9 holdingy i dom\u00e1cnosti p\u0159\u00ed\u0161t\u00ed rok naroste o dal\u0161\u00ed des\u00edtky procent. Co\u017e ji\u017e nyn\u00ed vede k\u00a0zakonzervov\u00e1n\u00ed posledn\u00edch zbytk\u016f pr\u016fmyslu a oby\u010dejn\u00fdm lidem to zkomplikuje \u017eivot natolik, \u017ee se do st\u0159edu z\u00e1jmu mnoh\u00fdch vr\u00e1t\u00ed sv\u00ed\u010dky a ru\u010dn\u00ed pran\u00ed i myt\u00ed n\u00e1dob\u00ed. \u0158\u00edk\u00e1 se, \u017ee pokrok nezastav\u00ed\u0161, ale Fiala to dok\u00e1zal. A jako jah\u016fdku na \u0161pi\u010dce dortu budou nad\u00e1le protla\u010dovat elektromobilitu. T\u00e9 v\u011b\u0159\u00ed u\u017e jen idiot. Sv\u011bt p\u0159izn\u00e1v\u00e1 z\u00e1sadn\u00ed komplikace v\u00a0elektrifikaci dopravy. P\u0159esto\u017ee se je\u0161t\u011b st\u00e1le objevuj\u00ed \u010dl\u00e1nky o \u00fasp\u011b\u0161n\u00fdch kroc\u00edch ve v\u00fdvoji elektroaut a n\u011bkter\u00e9 automobilky hl\u00e1s\u00ed posledn\u00ed modely se spalovac\u00edmi motory, ve skute\u010dnosti jim d\u00edky t\u011bmto kr\u00e1m\u016fm p\u0159ipoutan\u00fdch k\u00a0z\u00e1suvce padaj\u00ed prodeje a zisky. A gigafaktory slibovan\u00e1 vl\u00e1d\u011b Volkswagenem, kter\u00e1 nakonec postavena v\u00a0Plzni nebude, je jen pro na\u0161e greendealov\u00e9 ideology dal\u0161\u00ed ranou do vazu. P\u0159esto\u017ee m\u00e1me v\u00fdrobn\u011b nejlevn\u011bj\u0161\u00ed elekt\u0159inu snad i na sv\u011bt\u011b, kupujeme ji v\u00a0Evrop\u011b nejdr\u00e1\u017ee. Je to likvida\u010dn\u00ed p\u0159\u00edstup, kter\u00fd ukazuje, jak tup\u00fdm n\u00e1rodem jsme, nech\u00e1me li si to l\u00edbit.<\/p>\n<p>M\u00e9dia pomalinku p\u0159izn\u00e1vaj\u00ed, \u017ee je Fial\u016fv anc\u00e1bl tragick\u00fdm omylem. Zat\u00edm jde o lehk\u00e9 n\u00e1znaky, nicm\u00e9n\u011b v\u00a0diskuz\u00edch, by\u0165 je\u0161t\u011b proliber\u00e1ln\u011b veden\u00fdch, jednozna\u010dn\u011b opozice v\u00e1lcuje P\u011btikoalici. Jej\u00edm z\u00e1stupc\u016fm doch\u00e1z\u00ed argumenty, a tak arogantn\u00ed \u00fasm\u011bv p\u0159edsedkyn\u011b Sn\u011bmovny Pekarov\u00e9-Adamov\u00e9 u\u017e k\u00a0\u00fasp\u011bchu prost\u011b nesta\u010d\u00ed. Vid\u011bt v\u0161ak nen\u00ed jen ANO a SPD, na obrazovky se vrac\u00ed Zaor\u00e1lek z \u010cSSD vysv\u011btluj\u00edc\u00ed Lipavsk\u00e9mu z\u00e1klady diplomacie, \u010di t\u0159eba Rajchl z\u00edsk\u00e1vaj\u00edc\u00ed p\u0159\u00edznivce na besed\u00e1ch po cel\u00e9 \u010cR, p\u0159i\u010dem\u017e reklamu mu d\u011blaj\u00ed i na povel komun\u00e1ln\u00edch p\u011btikoali\u010dn\u00edch politik\u016f od\u0159eknut\u00e9 pronajat\u00e9 s\u00e1ly. K\u00a0tomu se hl\u00e1s\u00ed odbory, kter\u00e9 dosud spaly a rozhodn\u011b neplnily funkci zast\u00e1nc\u016f zam\u011bstnanc\u016f v\u00a0r\u016fzn\u00fdch oborech. Dokonce i Kone\u010dn\u00e1 z\u00a0KS\u010cM m\u00e1 inteligen\u010dn\u011b i n\u00e1zorov\u011b nad vl\u00e1dou v\u00fdrazn\u011b navrch. Pro Fialu nakupuj\u00edc\u00edho v\u00a0N\u011bmecku a d\u011blaj\u00edc\u00edho ze sebe mizern\u00fdm marketingem snadn\u00fd ter\u010d za\u010d\u00edn\u00e1 t\u011b\u017ek\u00e9 obdob\u00ed.<\/p>\n<p>Prav\u00e1 ruka Raku\u0161an namo\u010den\u00e1 v\u00a0af\u00e9\u0159e Dozimetr d\u011bl\u00e1 dal\u0161\u00ed chyby, um\u00edraj\u00ed \u00fa\u010dastn\u00edci t\u00e9to kauzy. Lipavsk\u00e9ho amat\u00e9rismus je v\u00a0oboru zahrani\u010dn\u00edch vztah\u016f tragick\u00fd, Sikela narazil do saudskoarabsk\u00e9 sk\u00e1ly, bou\u0159\u00ed se l\u00e9ka\u0159i nemaj\u00edc\u00ed l\u00e9ky a u\u010ditel\u00e9. Jure\u010dka probour\u00e1v\u00e1 bankovn\u00ed tajemstv\u00ed a Petr Pavel to zkou\u0161\u00ed u Bene\u0161ov\u00fdch dekret\u016f (ve prosp\u011bch Lichten\u0161tejn\u016f). Barto\u0161 obhajuje Green Deal a digitalizaci vedouc\u00ed k\u00a0\u0161pehov\u00e1n\u00ed ob\u010dan\u016f, mezit\u00edm p\u0159i\u0161el o m\u00edstop\u0159edsedu Pir\u00e1t\u016f Mich\u00e1lka, zat\u00edmco vrchn\u00ed eurokolaborant Kolaja povede kandid\u00e1tku do eurounijn\u00edch voleb. Vl\u00e1dn\u00ed liber\u00e1ln\u00ed dome\u010dek m\u00e1 podkopan\u00e9 z\u00e1klady a za\u010d\u00edn\u00e1 se nakl\u00e1n\u011bt. Tonouc\u00ed se st\u00e9bla chyt\u00e1, bude zaj\u00edmav\u00e9 sledovat v\u00fdvoj a\u017e do po\u0159\u00e1dn\u00e9ho \u017euchnut\u00ed P\u011btikoalice. Nesta\u010d\u00ed se v\u0161ak jen d\u00edvat. Nebo chcete, aby vyt\u00e1hnuli hlavu ze smy\u010dky, kterou sami sob\u011b kolem krku utahuj\u00ed?<\/p>\n<p><a href=\"https:\/\/www.inadhled.live\/uvaha-dne\/trochu-se-nam-trese-palac\/\">Jind\u0159ich Kulhav\u00fd<\/a><\/p>\n<p><img decoding=\"async\" loading=\"lazy\" class=\"alignnone size-medium wp-image-22653\" src=\"http:\/\/www.infokuryr.cz\/n\/wp-content\/uploads\/2023\/02\/jindra-kulhavy-221x300.jpg\" alt=\"\" width=\"221\" height=\"300\" srcset=\"https:\/\/www.infokuryr.cz\/n\/wp-content\/uploads\/2023\/02\/jindra-kulhavy-221x300.jpg 221w, https:\/\/www.infokuryr.cz\/n\/wp-content\/uploads\/2023\/02\/jindra-kulhavy.jpg 311w\" sizes=\"(max-width: 221px) 100vw, 221px\" \/><\/p>\n<\/div>\n<p>&nbsp;<\/p>\n","protected":false},"excerpt":{"rendered":"<p>\u00a0Stoosmi\u010dkov\u00e1 v\u011bt\u0161ina v\u00a0Parlamentu i liber\u00e1ln\u00ed Sen\u00e1t zat\u00edm je\u0161t\u011b sta\u010d\u00ed k\u00a0schvalov\u00e1n\u00ed drah\u00e9ho ,,\u00dasporn\u00e9ho bal\u00ed\u010dku\u201c maj\u00edc\u00edho n\u00e1s&#8230;<\/p>\n","protected":false},"author":2,"featured_media":39963,"comment_status":"closed","ping_status":"closed","sticky":false,"template":"","format":"standard","meta":[],"categories":[6],"tags":[29,371,122,99],"_links":{"self":[{"href":"https:\/\/www.infokuryr.cz\/n\/wp-json\/wp\/v2\/posts\/39962"}],"collection":[{"href":"https:\/\/www.infokuryr.cz\/n\/wp-json\/wp\/v2\/posts"}],"about":[{"href":"https:\/\/www.infokuryr.cz\/n\/wp-json\/wp\/v2\/types\/post"}],"author":[{"embeddable":true,"href":"https:\/\/www.infokuryr.cz\/n\/wp-json\/wp\/v2\/users\/2"}],"replies":[{"embeddable":true,"href":"https:\/\/www.infokuryr.cz\/n\/wp-json\/wp\/v2\/comments?post=39962"}],"version-history":[{"count":0,"href":"https:\/\/www.infokuryr.cz\/n\/wp-json\/wp\/v2\/posts\/39962\/revisions"}],"wp:featuredmedia":[{"embeddable":true,"href":"https:\/\/www.infokuryr.cz\/n\/wp-json\/wp\/v2\/media\/39963"}],"wp:attachment":[{"href":"https:\/\/www.infokuryr.cz\/n\/wp-json\/wp\/v2\/media?parent=39962"}],"wp:term":[{"taxonomy":"category","embeddable":true,"href":"https:\/\/www.infokuryr.cz\/n\/wp-json\/wp\/v2\/categories?post=39962"},{"taxonomy":"post_tag","embeddable":true,"href":"https:\/\/www.infokuryr.cz\/n\/wp-json\/wp\/v2\/tags?post=39962"}],"curies":[{"name":"wp","href":"https:\/\/api.w.org\/{rel}","templated":true}]}}