{"id":39956,"date":"2023-11-09T06:25:51","date_gmt":"2023-11-09T05:25:51","guid":{"rendered":"https:\/\/www.infokuryr.cz\/n\/?p=39956"},"modified":"2023-11-09T06:25:51","modified_gmt":"2023-11-09T05:25:51","slug":"cesky-prezident-nakupuje-v-polsku-a-premier-fiala-pro-zmenu","status":"publish","type":"post","link":"https:\/\/www.infokuryr.cz\/n\/2023\/11\/09\/cesky-prezident-nakupuje-v-polsku-a-premier-fiala-pro-zmenu\/","title":{"rendered":"\u010cesk\u00fd prezident nakupuje v Polsku a premi\u00e9r Fiala pro zm\u011bnu &#8230;"},"content":{"rendered":"<div id=\"fb-root\"><\/div>\n<h4>\u010cesk\u00fd prezident nakupuje v Polsku a premi\u00e9r Fiala pro zm\u011bnu u n\u00e1s! N\u011bmeck\u00e1 m\u00e9dia se bav\u00ed \u201ckontroln\u00edm\u201d n\u00e1kupem Petra Fialy, kter\u00fd objevil, \u017ee v \u010cR je to dra\u017e\u0161\u00ed! Chce pr\u00fd jednat s v\u00fdrobci a \u0159et\u011bzci. Ale o \u010dem? Vysok\u00e9 ceny potravin v \u010cR jsou zp\u016fsobeny vysokou inflac\u00ed, vysokou DPH na potravin\u00e1ch a vysok\u00fdmi cenami energi\u00ed! V N\u011bmecku je DPH na potravin\u00e1ch 7% a v Polsku dokonce nula! V \u010cesku je to ale 15% a p\u0159itom \u010desk\u00e9 mzdy jsou t\u0159etinov\u00e9 v porovn\u00e1n\u00ed s N\u011bmeckem!<\/h4>\n<p>N\u011bmeck\u00e1 bulv\u00e1rn\u00ed m\u00e9dia maj\u00ed dal\u0161\u00ed velk\u00e9 t\u00e9ma. \u010cesk\u00fd premi\u00e9r vyjel na kontroln\u00ed n\u00e1kup potravin do bavorsk\u00e9ho Waldsassenu a nakoupil n\u011bkolik druh\u016f z\u00e1kladn\u00edch potravin. Potom se vr\u00e1til do \u010cR a v Chebu nakoupil v supermarketu to sam\u00e9 zbo\u017e\u00ed a porovnal ceny. V \u010cesku byl n\u00e1kup o 60 korun dra\u017e\u0161\u00ed. Daleko v\u011bt\u0161\u00edm probl\u00e9mem je ale gram\u00e1\u017e, kdy v \u010cesku je sice t\u0159eba opticky cena u n\u011bkter\u00fdch balen\u00ed potravin ni\u017e\u0161\u00ed, ale gram\u00e1\u017e balen\u00ed je mnohem men\u0161\u00ed.<\/p>\n<p>Tak\u017ee ve v\u00fdsledku potom po p\u0159epo\u010dtu je \u010desk\u00e9 balen\u00ed znovu dra\u017e\u0161\u00ed ne\u017e to n\u011bmeck\u00e9 s mnohem v\u011bt\u0161\u00ed gram\u00e1\u017e\u00ed.\u00a0<strong>Na tento kontroln\u00ed n\u00e1kup upozornil [<a href=\"https:\/\/href.li\/?https:\/\/www.bild.de\/ratgeber\/2023\/ratgeber\/weil-es-bei-ihm-zu-teuer-ist-tschechischer-regierungschef-kauft-in-deutschland-e-86007590.bild.html\" target=\"_blank\" rel=\"nofollow noopener\">1<\/a>] n\u011bmeck\u00fd bulv\u00e1rn\u00ed Bild, p\u0159i\u010dem\u017e n\u011bmeck\u00e1 televize v \u00fater\u00fd ve\u010der si neodpustila pichlavou pozn\u00e1mku, \u017ee situace v \u010cR s cenami potravin je politick\u00fdm t\u00e9matem<\/strong>, proto\u017ee \u010desk\u00fd prezident jezd\u00ed nakupovat do Polska\u00a0<strong>[<a href=\"https:\/\/href.li\/?https:\/\/klodzko24.eu\/wiadomosci\/kudowa-zdroj-czeski-prezydent-robil-u-nas-zakupy\/8xY697TlUej694A10mon\" target=\"_blank\" rel=\"nofollow noopener\">2<\/a>]<\/strong>, zat\u00edmco premi\u00e9r jezd\u00ed do N\u011bmecka. \u010ce\u0161i jezd\u00ed nakupovat do zahrani\u010d\u00ed i benz\u00edn a dokonce i elekt\u0159inu, jak ned\u00e1vno hl\u00e1sila polsk\u00e1 m\u00e9dia, \u017ee majitel\u00e9 elektrick\u00fdch aut z \u010cR jezd\u00ed dob\u00edjet do Polska.<\/p>\n<p>&nbsp;<\/p>\n<div id=\"rumble_v3rx1zb\">\n<div id=\"vid_v3rx1zb\" class=\"rumble_v3rx1zb-Rumble-cls\" tabindex=\"-1\">\n<div>\n<div class=\"bigPlayUI ctp\">\n<div class=\"bigPlayUIInner ctp\"><div class='videoWrapper'>\r\n\t            <iframe src='https:\/\/rumble.com\/embed\/pj.v3rx1zb\/' frameborder='0' allowfullscreen><\/iframe>\r\n\t        <\/div><\/div>\n<\/div>\n<\/div>\n<\/div>\n<\/div>\n<p>&nbsp;<\/p>\n<p>\u00dapln\u011b ponech\u00e1m stranou koment\u00e1\u0159 k tomu, kter\u00e9ho g\u00e9nia a poradce Fialy napadl takov\u00fd \u0161\u00edlen\u00fd n\u00e1pad d\u011blat ostudu cel\u00e9mu n\u00e1rodu a jezdit na kontroln\u00ed n\u00e1kupy za hranice k soused\u016fm, co\u017e je mezin\u00e1rodn\u00ed\u00a0<em>faux paix<\/em>\u00a0a p\u0159edstavte si, jak by to vypadalo, kdyby t\u0159eba n\u011bmeck\u00fd kancl\u00e9\u0159 jezdil s man\u017eelkou na n\u00e1kupy do Biedronky v Polsku, proto\u017ee takto vysoce postaven\u00fd politik mus\u00ed d\u016fstojn\u011b reprezentovat zemi a nem\u016f\u017ee d\u011blat ze sebe kontroln\u00edho n\u00e1kup\u010d\u00edho. Podle m\u00e9ho n\u00e1zoru jde o velice nepoveden\u00e9 PR, kter\u00e9 n\u011bkdo nedomyslel, proto\u017ee v\u00fdsledkem je ostuda v zahrani\u010d\u00ed, \u017ee \u010desk\u00fd premi\u00e9r jezd\u00ed nakupovat k soused\u016fm, proto\u017ee doma je ekonomika v trosk\u00e1ch.<\/p>\n<h6><span style=\"font-size: 18pt;\">Fialovi to poradci nevysv\u011btlili, jak\u00e9 jsou 3 hlavn\u00ed d\u016fvody vysok\u00fdch cen potravin v \u010cR<\/span><\/h6>\n<p>Jen\u017ee tenhle bizarn\u00ed v\u00fdlet Petra Fialy by vlastn\u011b nest\u00e1l za \u0159e\u010d, proto\u017ee ve sv\u011bt\u011b je mnoho d\u016fle\u017eit\u011bj\u0161\u00edch ud\u00e1lost\u00ed, kter\u00e9 je t\u0159eba zpravodajsky pokr\u00fdvat, ale jedna v\u011bc mn\u011b vyd\u011bsila.\u00a0<strong>Petr Fiala toti\u017e zcela o\u010dividn\u011b ani po n\u00e1kupu netu\u0161\u00ed a nikdo mu nevysv\u011btlil a ne\u0159ekl, nikdo z poradc\u016f, co je skute\u010dnou p\u0159\u00ed\u010dinou toho, \u017ee potraviny a nejen potraviny jsou v \u010cR tak drah\u00e9.<\/strong>\u00a0V \u010cesku stoj\u00ed za vysok\u00fdmi cenami potravin tzv. Trojkombinace. Prvn\u00ed p\u0159\u00ed\u010dinou je vysok\u00e1 plo\u0161n\u00e1 a je\u0161t\u011b vy\u0161\u0161\u00ed sektorov\u00e1 inflace v \u010desk\u00e9 ekonomice. Ta je v\u016fbec jedna z nejvy\u0161\u0161\u00edch v Evrop\u011b a tlak na zvy\u0161ov\u00e1n\u00ed cen na trhu vede ke zdra\u017eov\u00e1n\u00ed pr\u00e1v\u011b potravin, do jejich\u017e cen se nejv\u00edce prom\u00edtaj\u00ed vysok\u00e9 vstupy energi\u00ed a paliv.<\/p>\n<figure id=\"attachment_57616\" class=\"wp-caption aligncenter\" style=\"width: 695px;\"><a href=\"https:\/\/aeronet.news\/wp-content\/uploads\/FialaBildKauf.jpg\"><img decoding=\"async\" loading=\"lazy\" class=\"wp-image-57616 \" src=\"https:\/\/aeronet.news\/wp-content\/uploads\/FialaBildKauf-1003x1024.jpg\" sizes=\"(max-width: 700px) 100vw, 700px\" srcset=\"https:\/\/aeronet.news\/wp-content\/uploads\/FialaBildKauf-1003x1024.jpg 1003w, https:\/\/aeronet.news\/wp-content\/uploads\/FialaBildKauf-294x300.jpg 294w, https:\/\/aeronet.news\/wp-content\/uploads\/FialaBildKauf-768x784.jpg 768w, https:\/\/aeronet.news\/wp-content\/uploads\/FialaBildKauf-700x715.jpg 700w, https:\/\/aeronet.news\/wp-content\/uploads\/FialaBildKauf-350x357.jpg 350w, https:\/\/aeronet.news\/wp-content\/uploads\/FialaBildKauf-473x483.jpg 473w, https:\/\/aeronet.news\/wp-content\/uploads\/FialaBildKauf.jpg 1044w\" alt=\"\" width=\"695\" height=\"710\" \/><\/a><figcaption class=\"wp-caption-text\">\u010cl\u00e1nek v Bildu o Fialovi a jeho n\u00e1kupu<\/figcaption><\/figure>\n<p>A pr\u00e1v\u011b ceny paliv a zejm\u00e9na elekt\u0159iny a obecn\u011b energi\u00ed jsou dal\u0161\u00ed p\u0159\u00ed\u010dinou trojkombinace a vysok\u00fdch cen. \u010cesk\u00e1 republika m\u00e1 naprosto nepochopiteln\u011b nejvy\u0161\u0161\u00ed ceny elekt\u0159iny v Evrop\u011b, p\u0159esto\u017ee je \u010cR jedn\u00edm z nejv\u011bt\u0161\u00edch export\u00e9r\u016f a v\u00fdrobc\u016f elekt\u0159iny. Elekt\u0159ina je ale \u010desk\u00fdm dom\u00e1cnostem, firm\u00e1m, podnik\u016fm, v\u00fdrobn\u00edm z\u00e1vod\u016fm, zpracovatelsk\u00fdm podnik\u016fm a \u017eivnostn\u00edk\u016fm prod\u00e1v\u00e1na za evropsk\u00e9 tr\u017en\u00ed ceny ur\u010dovan\u00e9 burzou v Lipsku. A proto\u017ee u potravin plat\u00ed pravidlo o cen\u00e1ch energi\u00ed na vstupech a v\u00fdsledn\u00e9 cen\u011b potraviny nejv\u00edce, tak se nelze divit, \u017ee v \u010cR jsou ceny potravin nejvy\u0161\u0161\u00ed. A t\u0159et\u00edm pil\u00ed\u0159em drahoty v t\u00e9to trojkombinaci je vysok\u00e9 DPH na potraviny.<\/p>\n<h6><span style=\"font-size: 18pt;\">Vysok\u00e9 dan\u011b na potraviny v \u010cR a s nimi spojen\u00e1 offsetizace DPH p\u0159en\u00e1\u0161en\u00e1 na z\u00e1kazn\u00edka<\/span><\/h6>\n<p>N\u011bmecko uplat\u0148uje 7% DPH na potraviny. Polsko uplat\u0148uje 5% DPH na potraviny, ale do konce roku 2023 je cena z\u00e1kladn\u00edch typ\u016f potravin st\u00e1le na nule.\u00a0<strong>Naproti tomu v \u010cR je DPH na potraviny neuv\u011b\u0159iteln\u00fdch 15% a pr\u00e1v\u011b o t\u011bchto 15% si zahrani\u010dn\u00ed v\u00fdrobci a distributo\u0159i potravin v \u010cR zvedaj\u00ed tzv.\u00a0<em>margin line<\/em>.<\/strong>\u00a0Tuto DPH proto p\u0159enesou na z\u00e1kazn\u00edka jako tzv. offsetovou cenu na dorovn\u00e1n\u00ed odvodu DPH. Pro oby\u010dejn\u00e9ho \u010dlov\u011bka to nen\u00ed snadno pochopiteln\u00e9, ale\u00a0<em>offsetizace<\/em>\u00a0DPH v podstat\u011b znamen\u00e1, \u017ee \u010d\u00edm je vy\u0161\u0161\u00ed DPH na potraviny, t\u00edm vy\u0161\u0161\u00ed\u00a0<em>margine line<\/em>\u00a0si prodejce nasad\u00ed, aby si odvod DPH kompenzoval.<\/p>\n<figure id=\"attachment_57614\" class=\"wp-caption aligncenter\" style=\"width: 698px;\"><a href=\"https:\/\/aeronet.news\/wp-content\/uploads\/FialaNutellaFeat.jpg\"><img decoding=\"async\" loading=\"lazy\" class=\"wp-image-57614 \" src=\"https:\/\/aeronet.news\/wp-content\/uploads\/FialaNutellaFeat-1024x574.jpg\" sizes=\"(max-width: 700px) 100vw, 700px\" srcset=\"https:\/\/aeronet.news\/wp-content\/uploads\/FialaNutellaFeat-1024x574.jpg 1024w, https:\/\/aeronet.news\/wp-content\/uploads\/FialaNutellaFeat-300x168.jpg 300w, https:\/\/aeronet.news\/wp-content\/uploads\/FialaNutellaFeat-768x431.jpg 768w, https:\/\/aeronet.news\/wp-content\/uploads\/FialaNutellaFeat-700x393.jpg 700w, https:\/\/aeronet.news\/wp-content\/uploads\/FialaNutellaFeat-636x357.jpg 636w, https:\/\/aeronet.news\/wp-content\/uploads\/FialaNutellaFeat-861x483.jpg 861w, https:\/\/aeronet.news\/wp-content\/uploads\/FialaNutellaFeat.jpg 1280w\" alt=\"\" width=\"698\" height=\"392\" \/><\/a><figcaption class=\"wp-caption-text\">Petr Fiala po n\u00e1kupu v N\u011bmecku objevil Ameriku, resp. realitu \u010desk\u00fdch potravin<\/figcaption><\/figure>\n<p>Aby to z\u00e1kazn\u00edk zkousl a nezd\u011bsil se, tak se to opticky maskuje tak, \u017ee se zachov\u00e1 p\u016fvodn\u00ed obal, ale v n\u011bm je men\u0161\u00ed gram\u00e1\u017e, nap\u0159. o 20% obsahu m\u00e9n\u011b, ale cena v porovn\u00e1n\u00ed s n\u011bmeckou cenou za stejn\u00e9 \u201cbalen\u00ed\u201d je pouze o 3% levn\u011bj\u0161\u00ed. Po p\u0159epo\u010dtu na gram\u00e1\u017e je tak \u010desk\u00e9 balen\u00ed o 17% dra\u017e\u0161\u00ed ne\u017e v N\u011bmecku nebo v Polsku.<\/p>\n<p><strong>Tato trojkombinace je pot\u00e9 doslova jako peckou do hlavy zar\u00e1mov\u00e1na v pr\u016fm\u011bru jen t\u0159etinov\u00fdmi platy a mzdami v \u010cR v porovn\u00e1n\u00ed s N\u011bmeckem,<\/strong>\u00a0ale to mluv\u00edme pouze o pr\u016fm\u011bru. Jakmile za\u010dneme mluvit o sektorov\u00fdch platech a mzd\u00e1ch, nap\u0159. o platech zdravotn\u00edk\u016f, tak u\u017e to nejsou 3x ni\u017e\u0161\u00ed platy v \u010cR pro zdravotn\u00edky, ale 4x a dokonce 7x ni\u017e\u0161\u00ed platy u l\u00e9ka\u0159\u016f s atestacemi a prax\u00ed 15+ v\u00edce let.<\/p>\n<h6><span style=\"font-size: 18pt;\">V \u010cesku jsou i po v\u00edce jak 30 letech st\u00e1le jen v pr\u016fm\u011bru t\u0159etinov\u00e9 platy a mzdy v porovn\u00e1n\u00ed s N\u011bmeckem<\/span><\/h6>\n<p>Lid\u00e9 v \u010cR tak p\u0159i p\u0159\u00edjmech v pr\u016fm\u011bru 3x ni\u017e\u0161\u00edch ne\u017e v N\u011bmecku plat\u00ed za j\u00eddlo v pr\u016fm\u011bru v\u00edce ne\u017e N\u011bmci, a kdy\u017e ve\u010der p\u0159ijdou \u010ce\u0161i dom\u016f a rozsv\u00edt\u00ed si, tak plat\u00ed o des\u00edtky procent za kilowattu v\u00edce ne\u017e N\u011bmci, a kdy\u017e na t\u00e9 drah\u00e9 elektrice si oh\u0159ej\u00ed tu nakoupenou ve\u010de\u0159i, tak za jej\u00ed nakoupen\u00ed na DPH odvedli st\u00e1tu v\u00edce jak dvakr\u00e1t tolik ne\u017e N\u011bmci za tu samou ve\u010de\u0159i.\u00a0<strong>K tomu si p\u0159ipo\u010dt\u011bte, \u017ee v N\u011bmecku m\u00e1te n\u00e1rok na starobn\u00ed d\u016fchod ji\u017e po 5 (anebo po 10) odpracovan\u00fdch letech, zat\u00edmco v \u010cR mus\u00edte m\u00edt odpracov\u00e1no a za\u0159ez\u00e1no 35 let, abyste m\u011bli v\u016fbec n\u00e1rok na d\u016fchod.\u00a0<\/strong>\u010cech tedy mus\u00ed za\u0159ez\u00e1vat 7x d\u00e9le ne\u017e N\u011bmec.<\/p>\n<figure id=\"attachment_57610\" class=\"wp-caption aligncenter\" style=\"width: 698px;\"><a href=\"https:\/\/aeronet.news\/wp-content\/uploads\/FialaNakupDoCeska.jpg\"><img decoding=\"async\" loading=\"lazy\" class=\"wp-image-57610 \" src=\"https:\/\/aeronet.news\/wp-content\/uploads\/FialaNakupDoCeska-1024x574.jpg\" sizes=\"(max-width: 700px) 100vw, 700px\" srcset=\"https:\/\/aeronet.news\/wp-content\/uploads\/FialaNakupDoCeska-1024x574.jpg 1024w, https:\/\/aeronet.news\/wp-content\/uploads\/FialaNakupDoCeska-300x168.jpg 300w, https:\/\/aeronet.news\/wp-content\/uploads\/FialaNakupDoCeska-768x431.jpg 768w, https:\/\/aeronet.news\/wp-content\/uploads\/FialaNakupDoCeska-700x393.jpg 700w, https:\/\/aeronet.news\/wp-content\/uploads\/FialaNakupDoCeska-636x357.jpg 636w, https:\/\/aeronet.news\/wp-content\/uploads\/FialaNakupDoCeska-861x483.jpg 861w, https:\/\/aeronet.news\/wp-content\/uploads\/FialaNakupDoCeska.jpg 1280w\" alt=\"\" width=\"698\" height=\"392\" \/><\/a><figcaption class=\"wp-caption-text\">Petr Fiala ve Waldsassenu<\/figcaption><\/figure>\n<p>A tohle u\u017e nem\u00e1 nic spole\u010dn\u00e9ho s DPH, ani s inflac\u00ed, ani s vysok\u00fdmi cenami energi\u00ed, proto\u017ee to u\u017e ukazuje na otrock\u00e9 postaven\u00ed \u010desk\u00e9ho d\u011bln\u00edka. Bude\u0161 cel\u00fd \u017eivot br\u00e1t jen t\u0159etinovou nebo ni\u017e\u0161\u00ed mzdu, bude\u0161 za elekt\u0159inu platit v\u00edce, bude\u0161 za j\u00eddlo platit v\u00edce, bude\u0161 za DPH z j\u00eddla platit v\u00edce a do d\u016fchodu bude\u0161 sm\u011bt odej\u00edt, a\u017e bude\u0161 padat na hubu po 35 letech, zat\u00edmco N\u011bmec, pro kter\u00e9ho pracuje\u0161 v \u010desk\u00e9 montovn\u011b, m\u016f\u017ee j\u00edt do d\u016fchodu prakticky kdykoliv, kdy si zamane, t\u0159eba u\u017e po 5 odpracovan\u00fdch letech. Sice za mal\u00e9 pen\u00edze, ale m\u016f\u017ee si potom k tomu d\u016fchodu d\u00e1l pracovat a pob\u00edrat d\u016fchodov\u00e9 benefity.<\/p>\n<h6><span style=\"font-size: 18pt;\">Do d\u016fchodu v N\u011bmecku ji\u017e po 5 letech, v \u010cesku a\u017e po 7x del\u0161\u00ed dob\u011b!<\/span><\/h6>\n<p>Prost\u011b ten probl\u00e9m nen\u00ed jen v cen\u00e1ch potravin, p\u0159\u00e1tel\u00e9. To byste byli opravdu naivn\u00ed, kdybyste si to mysleli. Tohle je d\u011bsiv\u00fd syst\u00e9m, kter\u00fd byl v roce 1990 nastaven a vymy\u0161len jako forma opakov\u00e1n\u00ed Protektor\u00e1tu \u010cechy a Morava.\u00a0<strong>Ur\u010dit\u011b si pamatujete na slavn\u00fd projev V\u00e1clava Klause jako ministra financ\u00ed v roce 1990, kdy\u017e prohl\u00e1sil, \u017ee do 10 let by cht\u011bl srovnat platy a mzdy s N\u011bmeckem.<\/strong>\u00a0To se mu v\u016fbec nepovedlo, proto\u017ee jedin\u00e9, co se s N\u011bmeckem srovnalo za t\u011bch 10 let, byly ceny zbo\u017e\u00ed, slu\u017eeb, n\u00e1jm\u016f a nemovitost\u00ed v \u010cR. Ty se opravdu srovnaly, v\u010detn\u011b ceny paliv a energi\u00ed, ale mzdy a platy z\u016fst\u00e1vaj\u00ed po\u0159\u00e1d v pr\u016fm\u011bru jen t\u0159etinov\u00e9.<\/p>\n<figure id=\"attachment_57617\" class=\"wp-caption aligncenter\" style=\"width: 696px;\"><a href=\"https:\/\/aeronet.news\/wp-content\/uploads\/FialaNakupWaldsassen.jpg\"><img decoding=\"async\" loading=\"lazy\" class=\"wp-image-57617 \" src=\"https:\/\/aeronet.news\/wp-content\/uploads\/FialaNakupWaldsassen-1024x574.jpg\" sizes=\"(max-width: 700px) 100vw, 700px\" srcset=\"https:\/\/aeronet.news\/wp-content\/uploads\/FialaNakupWaldsassen-1024x574.jpg 1024w, https:\/\/aeronet.news\/wp-content\/uploads\/FialaNakupWaldsassen-300x168.jpg 300w, https:\/\/aeronet.news\/wp-content\/uploads\/FialaNakupWaldsassen-768x431.jpg 768w, https:\/\/aeronet.news\/wp-content\/uploads\/FialaNakupWaldsassen-700x393.jpg 700w, https:\/\/aeronet.news\/wp-content\/uploads\/FialaNakupWaldsassen-636x357.jpg 636w, https:\/\/aeronet.news\/wp-content\/uploads\/FialaNakupWaldsassen-861x483.jpg 861w, https:\/\/aeronet.news\/wp-content\/uploads\/FialaNakupWaldsassen.jpg 1280w\" alt=\"\" width=\"696\" height=\"391\" \/><\/a><figcaption class=\"wp-caption-text\">Fial\u016fv kontroln\u00ed n\u00e1kup ve Waldsassenu<\/figcaption><\/figure>\n<p>Kdy\u017e potom vid\u00edte sou\u010dasn\u00e9ho premi\u00e9ra takov\u00e9 zem\u011b, jak teatr\u00e1ln\u011b jede do N\u011bmecka a nakupuje v Bavorsku levn\u011bji a s v\u00fdrazem nech\u00e1pavce potom p\u0159em\u00fd\u0161l\u00ed nahlas p\u0159ed kamerou, pro\u010d je to v \u010cR dra\u017e\u0161\u00ed, tak najednou si ti vn\u00edmav\u011bj\u0161\u00ed uv\u011bdom\u00ed, v jak\u00fdch sra*k\u00e1ch \u010desk\u00fd n\u00e1rod \u017eije u\u017e v\u00edce jak 30 let. \u010cech m\u00e1 v\u0161echno dra\u017e\u0161\u00ed, dan\u011b i na to j\u00eddlo m\u00e1 vy\u0161\u0161\u00ed a do d\u016fchodu m\u016f\u017ee odej\u00edt a\u017e po 7x del\u0161\u00ed odpracovan\u00e9 dob\u011b ne\u017e N\u011bmec.<\/p>\n<p><em>Das ist schrecklich!<\/em>\u00a0Takov\u00e1 je realita. Zdaleka tak nejde jen o probl\u00e9m s cenami potravin. Jde i o jejich kvalitu, slo\u017een\u00ed, konzervanty, pou\u017e\u00edv\u00e1n\u00ed gluk\u00f3zo-frukt\u00f3zov\u00e9ho sirupu jako sladidla pro n\u00e1poje v \u010cesku, zat\u00edmco ty sam\u00e9 tady v N\u011bmecku maj\u00ed norm\u00e1ln\u00ed cukr atd. Nen\u00ed to prost\u011b jen o cenotvorb\u011b, je to tom, \u017ee \u010cesko se stalo potravinovou skl\u00e1dkou Evropy a ob\u010dan\u00e9 to kupuj\u00ed a konzumuj\u00ed, proto\u017ee kde jste vid\u011bli, aby se do pracovn\u00edho l\u00e1gru dod\u00e1valy kvalitn\u00ed potraviny za n\u00edzk\u00e9 ceny odpov\u00eddaj\u00edc\u00ed n\u00edzk\u00fdm mzd\u00e1m tot\u00e1ln\u011b nasazen\u00fdch \u010cech\u016f? To prost\u011b nen\u00ed dovoleno. A nejen, \u017ee ani premi\u00e9r s t\u00edm nic neud\u011bl\u00e1, on ani netu\u0161\u00ed, v \u010dem ten probl\u00e9m spo\u010d\u00edv\u00e1.<\/p>\n<p><a href=\"https:\/\/aeronet.news\/video-cesky-prezident-nakupuje-v-polsku-a-premier-fiala-pro-zmenu-u-nas-nemecka-media-se-bavi-kontrolnim-nakupem-petra-fialy-ktery-objevil-ze-v-cr-je-to-drazsi-chce-pry-jednat-s-vyrobci\/\">-VK- \u0160\u00e9fredaktor AE News<\/a><\/p>\n<p>&nbsp;<\/p>\n<p><a href=\"https:\/\/stranapro.cz\/\"><img decoding=\"async\" loading=\"lazy\" class=\"wp-image-30218 aligncenter\" src=\"http:\/\/www.infokuryr.cz\/n\/wp-content\/uploads\/2023\/06\/PRO-banner-300x36.png\" alt=\"\" width=\"1367\" height=\"164\" srcset=\"https:\/\/www.infokuryr.cz\/n\/wp-content\/uploads\/2023\/06\/PRO-banner-300x36.png 300w, https:\/\/www.infokuryr.cz\/n\/wp-content\/uploads\/2023\/06\/PRO-banner-768x93.png 768w, https:\/\/www.infokuryr.cz\/n\/wp-content\/uploads\/2023\/06\/PRO-banner.png 849w\" sizes=\"(max-width: 1367px) 100vw, 1367px\" \/><\/a><\/p>\n<p>&nbsp;<\/p>\n<p>&nbsp;<\/p>\n<p>&nbsp;<\/p>\n","protected":false},"excerpt":{"rendered":"<p>\u010cesk\u00fd prezident nakupuje v Polsku a premi\u00e9r Fiala pro zm\u011bnu u n\u00e1s! N\u011bmeck\u00e1 m\u00e9dia se&#8230;<\/p>\n","protected":false},"author":2,"featured_media":39957,"comment_status":"closed","ping_status":"closed","sticky":false,"template":"","format":"standard","meta":[],"categories":[6],"tags":[1042,59,371,2299,535],"_links":{"self":[{"href":"https:\/\/www.infokuryr.cz\/n\/wp-json\/wp\/v2\/posts\/39956"}],"collection":[{"href":"https:\/\/www.infokuryr.cz\/n\/wp-json\/wp\/v2\/posts"}],"about":[{"href":"https:\/\/www.infokuryr.cz\/n\/wp-json\/wp\/v2\/types\/post"}],"author":[{"embeddable":true,"href":"https:\/\/www.infokuryr.cz\/n\/wp-json\/wp\/v2\/users\/2"}],"replies":[{"embeddable":true,"href":"https:\/\/www.infokuryr.cz\/n\/wp-json\/wp\/v2\/comments?post=39956"}],"version-history":[{"count":0,"href":"https:\/\/www.infokuryr.cz\/n\/wp-json\/wp\/v2\/posts\/39956\/revisions"}],"wp:featuredmedia":[{"embeddable":true,"href":"https:\/\/www.infokuryr.cz\/n\/wp-json\/wp\/v2\/media\/39957"}],"wp:attachment":[{"href":"https:\/\/www.infokuryr.cz\/n\/wp-json\/wp\/v2\/media?parent=39956"}],"wp:term":[{"taxonomy":"category","embeddable":true,"href":"https:\/\/www.infokuryr.cz\/n\/wp-json\/wp\/v2\/categories?post=39956"},{"taxonomy":"post_tag","embeddable":true,"href":"https:\/\/www.infokuryr.cz\/n\/wp-json\/wp\/v2\/tags?post=39956"}],"curies":[{"name":"wp","href":"https:\/\/api.w.org\/{rel}","templated":true}]}}