{"id":39949,"date":"2023-11-09T01:20:59","date_gmt":"2023-11-09T00:20:59","guid":{"rendered":"https:\/\/www.infokuryr.cz\/n\/?p=39949"},"modified":"2023-11-08T18:38:21","modified_gmt":"2023-11-08T17:38:21","slug":"eva-hrindova-zapadni-hodnoty","status":"publish","type":"post","link":"https:\/\/www.infokuryr.cz\/n\/2023\/11\/09\/eva-hrindova-zapadni-hodnoty\/","title":{"rendered":"Eva Hrindov\u00e1: Z\u00e1padn\u00ed hodnoty"},"content":{"rendered":"<div id=\"fb-root\"><\/div>\n<p><strong>Na\u0161e vl\u00e1da n\u00e1s tak z\u00e1sobuje, \u017ee ani jej\u00ed kon\u00e1n\u00ed nest\u00edh\u00e1m komentovat. A tak u\u017e jen tak rezignovan\u011b proj\u00ed\u017ed\u00edm internet a jen z\u00edr\u00e1m.<\/strong><\/p>\n<p>Nejprve m\u011b zaujalo video rusk\u00e9ho zp\u011bv\u00e1ka \u0160amana, kter\u00fd na n\u011bjak\u00fdch dnech rusk\u00e9 lidov\u00e9 p\u00edsn\u011b v Kremlu zazp\u00edval p\u00edse\u0148 o koni za doprovodu mu\u017esk\u00e9ho sboru z n\u011bjak\u00e9ho kl\u00e1\u0161tera. Na p\u00f3diu idol rusk\u00e9 popkultury zp\u00edv\u00e1 naprosto \u00fachvatn\u011b silnou p\u00edse\u0148. A za n\u00edm skute\u010dn\u00ed velc\u00ed chlapi, \u017e\u00e1dn\u00e9 hysterick\u00e9 ma\u0161kary. Publikum dojat\u00e9, ta s\u00edla k v\u00e1m doputuje i z toho videa. Z toho je jasn\u00e9, \u017ee Rusov\u00e9 jsou n\u00e1rodem, kter\u00fd se jen tak nevzd\u00e1v\u00e1 a dr\u017e\u00ed hodnoty.<\/p>\n<p><iframe loading=\"lazy\" title=\"SHAMAN \u0438 \u0445\u043e\u0440 \u0421\u0440\u0435\u0442\u0435\u043d\u0441\u043a\u043e\u0433\u043e \u043c\u043e\u043d\u0430\u0441\u0442\u044b\u0440\u044f - \u041a\u043e\u043d\u044c\" width=\"640\" height=\"360\" src=\"https:\/\/www.youtube.com\/embed\/tbCjqNXVtJM?feature=oembed\" frameborder=\"0\" allow=\"accelerometer; autoplay; clipboard-write; encrypted-media; gyroscope; picture-in-picture; web-share\" allowfullscreen><\/iframe><\/p>\n<p>A pak hned na m\u011b vysko\u010dilo video, jak n\u011bjak\u00e1 \u017eensk\u00e1 v tang\u00e1ch se dr\u017e\u00ed m\u00edsto na elektronick\u00e9m b\u00fdkovi na velk\u00e9m penisu. Ten rozd\u00edl je do o\u010d\u00ed bij\u00edc\u00ed&#8230; Jen stud a o\u0161klivost.<\/p>\n<p>Rusko, kter\u00e9 dr\u017e\u00ed tradice a hodnoty, v\u00e1\u017e\u00ed si sv\u00e9 minulosti, toho, co vybudovali, co pro\u017eili a co ob\u011btovali. A vedle toho progresivn\u00ed Z\u00e1pad, jeho\u017e hodnoty se projevuj\u00ed nen\u00e1vist\u00ed, neschopnost\u00ed kritick\u00e9ho my\u0161len\u00ed, n\u00e1lepkov\u00e1n\u00edm a agresivitou. Kdy\u017e se n\u011bkdo zabal\u00ed do izraelsk\u00e9 vlajky, \u017e\u00e1dn\u00e9 hodnoty t\u00edm nez\u00edsk\u00e1. Kdy\u017e se n\u011bkdo fot\u00ed s obr\u00e1zky unesen\u00fdch d\u011bt\u00ed, je za idiota, pokud nep\u0159istupuje ke V\u0160EM utr\u00e1pen\u00fdm d\u011btem stejn\u011b. A \u017ee t\u011bch ob\u011bt\u00ed americk\u00fdch v\u00e1lek posledn\u00ed dobou bylo!<\/p>\n<p>A\u017e je jednomu stydno za ty na\u0161e &#8222;mor\u00e1ln\u00ed&#8220; elity. A k tomu studu p\u0159idejte i lehkou z\u00e1vist. Ano, z\u00e1vid\u00edm t\u011bm n\u00e1rod\u016fm, kter\u00e9 si v\u00e1\u017e\u00ed lid\u00ed, senior\u016f, kter\u00e9 ct\u00ed rodinu a nepot\u0159ebuj\u00ed ka\u017ed\u00fd t\u00fdden vyv\u011b\u0161ovat jin\u00e9 vlajky, aby si jejich &#8222;mor\u00e1ln\u00ed autority&#8220; dok\u00e1zali sv\u00e9 hodnoty. Na\u0161i lid\u00e9 jak b\u00e1rky ve v\u011btru p\u0159eskakuj\u00ed od jedn\u00e9 kampan\u011b k druh\u00e9, kotva skute\u010dn\u00fdch hodnot jim opravdu chyb\u00ed&#8230;<\/p>\n<p><a href=\"https:\/\/www.evahrindova.cz\/zapadni-hodnoty\">Eva Hrindov\u00e1<\/a><\/p>\n<p>&nbsp;<\/p>\n<p><a href=\"https:\/\/stranapro.cz\/\"><img decoding=\"async\" loading=\"lazy\" class=\"wp-image-30218 aligncenter\" src=\"http:\/\/www.infokuryr.cz\/n\/wp-content\/uploads\/2023\/06\/PRO-banner-300x36.png\" alt=\"\" width=\"1367\" height=\"164\" srcset=\"https:\/\/www.infokuryr.cz\/n\/wp-content\/uploads\/2023\/06\/PRO-banner-300x36.png 300w, https:\/\/www.infokuryr.cz\/n\/wp-content\/uploads\/2023\/06\/PRO-banner-768x93.png 768w, https:\/\/www.infokuryr.cz\/n\/wp-content\/uploads\/2023\/06\/PRO-banner.png 849w\" sizes=\"(max-width: 1367px) 100vw, 1367px\" \/><\/a><\/p>\n<p>&nbsp;<\/p>\n<p>&nbsp;<\/p>\n<p>&nbsp;<\/p>\n","protected":false},"excerpt":{"rendered":"<p>Na\u0161e vl\u00e1da n\u00e1s tak z\u00e1sobuje, \u017ee ani jej\u00ed kon\u00e1n\u00ed nest\u00edh\u00e1m komentovat. A tak u\u017e jen&#8230;<\/p>\n","protected":false},"author":2,"featured_media":39950,"comment_status":"closed","ping_status":"closed","sticky":false,"template":"","format":"standard","meta":[],"categories":[6],"tags":[29,99,6244],"_links":{"self":[{"href":"https:\/\/www.infokuryr.cz\/n\/wp-json\/wp\/v2\/posts\/39949"}],"collection":[{"href":"https:\/\/www.infokuryr.cz\/n\/wp-json\/wp\/v2\/posts"}],"about":[{"href":"https:\/\/www.infokuryr.cz\/n\/wp-json\/wp\/v2\/types\/post"}],"author":[{"embeddable":true,"href":"https:\/\/www.infokuryr.cz\/n\/wp-json\/wp\/v2\/users\/2"}],"replies":[{"embeddable":true,"href":"https:\/\/www.infokuryr.cz\/n\/wp-json\/wp\/v2\/comments?post=39949"}],"version-history":[{"count":1,"href":"https:\/\/www.infokuryr.cz\/n\/wp-json\/wp\/v2\/posts\/39949\/revisions"}],"predecessor-version":[{"id":39951,"href":"https:\/\/www.infokuryr.cz\/n\/wp-json\/wp\/v2\/posts\/39949\/revisions\/39951"}],"wp:featuredmedia":[{"embeddable":true,"href":"https:\/\/www.infokuryr.cz\/n\/wp-json\/wp\/v2\/media\/39950"}],"wp:attachment":[{"href":"https:\/\/www.infokuryr.cz\/n\/wp-json\/wp\/v2\/media?parent=39949"}],"wp:term":[{"taxonomy":"category","embeddable":true,"href":"https:\/\/www.infokuryr.cz\/n\/wp-json\/wp\/v2\/categories?post=39949"},{"taxonomy":"post_tag","embeddable":true,"href":"https:\/\/www.infokuryr.cz\/n\/wp-json\/wp\/v2\/tags?post=39949"}],"curies":[{"name":"wp","href":"https:\/\/api.w.org\/{rel}","templated":true}]}}