{"id":39946,"date":"2023-11-09T01:18:11","date_gmt":"2023-11-09T00:18:11","guid":{"rendered":"https:\/\/www.infokuryr.cz\/n\/?p=39946"},"modified":"2023-11-08T18:22:52","modified_gmt":"2023-11-08T17:22:52","slug":"koreny-genocidy","status":"publish","type":"post","link":"https:\/\/www.infokuryr.cz\/n\/2023\/11\/09\/koreny-genocidy\/","title":{"rendered":"Ko\u0159eny genocidy\u2026."},"content":{"rendered":"<div id=\"fb-root\"><\/div>\n<p>Jak\u00e1koli\u00a0<strong>genocida je zalo\u017eena na teorii vyvolenosti toho \u010di onoho \u010dlov\u011bka, kter\u00fd m\u00e1 pr\u00e1vo rozhodovat o tom, kdo a jak bude \u017e\u00edt, a n\u011bkdy\u2026 kdo m\u00e1 pr\u00e1vo \u017e\u00edt a kdo ne.<\/strong><\/p>\n<p>Ameri\u010dt\u00ed v\u016fdci 18. a 19. stolet\u00ed (i dne\u0161n\u00edho)\u00a0<strong>pova\u017eovali sv\u016fj lid za vyvolen\u00e9 a indi\u00e1ny za nedostate\u010dn\u011b civilizovan\u00e9 divochy\u2026 aby mohli \u017e\u00edt na Zemi sv\u00fdch p\u0159edk\u016f<\/strong>.<\/p>\n<p>Hitler pova\u017eoval <strong>\u201e\u00c1rijce\u201c<\/strong> za vyvolen\u00e9 lidi a zbytek za podlidi (v t\u00e9 \u010di on\u00e9 m\u00ed\u0159e), z nich\u017e n\u011bkte\u0159\u00ed podle jeho n\u00e1zoru tak\u00e9 nem\u011bli pr\u00e1vo na \u017eivot.<\/p>\n<p>A veden\u00ed Izraele (a mus\u00edme si p\u0159ipomenout, \u017ee\u00a0<strong>v judaismu existuje i koncept vyvolen\u00e9ho lidu) se tak\u00e9 pova\u017eovalo za pr\u00e1vo rozhodovat o tom, kte\u0159\u00ed lid\u00e9 maj\u00ed pr\u00e1vo \u017e\u00edt v Palestin\u011b a kte\u0159\u00ed ne. A tak nyn\u00ed ospravedl\u0148uj\u00ed svou genocidu proti Palestinc\u016fm.<\/strong><\/p>\n<p>A pak jsou moji izrael\u0161t\u00ed \u010dlenov\u00e9 telegramov\u00e9ho kan\u00e1lu st\u00e1le rozho\u0159\u010deni t\u00edm, pro\u010d p\u0159irovn\u00e1v\u00e1m jejich veden\u00ed k n\u011bmeck\u00fdm nacist\u016fm.<\/p>\n<p>Jak to \u010dlov\u011bk nem\u016f\u017ee srovn\u00e1vat? P\u0159irovn\u00e1n\u00ed je doslova p\u0159\u00edm\u00e9 a z\u0159ejm\u00e9 ka\u017ed\u00e9mu mysl\u00edc\u00edmu \u010dlov\u011bku.<\/p>\n<p>Ch\u00e1pu, \u017ee je to nep\u0159\u00edjemn\u00e9 \u010d\u00edst. Ale \u201e<strong>nen\u00ed vina zrcadla, kdy\u017e je obli\u010dej pok\u0159iven\u00fd<\/strong>\u2026\u201c (p\u0159\u00edslov\u00ed).<\/p>\n<p>Juri Podoljak<\/p>\n<p>&nbsp;<\/p>\n<p><a href=\"https:\/\/stranapro.cz\/\"><img decoding=\"async\" loading=\"lazy\" class=\"wp-image-30218 aligncenter\" src=\"http:\/\/www.infokuryr.cz\/n\/wp-content\/uploads\/2023\/06\/PRO-banner-300x36.png\" alt=\"\" width=\"1358\" height=\"163\" srcset=\"https:\/\/www.infokuryr.cz\/n\/wp-content\/uploads\/2023\/06\/PRO-banner-300x36.png 300w, https:\/\/www.infokuryr.cz\/n\/wp-content\/uploads\/2023\/06\/PRO-banner-768x93.png 768w, https:\/\/www.infokuryr.cz\/n\/wp-content\/uploads\/2023\/06\/PRO-banner.png 849w\" sizes=\"(max-width: 1358px) 100vw, 1358px\" \/><\/a><\/p>\n<p>&nbsp;<\/p>\n<p>&nbsp;<\/p>\n<p>&nbsp;<\/p>\n","protected":false},"excerpt":{"rendered":"<p>Jak\u00e1koli\u00a0genocida je zalo\u017eena na teorii vyvolenosti toho \u010di onoho \u010dlov\u011bka, kter\u00fd m\u00e1 pr\u00e1vo rozhodovat o&#8230;<\/p>\n","protected":false},"author":2,"featured_media":39947,"comment_status":"closed","ping_status":"closed","sticky":false,"template":"","format":"standard","meta":[],"categories":[6],"tags":[178,107,1503,92],"_links":{"self":[{"href":"https:\/\/www.infokuryr.cz\/n\/wp-json\/wp\/v2\/posts\/39946"}],"collection":[{"href":"https:\/\/www.infokuryr.cz\/n\/wp-json\/wp\/v2\/posts"}],"about":[{"href":"https:\/\/www.infokuryr.cz\/n\/wp-json\/wp\/v2\/types\/post"}],"author":[{"embeddable":true,"href":"https:\/\/www.infokuryr.cz\/n\/wp-json\/wp\/v2\/users\/2"}],"replies":[{"embeddable":true,"href":"https:\/\/www.infokuryr.cz\/n\/wp-json\/wp\/v2\/comments?post=39946"}],"version-history":[{"count":1,"href":"https:\/\/www.infokuryr.cz\/n\/wp-json\/wp\/v2\/posts\/39946\/revisions"}],"predecessor-version":[{"id":39948,"href":"https:\/\/www.infokuryr.cz\/n\/wp-json\/wp\/v2\/posts\/39946\/revisions\/39948"}],"wp:featuredmedia":[{"embeddable":true,"href":"https:\/\/www.infokuryr.cz\/n\/wp-json\/wp\/v2\/media\/39947"}],"wp:attachment":[{"href":"https:\/\/www.infokuryr.cz\/n\/wp-json\/wp\/v2\/media?parent=39946"}],"wp:term":[{"taxonomy":"category","embeddable":true,"href":"https:\/\/www.infokuryr.cz\/n\/wp-json\/wp\/v2\/categories?post=39946"},{"taxonomy":"post_tag","embeddable":true,"href":"https:\/\/www.infokuryr.cz\/n\/wp-json\/wp\/v2\/tags?post=39946"}],"curies":[{"name":"wp","href":"https:\/\/api.w.org\/{rel}","templated":true}]}}