{"id":39898,"date":"2023-11-09T00:59:24","date_gmt":"2023-11-08T23:59:24","guid":{"rendered":"https:\/\/www.infokuryr.cz\/n\/?p=39898"},"modified":"2023-11-08T15:21:59","modified_gmt":"2023-11-08T14:21:59","slug":"volani-o-pomoc-ukrajinska-tajna-sluzba-lovi-opozicni-politiky-a-autora-nachdenkseiten-maxima-goldarba","status":"publish","type":"post","link":"https:\/\/www.infokuryr.cz\/n\/2023\/11\/09\/volani-o-pomoc-ukrajinska-tajna-sluzba-lovi-opozicni-politiky-a-autora-nachdenkseiten-maxima-goldarba\/","title":{"rendered":"Vol\u00e1n\u00ed o pomoc: Ukrajinsk\u00e1 tajn\u00e1 slu\u017eba lov\u00ed opozi\u010dn\u00ed politiky a autora NachDenkSeiten Maxima Goldarba"},"content":{"rendered":"<div id=\"fb-root\"><\/div>\n<p><em><strong>Od \u00fanora 2023 ukrajinsk\u00fd opozi\u010dn\u00ed aktivista a pr\u00e1vn\u00edk\u00a0Maxim Goldarb\u00a0(Unie levicov\u00fdch sil) pravideln\u011b p\u00ed\u0161e \u010dl\u00e1nky pro NachDenkSeiten o situaci ve sv\u00e9 vlasti pod nadpisem\u00a0<a href=\"https:\/\/www.nachdenkseiten.de\/?gastautor=maxim-goldarb\">\u201eHlasy z Ukrajiny\u201c<\/a>\u00a0.\u00a0Mimo jin\u00e9 psal o korupci na ministerstvu obrany, s\u00edl\u00edc\u00ed totalit\u011b, brut\u00e1ln\u00edm pron\u00e1sledov\u00e1n\u00ed ka\u017ed\u00e9 levicov\u00e9 opozice, postupn\u00e9m rozkladu \u00fastavn\u00edho st\u00e1tu a vyslovil se pro m\u00edrov\u00e1 jedn\u00e1n\u00ed.\u00a0Nyn\u00ed jsme od n\u011bj obdr\u017eeli v\u00fdzvu o pomoc, ve kter\u00e9 popisuje, jak po posledn\u00edm zve\u0159ejn\u011bn\u00ed o NDS ukrajinsk\u00e1 tajn\u00e1 slu\u017eba SBU prohledala jeho byt a st\u00e1tn\u00ed zastupitelstv\u00ed ho obvinilo z \u201einforma\u010dn\u00ed \u010dinnosti ve prosp\u011bch agresora\u201c .\u00a0Jeho dopis dokumentujeme doslovn\u011b.<\/strong><\/em><\/p>\n<p><span>V\u00e1\u017een\u00fd Floriane Warwegu, v\u00e1\u017een\u00fd redak\u010dn\u00ed t\u00fdm NachDenkSeiten,<\/span><\/p>\n<p><span>Jsem vd\u011b\u010dn\u00fd v\u00e1m a va\u0161\u00ed publikaci, \u017ee jste neohro\u017een\u011b publikovali m\u00e9 \u010dl\u00e1nky, p\u0159esto\u017ee z\u00e1padn\u00ed vl\u00e1dy a v\u011bt\u0161ina m\u00e9di\u00ed prosazuj\u00ed politiku ml\u010den\u00ed o skute\u010dn\u00e9 situaci na Ukrajin\u011b.<\/span><\/p>\n<p><span>Ned\u00e1vno jste\u00a0<\/span><a href=\"https:\/\/www.nachdenkseiten.de\/?p=103469\"><span>publikoval<\/span><\/a><span>\u00a0m\u016fj \u010dl\u00e1nek o tom , jak je na Ukrajin\u011b ka\u017ed\u00fd, kdo nesouhlas\u00ed s vl\u00e1dou, prohl\u00e1\u0161en za \u201est\u00e1tn\u00ed zr\u00e1dce\u201c.\u00a0Jen p\u00e1r t\u00fddn\u016f po zve\u0159ejn\u011bn\u00ed tohoto \u010dl\u00e1nku, dne 12. \u0159\u00edjna 2023, provedla Bezpe\u010dnostn\u00ed slu\u017eba Ukrajiny (SBU) v m\u00e9m byt\u011b v Kyjev\u011b prohl\u00eddku, p\u0159i kter\u00e9 zabavila osobn\u00ed v\u011bci a penzijn\u00ed \u00faspory m\u00fdch rodi\u010d\u016f, proto\u017ee org\u00e1ny \u010dinn\u00e9 v trestn\u00edm \u0159\u00edzen\u00ed nemohly naj\u00edt cokoliv neleg\u00e1ln\u00edho.\u00a0Potom, jakoby podle algoritmu, kter\u00fd jsem zm\u00ednil v tomto ned\u00e1vn\u00e9m \u010dl\u00e1nku, m\u011b Bezpe\u010dnostn\u00ed slu\u017eba Ukrajiny a prokuratura v nep\u0159\u00edtomnosti obvinily z \u00fadajn\u00e9 informa\u010dn\u00ed \u010dinnosti ve prosp\u011bch agresora a ospravedl\u0148ov\u00e1n\u00ed agrese proti Ukrajin\u011b.<\/span><\/p>\n<p><span>Soudu byla zasl\u00e1na \u017e\u00e1dost o m\u00e9 zat\u010den\u00ed a zadr\u017een\u00ed ve v\u011bzen\u00ed.\u00a0P\u0159itom samotn\u00e1 p\u00edsemnost podez\u0159en\u00ed mi nebyla p\u0159ed\u00e1na a doru\u010dena z\u00e1konem p\u0159edepsan\u00fdm postupem, \u010d\u00edm\u017e byla hrub\u011b poru\u0161ena moje pr\u00e1va na obhajobu.\u00a0Co bylo podkladem pro SBU a st\u00e1tn\u00ed z\u00e1stupce k tak z\u00e1va\u017en\u00e9mu obvin\u011bn\u00ed?<\/span><\/p>\n<p><span>V\u00e1\u017en\u00e9 d\u016fkazy o m\u00e9 vin\u011b, jako jsou provozn\u00ed \u00fadaje, neutajovan\u00e9 informace, v\u00fdsledky v\u00fdslech\u016f sv\u011bdk\u016f, v\u00fdsledky odposlech\u016f a prohl\u00eddek?\u00a0Ne.\u00a0Mo\u017en\u00e1 \u0161pion\u00e1\u017e, sabot\u00e1\u017e, pu\u010d, vra\u017eda, korupce?\u00a0Tak\u00e9 ne.\u00a0Proto\u017ee tomu tak nebylo a ani nemohlo b\u00fdt: jako pr\u00e1vn\u00edk v\u017edy pracuji v\u00fdhradn\u011b v z\u00e1konn\u00e9m r\u00e1mci.<\/span><\/p>\n<p><span>Ale v t\u011bchto dnech na Ukrajin\u011b ji\u017e nepot\u0159ebujete d\u016fkaz o vin\u011b, abyste mohli st\u00edhat \u010dleny opozice.\u00a0Sta\u010d\u00ed na soci\u00e1ln\u00edch s\u00edt\u00edch zve\u0159ej\u0148ovat prohl\u00e1\u0161en\u00ed o p\u0159\u00ed\u010din\u00e1ch a d\u016fsledc\u00edch v\u00e1lky na Ukrajin\u011b, kter\u00e9 se odchyluj\u00ed od ofici\u00e1ln\u00edch stanovisek ukrajinsk\u00fdch \u00fa\u0159ad\u016f.<\/span><\/p>\n<p><strong>O \u010dem jsem tedy mluvil ve sv\u00fdch \u010dl\u00e1nc\u00edch, p\u0159\u00edsp\u011bvc\u00edch na soci\u00e1ln\u00edch s\u00edt\u00edch, projevech a rozhovorech?<\/strong><\/p>\n<ul>\n<li><span>Mluvil jsem o nutnosti okam\u017eit\u00e9ho zastaven\u00ed nep\u0159\u00e1telstv\u00ed a zah\u00e1jen\u00ed m\u00edrov\u00fdch rozhovor\u016f.<\/span><\/li>\n<li><span>Psal jsem o hroz\u00edc\u00ed jadern\u00e9 katastrof\u011b.<\/span><\/li>\n<li><span>Pouk\u00e1zal jsem na p\u0159\u00edjemce v\u00e1lky na Ukrajin\u011b, p\u0159edev\u0161\u00edm na oligarchii a vojensko-pr\u016fmyslov\u00fd komplex.<\/span><\/li>\n<li><span>Psal jsem o nep\u0159edstaviteln\u00e9 korupci na Ukrajin\u011b a zejm\u00e9na v arm\u00e1d\u011b.<\/span><\/li>\n<li><span>Otev\u0159en\u011b jsem mluvil o vzestupu neonacismu v m\u00e9 zemi.<\/span><\/li>\n<li><span>Nakreslil jsem historick\u00e9 paralely pro srovn\u00e1n\u00ed s dne\u0161n\u00edmi pom\u011bry.<\/span><\/li>\n<\/ul>\n<p><span>Psal jsem a mluvil o v\u0161em, co je dlouho zn\u00e1mo na Ukrajin\u011b, ve Spojen\u00fdch st\u00e1tech, v Evrop\u011b a ve sv\u011bt\u011b.<\/span><\/p>\n<p><span>Ale dnes na Ukrajin\u011b je takov\u00e9 vyj\u00e1d\u0159en\u00ed my\u0161lenkov\u00fdm zlo\u010dinem, t\u011b\u017ek\u00fdm h\u0159\u00edchem v o\u010d\u00edch sou\u010dasn\u00e9 vl\u00e1dy, proto\u017ee disent, objektivita a pravda podkop\u00e1vaj\u00ed z\u00e1klad jej\u00ed moci.\u00a0To se na dne\u0161n\u00ed Ukrajin\u011b trest\u00e1 povinn\u00fdm zat\u010den\u00edm bez zatyka\u010de, a\u017e 15 lety v\u011bzen\u00ed a konfiskac\u00ed ve\u0161ker\u00e9ho majetku.<\/span><\/p>\n<p><span>Moje politicky motivovan\u00e9 trestn\u00ed st\u00edh\u00e1n\u00ed je n\u00e1zorn\u00fdm p\u0159\u00edkladem nez\u00e1konnosti a systematicky budovan\u00e9 represivn\u00ed politiky Zelensk\u00e9ho re\u017eimu, kter\u00e1 podle m\u00e9ho n\u00e1zoru sm\u011b\u0159uje k \u00fapln\u00e9mu zni\u010den\u00ed disentu a opozice na Ukrajin\u011b a nastolen\u00ed diktatury.<\/span><\/p>\n<p><span>Za sou\u010dasn\u00fdch podm\u00ednek, kdy je opozice na Ukrajin\u011b zak\u00e1z\u00e1na a pron\u00e1sledov\u00e1na, kdy jsou ukrajinsk\u00e1 opozi\u010dn\u00ed m\u00e9dia uzav\u0159ena, ta, kter\u00e1 z\u016fst\u00e1vaj\u00ed, \u0161\u00ed\u0159\u00ed pouze ofici\u00e1ln\u00ed propagandu, kdy z\u00e1kony na Ukrajin\u011b neplat\u00ed a lidsk\u00e1 pr\u00e1va jsou ze strany \u00fa\u0159ad\u016f systematicky a demonstrativn\u011b poru\u0161ov\u00e1na , podpora a vz\u00e1jemn\u00e1 pomoc slu\u0161n\u00fdch a aktivn\u00edch lid\u00ed je nezbytn\u00e1.<\/span><\/p>\n<p><strong>Dnes j\u00e1 a Ukrajina jako celek pot\u0159ebujeme medi\u00e1ln\u00ed a lidskou podporu jako nikdy p\u0159edt\u00edm, v jak\u00e9koli podob\u011b:<\/strong><\/p>\n<ol>\n<li><span>zve\u0159ejn\u011bn\u00ed tohoto dopisu;<\/span><\/li>\n<li><span>Pom\u00e1hat p\u0159i \u0161\u00ed\u0159en\u00ed t\u011bchto informac\u00ed ve v\u0161ech mo\u017en\u00fdch dal\u0161\u00edch hromadn\u00fdch sd\u011blovac\u00edch prost\u0159edc\u00edch;<\/span><\/li>\n<li><span>Vyzvat lidskopr\u00e1vn\u00ed organizace, vl\u00e1dy a parlamenty N\u011bmecka, Rakouska a dal\u0161\u00edch zem\u00ed, aby se p\u0159ipojily ke kampani na obranu svobody slova a demokracie na Ukrajin\u011b;<\/span><\/li>\n<li><span>jakoukoli jinou formu podpory, kterou pova\u017eujete za mo\u017enou.<\/span><\/li>\n<\/ol>\n<p><span>D\u011bkuji!<\/span><\/p>\n<p><span>S pozdravem<br \/>\n<\/span><br \/>\n<em>Maxim Goldarb,<\/em><br \/>\n<em>p\u0159edseda strany \u201eSvaz levicov\u00fdch sil \u2013 za nov\u00fd socialismus\u201c<\/em><\/p>\n<p><strong><span>Z\u00e1kladn\u00ed informace o Maximu Goldarbovi a stran\u011b\u00a0<\/span><\/strong><strong><span>\u201eUnie lev\u00fdch sil\u201c\u00a0<\/span><\/strong><strong><span>:<\/span><\/strong><\/p>\n<p><span>Maxim Goldarb je v sou\u010dasn\u00e9 dob\u011b p\u0159edsedou \u201eSvazu levicov\u00fdch sil\u201c a p\u0159ed p\u0159evratem na Majdanu byl hlavn\u00edm auditorem a kontrolorem financ\u00ed na ukrajinsk\u00e9m ministerstvu obrany. Svaz levicov\u00fdch sil je ukrajinsk\u00e1 opozi\u010dn\u00ed strana zalo\u017een\u00e1 v roce 2007, kter\u00e1 vych\u00e1z\u00ed z demokratick\u00e9ho socialismu a jej\u00edm\u017e c\u00edlem bylo mimo jin\u00e9 zastavit buj\u00edc\u00ed privatizaci strategick\u00fdch st\u00e1tn\u00edch podnik\u016f a prodej zem\u011bd\u011blsk\u00e9 p\u016fdy velk\u00fdm zahrani\u010dn\u00edm korporac\u00edm a u\u010dinit Ukrajinu geopoliticky neutr\u00e1ln\u00ed. Zasazovala se tak\u00e9 o ru\u0161tinu jako druh\u00fd \u00fa\u0159edn\u00ed jazyk a pro pos\u00edlen\u00ed venkovsk\u00fdch oblast\u00ed.\u00a0Tyto c\u00edle sta\u010dily k tomu, \u017ee strana byla spolu s dal\u0161\u00edmi levicov\u00fdmi stranami 17. \u010dervna 2022 zak\u00e1z\u00e1na a ve\u0161ker\u00fd jej\u00ed majetek byl vyvlastn\u011bn.\u00a0Od t\u00e9 doby jej\u00ed \u010dlenov\u00e9 pracuj\u00ed z podzem\u00ed nebo exilu.\u00a0N\u011bkte\u0159\u00ed z jej\u00edch v\u016fdc\u016f byli v posledn\u00edch m\u011bs\u00edc\u00edch uneseni a od t\u00e9 doby zmizeli beze stopy, jako nap\u0159\u00edklad zakladatel strany Vasilij Volga.<\/span><\/p>\n<p><em><strong><span>Pozn\u00e1mka redakce:<\/span><\/strong><span>\u00a0Maxim Goldarb ve sv\u00e9m dopise v\u00fdslovn\u011b odkazuje na Floriana Warwega, proto\u017ee je redak\u010dn\u011b odpov\u011bdn\u00fd za pana Goldarba v na\u0161em intern\u00edm odd\u011blen\u00ed podpory pro r\u016fzn\u00e9 hostuj\u00edc\u00ed autory, a je tedy jeho p\u0159\u00edmou kontaktn\u00ed osobou.<\/span><\/em><\/p>\n<p><strong>Pozn\u00e1mka na\u0161\u00ed redakce InfoKur\u00fdru: <\/strong>Kde jsou na\u0161i obr\u00e1nci lidsk\u00fdch pr\u00e1v a na\u0161i politici hul\u00e1kaj\u00edc\u00ed do sv\u011bta, jak br\u00e1n\u00ed z\u00e1padn\u00ed hodnoty? Ml\u010den\u00edm d\u00e1vaj\u00ed pron\u00e1sledov\u00e1n\u00ed a repres\u00edm prob\u00edhaj\u00edc\u00edch na Ukrajin\u011b souhlas. Jendou budou povol\u00e1n\u00ed k zodpov\u011bdnosti!<\/p>\n<p><a href=\"https:\/\/www.nachdenkseiten.de\/?p=106250\">ZDROJ<\/a><\/p>\n<p>&nbsp;<\/p>\n<p><a href=\"https:\/\/stranapro.cz\/\"><img decoding=\"async\" loading=\"lazy\" class=\"wp-image-30218 aligncenter\" src=\"http:\/\/www.infokuryr.cz\/n\/wp-content\/uploads\/2023\/06\/PRO-banner-300x36.png\" alt=\"\" width=\"1367\" height=\"164\" srcset=\"https:\/\/www.infokuryr.cz\/n\/wp-content\/uploads\/2023\/06\/PRO-banner-300x36.png 300w, https:\/\/www.infokuryr.cz\/n\/wp-content\/uploads\/2023\/06\/PRO-banner-768x93.png 768w, https:\/\/www.infokuryr.cz\/n\/wp-content\/uploads\/2023\/06\/PRO-banner.png 849w\" sizes=\"(max-width: 1367px) 100vw, 1367px\" \/><\/a><\/p>\n<p>&nbsp;<\/p>\n<p>&nbsp;<\/p>\n","protected":false},"excerpt":{"rendered":"<p>Od \u00fanora 2023 ukrajinsk\u00fd opozi\u010dn\u00ed aktivista a pr\u00e1vn\u00edk\u00a0Maxim Goldarb\u00a0(Unie levicov\u00fdch sil) pravideln\u011b p\u00ed\u0161e \u010dl\u00e1nky pro&#8230;<\/p>\n","protected":false},"author":2,"featured_media":13824,"comment_status":"closed","ping_status":"closed","sticky":false,"template":"","format":"standard","meta":[],"categories":[7],"tags":[144,1304,1757,2014,26],"_links":{"self":[{"href":"https:\/\/www.infokuryr.cz\/n\/wp-json\/wp\/v2\/posts\/39898"}],"collection":[{"href":"https:\/\/www.infokuryr.cz\/n\/wp-json\/wp\/v2\/posts"}],"about":[{"href":"https:\/\/www.infokuryr.cz\/n\/wp-json\/wp\/v2\/types\/post"}],"author":[{"embeddable":true,"href":"https:\/\/www.infokuryr.cz\/n\/wp-json\/wp\/v2\/users\/2"}],"replies":[{"embeddable":true,"href":"https:\/\/www.infokuryr.cz\/n\/wp-json\/wp\/v2\/comments?post=39898"}],"version-history":[{"count":0,"href":"https:\/\/www.infokuryr.cz\/n\/wp-json\/wp\/v2\/posts\/39898\/revisions"}],"wp:featuredmedia":[{"embeddable":true,"href":"https:\/\/www.infokuryr.cz\/n\/wp-json\/wp\/v2\/media\/13824"}],"wp:attachment":[{"href":"https:\/\/www.infokuryr.cz\/n\/wp-json\/wp\/v2\/media?parent=39898"}],"wp:term":[{"taxonomy":"category","embeddable":true,"href":"https:\/\/www.infokuryr.cz\/n\/wp-json\/wp\/v2\/categories?post=39898"},{"taxonomy":"post_tag","embeddable":true,"href":"https:\/\/www.infokuryr.cz\/n\/wp-json\/wp\/v2\/tags?post=39898"}],"curies":[{"name":"wp","href":"https:\/\/api.w.org\/{rel}","templated":true}]}}