{"id":39894,"date":"2023-11-08T06:37:05","date_gmt":"2023-11-08T05:37:05","guid":{"rendered":"https:\/\/www.infokuryr.cz\/n\/?p=39894"},"modified":"2023-11-08T06:37:05","modified_gmt":"2023-11-08T05:37:05","slug":"v-jeruzaleme-se-konal-protest-pozadujici-netanjahuovu-rezignaci","status":"publish","type":"post","link":"https:\/\/www.infokuryr.cz\/n\/2023\/11\/08\/v-jeruzaleme-se-konal-protest-pozadujici-netanjahuovu-rezignaci\/","title":{"rendered":"V Jeruzal\u00e9m\u011b se konal protest po\u017eaduj\u00edc\u00ed Netanjahuovu rezignaci"},"content":{"rendered":"<div id=\"fb-root\"><\/div>\n<p class=\"lead\"><strong>Asi 1,4 tis\u00edce lid\u00ed protestovalo pobl\u00ed\u017e budovy izraelsk\u00e9ho parlamentu (Knesset) v Jeruzal\u00e9m\u011b a po\u017eadovalo rezignaci premi\u00e9ra Benjamina Netanjahua.\u00a0<a href=\"https:\/\/www.timesofisrael.com\/at-knesset-protest-two-mourners-blame-netanyahu-for-oct-7-urge-end-to-the-war\/\" target=\"_blank\" rel=\"noopener\">Informoval o<\/a>\u00a0tom\u00a0list The Times of Israel.<\/strong><\/p>\n<p><span>Akce byla na\u010dasov\u00e1na tak, aby se shodovala s 30denn\u00edm v\u00fdro\u010d\u00edm \u00fatoku militant\u016f z radik\u00e1ln\u00edho palestinsk\u00e9ho hnut\u00ed Hamas.\u00a0Akci zorganizovali p\u0159\u00edbuzn\u00ed lid\u00ed, kte\u0159\u00ed zem\u0159eli p\u0159i \u00fatoku na ji\u017en\u00ed oblasti zem\u011b.\u00a0Prvn\u00ed \u010d\u00e1st akce prob\u011bhla bez politick\u00fdch po\u017eadavk\u016f: \u00fa\u010dastn\u00edci polo\u017eili \u201e7.10\u201c (7. \u0159\u00edjna) na zem se sv\u00ed\u010dkami a tak\u00e9 na plot nalepili fotografie 240 rukojm\u00edch zadr\u017eovan\u00fdch v p\u00e1smu Gazy.<\/span><\/p>\n<p><span>Dva organiz\u00e1to\u0159i akce &#8211;\u00a0<\/span><strong><span>Maoz Inon<\/span><\/strong><span> , jeho\u017e star\u00e9 rodi\u010de zabil militantn\u00ed Ham\u00e1s, a\u00a0<\/span><strong><span>Jakov Godot<\/span><\/strong><span>\u00a0, kter\u00fd ztratil syna \u00a0&#8211; si postavili stan u parlamentu a \u0159ekli, \u017ee v n\u011bm budou bydlet, dokud Netanjahu neopust\u00ed \u00fa\u0159ad.\u00a0Prohl\u00e1sili, \u017ee jsou proti v\u00e1lce v p\u00e1smu Gazy a po\u017eaduj\u00ed p\u0159\u00edm\u011b\u0159\u00ed.<\/span><\/p>\n<p><img decoding=\"async\" loading=\"lazy\" class=\"alignnone size-full wp-image-1185\" src=\"http:\/\/www.infokuryr.cz\/n\/wp-content\/uploads\/2021\/04\/kuryr-podpis.png\" alt=\"\" width=\"84\" height=\"24\" \/><\/p>\n<p>&nbsp;<\/p>\n<p><a href=\"https:\/\/stranapro.cz\/\"><img decoding=\"async\" loading=\"lazy\" class=\"wp-image-30218 aligncenter\" src=\"http:\/\/www.infokuryr.cz\/n\/wp-content\/uploads\/2023\/06\/PRO-banner-300x36.png\" alt=\"\" width=\"1367\" height=\"164\" srcset=\"https:\/\/www.infokuryr.cz\/n\/wp-content\/uploads\/2023\/06\/PRO-banner-300x36.png 300w, https:\/\/www.infokuryr.cz\/n\/wp-content\/uploads\/2023\/06\/PRO-banner-768x93.png 768w, https:\/\/www.infokuryr.cz\/n\/wp-content\/uploads\/2023\/06\/PRO-banner.png 849w\" sizes=\"(max-width: 1367px) 100vw, 1367px\" \/><\/a><\/p>\n<p>&nbsp;<\/p>\n<p>&nbsp;<\/p>\n","protected":false},"excerpt":{"rendered":"<p>Asi 1,4 tis\u00edce lid\u00ed protestovalo pobl\u00ed\u017e budovy izraelsk\u00e9ho parlamentu (Knesset) v Jeruzal\u00e9m\u011b a po\u017eadovalo rezignaci&#8230;<\/p>\n","protected":false},"author":2,"featured_media":39895,"comment_status":"closed","ping_status":"closed","sticky":false,"template":"","format":"standard","meta":[],"categories":[7],"tags":[4537,2210,95,1081],"_links":{"self":[{"href":"https:\/\/www.infokuryr.cz\/n\/wp-json\/wp\/v2\/posts\/39894"}],"collection":[{"href":"https:\/\/www.infokuryr.cz\/n\/wp-json\/wp\/v2\/posts"}],"about":[{"href":"https:\/\/www.infokuryr.cz\/n\/wp-json\/wp\/v2\/types\/post"}],"author":[{"embeddable":true,"href":"https:\/\/www.infokuryr.cz\/n\/wp-json\/wp\/v2\/users\/2"}],"replies":[{"embeddable":true,"href":"https:\/\/www.infokuryr.cz\/n\/wp-json\/wp\/v2\/comments?post=39894"}],"version-history":[{"count":0,"href":"https:\/\/www.infokuryr.cz\/n\/wp-json\/wp\/v2\/posts\/39894\/revisions"}],"wp:featuredmedia":[{"embeddable":true,"href":"https:\/\/www.infokuryr.cz\/n\/wp-json\/wp\/v2\/media\/39895"}],"wp:attachment":[{"href":"https:\/\/www.infokuryr.cz\/n\/wp-json\/wp\/v2\/media?parent=39894"}],"wp:term":[{"taxonomy":"category","embeddable":true,"href":"https:\/\/www.infokuryr.cz\/n\/wp-json\/wp\/v2\/categories?post=39894"},{"taxonomy":"post_tag","embeddable":true,"href":"https:\/\/www.infokuryr.cz\/n\/wp-json\/wp\/v2\/tags?post=39894"}],"curies":[{"name":"wp","href":"https:\/\/api.w.org\/{rel}","templated":true}]}}