{"id":39893,"date":"2023-11-08T06:30:07","date_gmt":"2023-11-08T05:30:07","guid":{"rendered":"https:\/\/www.infokuryr.cz\/n\/?p=39893"},"modified":"2023-11-08T06:30:07","modified_gmt":"2023-11-08T05:30:07","slug":"usa-varuji-izrael-pred-reokupaci-gazy","status":"publish","type":"post","link":"https:\/\/www.infokuryr.cz\/n\/2023\/11\/08\/usa-varuji-izrael-pred-reokupaci-gazy\/","title":{"rendered":"USA varuj\u00ed Izrael p\u0159ed \u201ereokupac\u00ed\u201c Gazy"},"content":{"rendered":"<div id=\"fb-root\"><\/div>\n<p><span style=\"font-size: 18pt;\"><strong>Izrael navrhl, \u017ee by mohl ponechat voj\u00e1ky v palestinsk\u00e9 enkl\u00e1v\u011b na \u201eneur\u010ditou dobu\u201c<\/strong><\/span><\/p>\n<p><span>B\u00edl\u00fd d\u016fm vyj\u00e1d\u0159il znepokojen\u00ed nad mo\u017enou\u00a0<\/span><em><span>\u201ereokupac\u00ed\u201c<\/span><\/em><span>\u00a0Gazy pot\u00e9, co izraelsk\u00fd premi\u00e9r nazna\u010dil, \u017ee s\u00edly jeho zem\u011b budou m\u00edt\u00a0\u00a0<\/span><em><span>\u201ecelkovou bezpe\u010dnostn\u00ed odpov\u011bdnost\u201c<\/span><\/em><span>\u00a0v oblasti po konfliktu s Hamasem.<\/span><\/p>\n<p><span>Mluv\u010d\u00ed Rady n\u00e1rodn\u00ed bezpe\u010dnosti John Kirby, kter\u00fd byl po\u017e\u00e1d\u00e1n, aby zv\u00e1\u017eil dlouhodob\u00e9 pl\u00e1ny pro Gazu b\u011bhem \u00fatern\u00edho rozhovoru pro CNN, vyzval Izrael, aby znovu zv\u00e1\u017eil zdlouhav\u00e9 vojensk\u00e9 nasazen\u00ed.<\/span><\/p>\n<p><em><span>\u201ePrezident st\u00e1le v\u011b\u0159\u00ed, \u017ee op\u011btovn\u00e9 obsazen\u00ed Gazy izraelsk\u00fdmi silami nen\u00ed dobr\u00e9.\u00a0Nen\u00ed to dobr\u00e9 pro Izrael;\u00a0nen\u00ed dobr\u00e9 pro izraelsk\u00fd lid,\u201c<\/span><\/em><span>\u00a0\u00a0\u0159ekl Kirby bez dal\u0161\u00edch podrobnost\u00ed.<\/span><\/p>\n<p><em><span>\u201eJedna z konverzac\u00ed, kter\u00e9 ministr [St\u00e1tn\u00ed ministr Antony] Blinken vedl v regionu, je, jak vypad\u00e1 postkonfliktn\u00ed Gaza?\u00a0<\/span><\/em><em><span>Jak vypad\u00e1 spr\u00e1va v Gaze?\u00a0Proto\u017ee a\u0165 je to cokoliv, nem\u016f\u017ee to b\u00fdt to, co to bylo 6. \u0159\u00edjna. Nem\u016f\u017ee to b\u00fdt Ham\u00e1s.\u201c<\/span><\/em><\/p>\n<p><span>Varov\u00e1n\u00ed p\u0159ich\u00e1z\u00ed den pot\u00e9, co izraelsk\u00fd premi\u00e9r Benjamin Netanjahu \u0159ekl ABC News, \u017ee jeho zem\u011b bude muset\u00a0\u00a0po sou\u010dasn\u00e9 v\u00e1lce s Hamasem p\u0159evz\u00edt\u00a0<\/span><em><span>\u201ebezpe\u010dnostn\u00ed odpov\u011bdnost\u201c<\/span><\/em><span>\u00a0v Gaze na\u00a0<\/span><em><span>\u201eneur\u010ditou dobu\u201c .<\/span><\/em><\/p>\n<p><a href=\"https:\/\/stranapro.cz\/\"><img decoding=\"async\" loading=\"lazy\" class=\"wp-image-30218 aligncenter\" src=\"http:\/\/www.infokuryr.cz\/n\/wp-content\/uploads\/2023\/06\/PRO-banner-300x36.png\" alt=\"\" width=\"1367\" height=\"164\" srcset=\"https:\/\/www.infokuryr.cz\/n\/wp-content\/uploads\/2023\/06\/PRO-banner-300x36.png 300w, https:\/\/www.infokuryr.cz\/n\/wp-content\/uploads\/2023\/06\/PRO-banner-768x93.png 768w, https:\/\/www.infokuryr.cz\/n\/wp-content\/uploads\/2023\/06\/PRO-banner.png 849w\" sizes=\"(max-width: 1367px) 100vw, 1367px\" \/><\/a><\/p>\n<p><span>A\u010dkoli premi\u00e9r nesd\u011blil podrobnosti o pl\u00e1nech na enkl\u00e1vu, zd\u00e1 se, \u017ee jeho koment\u00e1\u0159e jsou v rozporu s prohl\u00e1\u0161en\u00edmi ministra obrany Yoava Gallanta, kter\u00fd d\u0159\u00edve zd\u016fraznil, \u017ee izrael\u0161t\u00ed voj\u00e1ci nesm\u011bj\u00ed b\u00fdt zodpov\u011bdn\u00ed za \u201eka\u017edodenn\u00ed \u017eivot v p\u00e1smu Gazy\u201c\u00a0<\/span><em><span>. \u201c<\/span><\/em><\/p>\n<p><span>Netanjahu\u016fv poradce Mark Regev pozd\u011bji CNN \u0159ekl, \u017ee Izrael\u00a0<\/span><em><span>\u201enemluv\u00ed o \u017e\u00e1dn\u00e9m druhu pokra\u010duj\u00edc\u00ed okupace P\u00e1sma Gazy\u201c.\u00a0<\/span><\/em><span>I kdy\u017e vysv\u011btlil , \u017ee v oblasti\u00a0bude izraelsk\u00e1\u00a0<\/span><em><span>\u201ebezpe\u010dnostn\u00ed p\u0159\u00edtomnost\u201c , \u0159ekl\u00a0<\/span><\/em><em><span>\u201eto neznamen\u00e1, \u017ee Izrael je tam, aby vl\u00e1dl Gazan\u016fm\u201c.<\/span><\/em><\/p>\n<p><span>B\u00edl\u00fd d\u016fm hlasit\u011b podpo\u0159il izraelskou vojenskou akci v Gaze, ale vyj\u00e1d\u0159il skepticismus ohledn\u011b nov\u00e9 okupace \u00fazem\u00ed, p\u0159i\u010dem\u017e prezident Joe Biden prohl\u00e1sil, \u017ee rozhodnut\u00ed by bylo \u201evelkou chybou\u00a0<\/span><em><span>\u201c.\u00a0<\/span><\/em><span>Na ot\u00e1zku, kdo by m\u011bl \u0159\u00eddit oblast na d\u0159\u00edv\u011bj\u0161\u00ed tiskov\u00e9 konferenci, Kirby \u0159ekl, \u017ee \u00fa\u0159edn\u00edci\u00a0<\/span><em><span>\u201ena to nemaj\u00ed v\u0161echny odpov\u011bdi\u201c.<\/span><\/em><\/p>\n<p><span>Izrael poprv\u00e9 okupoval Gazu b\u011bhem \u0161estidenn\u00ed v\u00e1lky s Egyptem, Jord\u00e1nskem a S\u00fdri\u00ed v roce 1967 a sv\u00e9 voj\u00e1ky a osadn\u00edky st\u00e1hl a\u017e t\u00e9m\u011b\u0159 o 40 let pozd\u011bji.\u00a0V n\u00e1sleduj\u00edc\u00edch letech udr\u017eovala nad enkl\u00e1vou p\u0159\u00edsnou blok\u00e1du a od doby, kdy skupina v roce 2006 p\u0159evzala kontrolu nad Gazou, zah\u00e1jila pravideln\u00e9 bombardovac\u00ed kampan\u011b proti Hamasu.<\/span><\/p>\n<p><span>Posledn\u00ed kolo boj\u016f vypuklo minul\u00fd m\u011bs\u00edc, kdy\u017e Hamas zah\u00e1jil p\u0159ekvapiv\u00fd \u00fatok, p\u0159i kter\u00e9m zahynulo kolem 1400 Izraelc\u016f.\u00a0Od t\u00e9 doby IDF provedla t\u00fddny odvetn\u00fdch n\u00e1let\u016f a postupn\u011b eskalovala pozemn\u00ed \u00fatok na Gazu, p\u0159i\u010dem\u017e podle m\u00edstn\u00edch p\u0159edstavitel\u016f z\u016fstalo v\u00edce ne\u017e 10 000 mrtv\u00fdch Palestinc\u016f.<\/span><\/p>\n<p><img decoding=\"async\" loading=\"lazy\" class=\"alignnone size-full wp-image-1185\" src=\"http:\/\/www.infokuryr.cz\/n\/wp-content\/uploads\/2021\/04\/kuryr-podpis.png\" alt=\"\" width=\"84\" height=\"24\" \/><\/p>\n<p>&nbsp;<\/p>\n<p>&nbsp;<\/p>\n","protected":false},"excerpt":{"rendered":"<p>Izrael navrhl, \u017ee by mohl ponechat voj\u00e1ky v palestinsk\u00e9 enkl\u00e1v\u011b na \u201eneur\u010ditou dobu\u201c B\u00edl\u00fd d\u016fm&#8230;<\/p>\n","protected":false},"author":2,"featured_media":38429,"comment_status":"closed","ping_status":"closed","sticky":false,"template":"","format":"standard","meta":[],"categories":[7],"tags":[348,107,111,37,1402],"_links":{"self":[{"href":"https:\/\/www.infokuryr.cz\/n\/wp-json\/wp\/v2\/posts\/39893"}],"collection":[{"href":"https:\/\/www.infokuryr.cz\/n\/wp-json\/wp\/v2\/posts"}],"about":[{"href":"https:\/\/www.infokuryr.cz\/n\/wp-json\/wp\/v2\/types\/post"}],"author":[{"embeddable":true,"href":"https:\/\/www.infokuryr.cz\/n\/wp-json\/wp\/v2\/users\/2"}],"replies":[{"embeddable":true,"href":"https:\/\/www.infokuryr.cz\/n\/wp-json\/wp\/v2\/comments?post=39893"}],"version-history":[{"count":0,"href":"https:\/\/www.infokuryr.cz\/n\/wp-json\/wp\/v2\/posts\/39893\/revisions"}],"wp:featuredmedia":[{"embeddable":true,"href":"https:\/\/www.infokuryr.cz\/n\/wp-json\/wp\/v2\/media\/38429"}],"wp:attachment":[{"href":"https:\/\/www.infokuryr.cz\/n\/wp-json\/wp\/v2\/media?parent=39893"}],"wp:term":[{"taxonomy":"category","embeddable":true,"href":"https:\/\/www.infokuryr.cz\/n\/wp-json\/wp\/v2\/categories?post=39893"},{"taxonomy":"post_tag","embeddable":true,"href":"https:\/\/www.infokuryr.cz\/n\/wp-json\/wp\/v2\/tags?post=39893"}],"curies":[{"name":"wp","href":"https:\/\/api.w.org\/{rel}","templated":true}]}}