{"id":39891,"date":"2023-11-08T06:20:00","date_gmt":"2023-11-08T05:20:00","guid":{"rendered":"https:\/\/www.infokuryr.cz\/n\/?p=39891"},"modified":"2023-11-08T06:20:00","modified_gmt":"2023-11-08T05:20:00","slug":"italie-si-nemuze-dovolit-hotovostni-pozadavky-nato","status":"publish","type":"post","link":"https:\/\/www.infokuryr.cz\/n\/2023\/11\/08\/italie-si-nemuze-dovolit-hotovostni-pozadavky-nato\/","title":{"rendered":"It\u00e1lie si nem\u016f\u017ee dovolit hotovostn\u00ed po\u017eadavky NATO"},"content":{"rendered":"<div id=\"fb-root\"><\/div>\n<p><span style=\"font-size: 18pt;\"><strong>Ministr obrany It\u00e1lie Guido Crosetto ozna\u010dil v\u00fddajov\u00fd mand\u00e1t bloku za \u201enerealistick\u00fd\u201c<\/strong><\/span><\/p>\n<p><span>It\u00e1lie nem\u00e1 \u0161anci zv\u00fd\u0161it sv\u00e9 vojensk\u00e9 v\u00fddaje na 2 % hrub\u00e9ho dom\u00e1c\u00edho produktu (HDP) v roce 2024, navzdory po\u017eadavk\u016fm NATO, a pravd\u011bpodobn\u011b nebude schopna tento c\u00edl splnit b\u011bhem p\u0159\u00ed\u0161t\u00edch p\u011bti let, \u0159ekl italsk\u00fd ministr obrany Guido Crosetto. z\u00e1konod\u00e1rci v \u0158\u00edm\u011b.<\/span><\/p>\n<p><span>Italsk\u00e9 v\u00fddaje na obranu budou letos podle odhadu NATO \u010dinit 1,46 % HDP zem\u011b.\u00a0Pom\u011br \u00fadajn\u011b klesne na 1,38 % v p\u0159\u00ed\u0161t\u00edm roce a na 1,26 % v roce 2025, i kdy\u017e v\u00fddaje na obranu porostou.<\/span><\/p>\n<p><span>Crosetto v \u00fater\u00fd v rozhovoru se \u010dleny v\u00fdbor\u016f pro obranu a zahrani\u010dn\u00ed v\u011bci v obou komor\u00e1ch italsk\u00e9ho parlamentu uvedl, \u017ee zv\u00fd\u0161en\u00ed vojensk\u00fdch v\u00fddaj\u016f na 2 % HDP bude v roce 2024\u00a0<\/span><em><span>\u201enemo\u017en\u00e9\u201c<\/span><\/em><span>\u00a0a\u00a0<\/span><em><span>\u201eobt\u00ed\u017en\u00e9 i pro rok 2028\u201c.\u00a0<\/span><\/em><span>Pokra\u010doval a dodal:\u00a0\u00a0<\/span><em><span>&#8222;Skute\u010dn\u011b jsme daleko od 2 %, velmi daleko.&#8220;<\/span><\/em><\/p>\n<p><a href=\"https:\/\/stranapro.cz\/\"><img decoding=\"async\" loading=\"lazy\" class=\"wp-image-30218 aligncenter\" src=\"http:\/\/www.infokuryr.cz\/n\/wp-content\/uploads\/2023\/06\/PRO-banner-300x36.png\" alt=\"\" width=\"1375\" height=\"165\" srcset=\"https:\/\/www.infokuryr.cz\/n\/wp-content\/uploads\/2023\/06\/PRO-banner-300x36.png 300w, https:\/\/www.infokuryr.cz\/n\/wp-content\/uploads\/2023\/06\/PRO-banner-768x93.png 768w, https:\/\/www.infokuryr.cz\/n\/wp-content\/uploads\/2023\/06\/PRO-banner.png 849w\" sizes=\"(max-width: 1375px) 100vw, 1375px\" \/><\/a><\/p>\n<p><em><span>&#8222;NATO si nesm\u00ed stanovovat nerealistick\u00e9 finan\u010dn\u00ed c\u00edle,&#8220;<\/span><\/em><span>\u00a0\u0159ekl Crosetto.<\/span><\/p>\n<p><span>It\u00e1lie nebude schopna zv\u00fd\u0161it sv\u00e9 vojensk\u00e9 v\u00fddaje o tolik, kolik je pot\u0159eba, pokud nebude rozpo\u010det na obranu vylou\u010den z fisk\u00e1ln\u00edch omezen\u00ed EU, varoval ji\u017e d\u0159\u00edve Crosetto.\u00a0<\/span><em><span>\u201ePokud nevy\u0159e\u0161\u00edme sou\u010dasn\u00fd r\u00e1mec nesouladu mezi odpov\u011bdnost\u00ed za posilov\u00e1n\u00ed bezpe\u010dnosti a ve\u0159ejn\u00fdmi financemi [omezen\u00edmi] uvalen\u00fdmi EU, bude velmi obt\u00ed\u017en\u00e9 v rozumn\u00e9m \u010dasov\u00e9m horizontu dos\u00e1hnout 2% minim\u00e1ln\u00edho prahu p\u0159edpokl\u00e1dan\u00e9ho NATO,\u201c dodal.<\/span><\/em><span>\u00a0\u0159ekl v\u00a0<\/span><a href=\"https:\/\/www.euractiv.com\/section\/politics\/news\/italy-struggles-with-nato-spending-and-eu-fiscal-rules\/\" target=\"_blank\" rel=\"noopener noreferrer\"><span>\u010dervnu<\/span><\/a><span>\u00a0.<\/span><\/p>\n<p><span>\u010clenov\u00e9 z\u00e1padn\u00edho vojensk\u00e9ho bloku se na summitu v roce 2014 shodli na tom, \u017ee do roku 2024 zam\u011b\u0159\u00ed v\u00fddaje na obranu rovnaj\u00edc\u00ed se 2 % HDP ka\u017ed\u00e9 zem\u011b. Blok se v \u010dervenci dohodl, \u017ee z 2% prahu bude sp\u00ed\u0161e minim\u00e1ln\u00ed po\u017eadavek ne\u017e c\u00edl.\u00a0P\u0159edpokl\u00e1d\u00e1 se v\u0161ak, \u017ee letos dos\u00e1hne c\u00edle pouze 11 z 31 sou\u010dasn\u00fdch \u010dlen\u016f.<\/span><\/p>\n<p><span>Italsk\u00e1 premi\u00e9rka Giorgia Meloniov\u00e1 za\u010d\u00e1tkem tohoto roku \u0159ekla z\u00e1konod\u00e1rc\u016fm, \u017ee respektov\u00e1n\u00ed z\u00e1vazk\u016f zem\u011b ohledn\u011b v\u00fddaj\u016f je nezbytn\u00e9 pro ochranu n\u00e1rodn\u00ed suverenity a d\u016fv\u011bryhodnosti.<\/span><\/p>\n<p><em><span>\u201eSvoboda m\u00e1 svou cenu, a pokud se nebudete moci br\u00e1nit, ud\u011bl\u00e1 to za v\u00e1s n\u011bkdo jin\u00fd, ale neud\u011bl\u00e1 to zadarmo,\u201c<\/span><\/em><span>\u00a0\u0159ekla.\u00a0<\/span><em><span>&#8222;Budou prosazovat sv\u00e9 z\u00e1jmy, i kdy\u017e se budou li\u0161it od va\u0161ich, a nemysl\u00edm si, \u017ee to byl dobr\u00fd obchod pro n\u011bkoho.&#8220;<\/span><\/em><\/p>\n<p><img decoding=\"async\" loading=\"lazy\" class=\"alignnone size-full wp-image-1185\" src=\"http:\/\/www.infokuryr.cz\/n\/wp-content\/uploads\/2021\/04\/kuryr-podpis.png\" alt=\"\" width=\"84\" height=\"24\" \/><\/p>\n<p>&nbsp;<\/p>\n<p>&nbsp;<\/p>\n<p>&nbsp;<\/p>\n","protected":false},"excerpt":{"rendered":"<p>Ministr obrany It\u00e1lie Guido Crosetto ozna\u010dil v\u00fddajov\u00fd mand\u00e1t bloku za \u201enerealistick\u00fd\u201c It\u00e1lie nem\u00e1 \u0161anci zv\u00fd\u0161it&#8230;<\/p>\n","protected":false},"author":2,"featured_media":39892,"comment_status":"closed","ping_status":"closed","sticky":false,"template":"","format":"standard","meta":[],"categories":[7],"tags":[45,191,39],"_links":{"self":[{"href":"https:\/\/www.infokuryr.cz\/n\/wp-json\/wp\/v2\/posts\/39891"}],"collection":[{"href":"https:\/\/www.infokuryr.cz\/n\/wp-json\/wp\/v2\/posts"}],"about":[{"href":"https:\/\/www.infokuryr.cz\/n\/wp-json\/wp\/v2\/types\/post"}],"author":[{"embeddable":true,"href":"https:\/\/www.infokuryr.cz\/n\/wp-json\/wp\/v2\/users\/2"}],"replies":[{"embeddable":true,"href":"https:\/\/www.infokuryr.cz\/n\/wp-json\/wp\/v2\/comments?post=39891"}],"version-history":[{"count":0,"href":"https:\/\/www.infokuryr.cz\/n\/wp-json\/wp\/v2\/posts\/39891\/revisions"}],"wp:featuredmedia":[{"embeddable":true,"href":"https:\/\/www.infokuryr.cz\/n\/wp-json\/wp\/v2\/media\/39892"}],"wp:attachment":[{"href":"https:\/\/www.infokuryr.cz\/n\/wp-json\/wp\/v2\/media?parent=39891"}],"wp:term":[{"taxonomy":"category","embeddable":true,"href":"https:\/\/www.infokuryr.cz\/n\/wp-json\/wp\/v2\/categories?post=39891"},{"taxonomy":"post_tag","embeddable":true,"href":"https:\/\/www.infokuryr.cz\/n\/wp-json\/wp\/v2\/tags?post=39891"}],"curies":[{"name":"wp","href":"https:\/\/api.w.org\/{rel}","templated":true}]}}