{"id":39866,"date":"2023-11-08T01:13:37","date_gmt":"2023-11-08T00:13:37","guid":{"rendered":"https:\/\/www.infokuryr.cz\/n\/?p=39866"},"modified":"2023-11-07T19:20:55","modified_gmt":"2023-11-07T18:20:55","slug":"iniciativa-familypride-spolku-tradicni-rodina-pokracuje-v-tradici-lampionovych-pruvodu-i-v-roce-2023","status":"publish","type":"post","link":"https:\/\/www.infokuryr.cz\/n\/2023\/11\/08\/iniciativa-familypride-spolku-tradicni-rodina-pokracuje-v-tradici-lampionovych-pruvodu-i-v-roce-2023\/","title":{"rendered":"Iniciativa FamilyPride spolku Tradi\u010dn\u00ed rodina pokra\u010duje v tradici lampionov\u00fdch pr\u016fvod\u016f i v roce 2023"},"content":{"rendered":"<div id=\"fb-root\"><\/div>\n<p><span style=\"font-size: 18pt;\"><strong>Spole\u010dnost je tvo\u0159ena i lidmi, kte\u0159\u00ed zast\u00e1vaj\u00ed tradi\u010dn\u00ed rodinn\u00e9 a spole\u010densk\u00e9 hodnoty<\/strong><\/span><\/p>\n<p>Lampionov\u00fd pr\u016fvod &#8222;Sv\u011btlem \u017eivota pro zdrav\u00e9 d\u011bti a zachov\u00e1n\u00ed tradi\u010dn\u00ed rodiny&#8220; byla\u00a0 pl\u00e1novan\u00e1 pouze v Praze, kde ji organiza\u010dn\u011b za\u0161ti\u0165uje spolek Tradi\u010dn\u00ed rodina z. s. Jedn\u00e1 se o pr\u016fvod lid\u00ed, kte\u0159\u00ed se projdou s lampi\u00f3ny po Praze. Upozor\u0148ujeme t\u00edm na skute\u010dnost, \u017ee spole\u010dnost je tvo\u0159ena i lidmi, kte\u0159\u00ed zast\u00e1vaj\u00ed tradi\u010dn\u00ed rodinn\u00e9 a spole\u010densk\u00e9 hodnoty.<\/p>\n<p><img decoding=\"async\" loading=\"lazy\" class=\"wp-image-39867 aligncenter\" src=\"http:\/\/www.infokuryr.cz\/n\/wp-content\/uploads\/2023\/11\/svetlem-zivota-deti-300x162.jpg\" alt=\"\" width=\"714\" height=\"385\" srcset=\"https:\/\/www.infokuryr.cz\/n\/wp-content\/uploads\/2023\/11\/svetlem-zivota-deti-300x162.jpg 300w, https:\/\/www.infokuryr.cz\/n\/wp-content\/uploads\/2023\/11\/svetlem-zivota-deti.jpg 448w\" sizes=\"(max-width: 714px) 100vw, 714px\" \/><\/p>\n<p>Z p\u016fvodn\u011b pl\u00e1novan\u00e9ho pr\u016fvodu v Praze se tato akce roz\u0161\u00ed\u0159ila do dal\u0161\u00edch m\u011bst republiky, p\u0159idala se m\u011bsta Plze\u0148, Trutnov, Ostrava, Ka\u0161persk\u00e9 Hory \u010di \u00dast\u00ed nad Labem a ob\u010dan\u00e9 z dal\u0161\u00edch m\u011bst se podle na\u0161ich informac\u00ed k t\u00e9to iniciativ\u011b spolku Tradi\u010dn\u00ed rodina z.s. d\u00e1le p\u0159id\u00e1vaj\u00ed. Pochody v dal\u0161\u00edch m\u011bstech vyjma Prahu si organizuj\u00ed spolky a ob\u010dan\u00e9 samostatn\u011b.<\/p>\n<p><span style=\"font-size: 18pt;\"><strong>Prvn\u00ed lampionov\u00fd pr\u016fvod se konal 28.10.2019<\/strong><\/span><\/p>\n<p>Proto\u017ee v \u010cesk\u00e9 republice od koronavirov\u00e9 pandemie ve\u0159ejn\u00e9 akce tohoto druhu utichly, rozhodli jsme se, \u017ee ve\u0159ejn\u00e1 setk\u00e1n\u00ed s pochody za\u0161t\u00edt\u00edme jedn\u00edm n\u00e1zvem &#8211; a to Family Pride. Jedn\u00e1 se o iniciativu, kter\u00e1 je napl\u00e1nov\u00e1na dlouhodob\u011b a za\u0161ti\u0165uje dal\u0161\u00ed akce tohoto druhu. Spolek Tradi\u010dn\u00ed rodina z.s. spolupracuje se zahrani\u010dn\u00edmi i tuzemsk\u00fdmi organizacemi, kter\u00e9 iniciativu FamilyPride podporuj\u00ed.<\/p>\n<p><span style=\"font-size: 18pt;\"><strong>Radost d\u011btem na prvn\u00edm m\u00edst\u011b<\/strong><\/span><\/p>\n<p>Pra\u017esk\u00fd pochod nen\u00ed orientovan\u00fd na proslovy a projevy. Pochodem si p\u0159ejeme ud\u011blat radost zejm\u00e9na mal\u00fdm d\u011btem, a proto je pr\u016fvod pr\u00e1v\u011b s lampiony. Sv\u011bteln\u00e9 akce maj\u00ed u ve\u0159ejnosti pozitivn\u00ed ohlas; v posledn\u00edch letech se velk\u00e9mu z\u00e1jmu t\u011b\u0161\u00ed nap\u0159\u00edklad Festival of Lights.<\/p>\n<p><span style=\"font-size: 18pt;\"><strong>Podporujeme tradi\u010dn\u00ed rodinn\u00e9 hodnoty<\/strong><\/span><\/p>\n<p>D\u016fvodem uspo\u0159\u00e1d\u00e1n\u00ed pr\u016fvod\u016f &#8222;Sv\u011btlem \u017eivota pro zdrav\u00e9 d\u011bti a zachov\u00e1n\u00ed tradi\u010dn\u00ed rodiny&#8220;\u00a0 jsou i pl\u00e1novan\u00e9 politick\u00e9 kroky, kter\u00e9 dle na\u0161eho n\u00e1zoru a ov\u011b\u0159en\u00fdch fakt\u016f dramaticky zas\u00e1hnou do spole\u010dnosti, a to zejm\u00e9na do klasick\u00fdch rodin, pr\u00e1v d\u011bt\u00ed a jejich rodi\u010d\u016f. Jedn\u00e1 se zejm\u00e9na o ratifikaci Istanbulsk\u00e9 \u00famluvy ve spojitosti s genderovou ideologi\u00ed. Spolek Tradi\u010dn\u00ed rodina z. s. dlouhodob\u011b ve\u0159ejn\u011b po\u017eaduje zam\u00edtnut\u00ed ratifikace Istanbulsk\u00e9 \u00famluvy a genderovou ideologii z\u00e1sadn\u011b odm\u00edt\u00e1.<\/p>\n<p><em>&#8222;Jsme hluboce p\u0159esv\u011bd\u010deni o tom, \u017ee funguj\u00edc\u00ed tradi\u010dn\u00ed rodinn\u00e9 hodnoty a podpora rodin &#8222;otec &#8211; matka &#8211; d\u011bti&#8220; jsou pro spole\u010dnost nejprosp\u011b\u0161n\u011bj\u0161\u00ed, tvo\u0159\u00ed z\u00e1kladn\u00ed k\u00e1men zdrav\u00e9 spole\u010dnosti a maj\u00ed b\u00fdt syst\u00e9mov\u011b podporov\u00e1ny, nikoliv degradov\u00e1ny.\u201c <\/em>\u0159\u00edk\u00e1 Ivana Schneiderov\u00e1, p\u0159edsedkyn\u011b spolku Tradi\u010dn\u00ed rodina z.s.<\/p>\n<p><em>&#8222;Za naprostou nutnost pova\u017eujeme pro tento tis\u00edce let funguj\u00edc\u00ed a nezam\u011bniteln\u00fd model rodiny podporu st\u00e1tu, kter\u00e1 se t\u00e9m\u011b\u0159 vytratila.&#8220;\u00a0 <\/em>doplnil Zden\u011bk Chytra, autor iniciativy FamilyPride a m\u00edstop\u0159edseda spolku.<\/p>\n<p>Pevn\u011b v\u011b\u0159\u00edme, \u017ee nejenom v Praze, ale i v dal\u0161\u00edch m\u011bstech budou m\u00edt pr\u016fvody s lampiony na podporu tradi\u010dn\u00edch rodinn\u00fdch hodnot pozitivn\u00ed ohlasy nejen u d\u011bt\u00ed a rodi\u010d\u016f, ale i u jejich mal\u00fdch i velk\u00fdch p\u0159\u00e1tel, a \u017ee akce iniciativy FamilyPride si z\u00edskaj\u00ed, podobn\u011b jako v minulosti, podporu nap\u0159\u00ed\u010d cel\u00fdm spole\u010densk\u00fdch spektrem.<\/p>\n<p><em><strong>Josef \u0160ilhan<\/strong><\/em><\/p>\n<p><a href=\"http:\/\/www.familypride.cz\">http:\/\/www.familypride.cz<\/a><\/p>\n<p>&nbsp;<\/p>\n<p><a href=\"https:\/\/stranapro.cz\/\"><img decoding=\"async\" loading=\"lazy\" class=\"wp-image-30218 aligncenter\" src=\"http:\/\/www.infokuryr.cz\/n\/wp-content\/uploads\/2023\/06\/PRO-banner-300x36.png\" alt=\"\" width=\"1375\" height=\"165\" srcset=\"https:\/\/www.infokuryr.cz\/n\/wp-content\/uploads\/2023\/06\/PRO-banner-300x36.png 300w, https:\/\/www.infokuryr.cz\/n\/wp-content\/uploads\/2023\/06\/PRO-banner-768x93.png 768w, https:\/\/www.infokuryr.cz\/n\/wp-content\/uploads\/2023\/06\/PRO-banner.png 849w\" sizes=\"(max-width: 1375px) 100vw, 1375px\" \/><\/a><\/p>\n<p>&nbsp;<\/p>\n<p>&nbsp;<\/p>\n<p>&nbsp;<\/p>\n","protected":false},"excerpt":{"rendered":"<p>Spole\u010dnost je tvo\u0159ena i lidmi, kte\u0159\u00ed zast\u00e1vaj\u00ed tradi\u010dn\u00ed rodinn\u00e9 a spole\u010densk\u00e9 hodnoty Lampionov\u00fd pr\u016fvod &#8222;Sv\u011btlem&#8230;<\/p>\n","protected":false},"author":2,"featured_media":39869,"comment_status":"closed","ping_status":"closed","sticky":false,"template":"","format":"standard","meta":[],"categories":[6],"tags":[245,6237,205],"_links":{"self":[{"href":"https:\/\/www.infokuryr.cz\/n\/wp-json\/wp\/v2\/posts\/39866"}],"collection":[{"href":"https:\/\/www.infokuryr.cz\/n\/wp-json\/wp\/v2\/posts"}],"about":[{"href":"https:\/\/www.infokuryr.cz\/n\/wp-json\/wp\/v2\/types\/post"}],"author":[{"embeddable":true,"href":"https:\/\/www.infokuryr.cz\/n\/wp-json\/wp\/v2\/users\/2"}],"replies":[{"embeddable":true,"href":"https:\/\/www.infokuryr.cz\/n\/wp-json\/wp\/v2\/comments?post=39866"}],"version-history":[{"count":1,"href":"https:\/\/www.infokuryr.cz\/n\/wp-json\/wp\/v2\/posts\/39866\/revisions"}],"predecessor-version":[{"id":39868,"href":"https:\/\/www.infokuryr.cz\/n\/wp-json\/wp\/v2\/posts\/39866\/revisions\/39868"}],"wp:featuredmedia":[{"embeddable":true,"href":"https:\/\/www.infokuryr.cz\/n\/wp-json\/wp\/v2\/media\/39869"}],"wp:attachment":[{"href":"https:\/\/www.infokuryr.cz\/n\/wp-json\/wp\/v2\/media?parent=39866"}],"wp:term":[{"taxonomy":"category","embeddable":true,"href":"https:\/\/www.infokuryr.cz\/n\/wp-json\/wp\/v2\/categories?post=39866"},{"taxonomy":"post_tag","embeddable":true,"href":"https:\/\/www.infokuryr.cz\/n\/wp-json\/wp\/v2\/tags?post=39866"}],"curies":[{"name":"wp","href":"https:\/\/api.w.org\/{rel}","templated":true}]}}