{"id":39860,"date":"2023-11-08T01:09:46","date_gmt":"2023-11-08T00:09:46","guid":{"rendered":"https:\/\/www.infokuryr.cz\/n\/?p=39860"},"modified":"2023-11-07T18:47:03","modified_gmt":"2023-11-07T17:47:03","slug":"nedelnik-adama-b-bartose-151-palestinske-lidice-a-lezaky","status":"publish","type":"post","link":"https:\/\/www.infokuryr.cz\/n\/2023\/11\/08\/nedelnik-adama-b-bartose-151-palestinske-lidice-a-lezaky\/","title":{"rendered":"NED\u011aLN\u00cdK ADAMA B. BARTO\u0160E (151) PALESTINSK\u00c9 LIDICE A LE\u017d\u00c1KY"},"content":{"rendered":"<div id=\"fb-root\"><\/div>\n<p>Kde za\u010d\u00edt? Od posledn\u00edho ned\u011bln\u00edku se toho tolik stalo. V\u00e1lku na Ukrajin\u011b vyst\u0159\u00eddala v\u00e1lka v Gaze a \u010de\u0161t\u00ed politici jsou zase jako na trn\u00ed. Jejich servilnost m\u00e1 spoustu humorn\u00fdch (i m\u00e9n\u011b humorn\u00fdch) podob, jako nap\u0159\u00edklad\u00a0<a href=\"https:\/\/www.facebook.com\/photo\/?fbid=723968166435086&amp;set=a.582509993914238\" target=\"_blank\" rel=\"noopener\"><em><strong>tato poveden\u00e1 fotografie<\/strong><\/em><\/a>.<span id=\"more-13944\"><\/span><\/p>\n<p>J\u00e1 bych se jim tedy tolik sm\u00e1t nem\u011bl, nebo\u0165 jsem p\u0159ed dlouh\u00fdmi lety tak\u00e9 b\u011bhal s izraelskou vlajkou, ale kdy\u017e ono je to v\u00e1\u017en\u011b k sm\u00edchu. Kdy\u017e Dana Dr\u00e1bov\u00e1 zrovna neprovol\u00e1v\u00e1 sl\u00e1vu Ukrajin\u011b (jako tehdy v \u010cT), tak se zahal\u00ed do izraelsk\u00e9 vlajky. Ta \u017eensk\u00e1 nem\u00e1 kousek sebereflexe. Ministr pr\u016fmyslu S\u00edkela sice s\u00e1m vypad\u00e1 tak trochu jako Bibi Netanjahu, ale je norm\u00e1ln\u00ed, aby si \u010dlen vl\u00e1dy d\u00e1val na z\u00e1da vlajku ciz\u00edho st\u00e1tu? Tohle d\u011blala moje star\u00e1 zn\u00e1m\u00e1, \u017ee se zahalila na proizraelsk\u00e9 demonstraci do jejich vlajky (v dob\u011b, kdy jsem i j\u00e1 byl podobn\u011b pomaten\u00fd) a pro novin\u00e1\u0159e to bylo p\u011bkn\u011b fotogenick\u00e9, proto\u017ee p\u0159i tom dob\u0159e vypadala. Kdy\u017e ale do izraelsk\u00e9 vlajky zabal\u00edte n\u011bco, jako je Dana Dr\u00e1bov\u00e1, tak je to sp\u00ed\u0161e k \u00faleku. No a ta t\u0159et\u00ed \u2013 \u0161koda mluvit. Husi\u010dka Mirka N\u011bmcov\u00e1, co si \u010deskou vlajku na klopu kab\u00e1tu neum\u00ed ani po\u0159\u00e1dn\u011b p\u0159ipnout, nebo ji snad dokonce schv\u00e1ln\u011b upozadila p\u0159ed tou izraelskou, to rad\u011bji nech\u00e1me bez koment\u00e1\u0159e. Cel\u00e9 to vypad\u00e1, jako kdy\u017e z \u00fastavu pro choromysln\u00e9 uteklo n\u011bkolik z\u0159\u00edzenc\u016f a kdy\u017e b\u011b\u017eeli p\u0159es Starom\u00e1k, kde se zrovna odehr\u00e1vala n\u011bjak\u00e1 demonstrace, tak se zamotali do prapor\u016f. Cel\u00e9 to korunoval premi\u00e9r H\u0148up, kter\u00fd \u2013 z\u0159ejm\u011b zase pomysln\u00fdm vlakem \u2013 odcestoval p\u0159\u00edmo do centra v\u00e1le\u010dn\u00e9 v\u0159avy, aby tam p\u0159ed Bibim z pap\u00edru p\u0159e\u010detl p\u00e1r uk\u0148ouran\u00fdch v\u011bt. Na\u0161t\u011bst\u00ed tuhle trapnou historku u\u017e mezit\u00edm zav\u00e1l \u010das, tak ji tu nemus\u00edm komentovat, ud\u011blalo to za mne mnoho jin\u00fdch psavc\u016f. Jen jsem to cht\u011bl p\u0159ipomenout, proto\u017ee Fialovo vystoupen\u00ed v Izraeli a v\u00fd\u0161e popsan\u00e1 fotka ze Starom\u00e1ku jsou adepty na politick\u00fd biz\u00e1r roku\u2026<\/p>\n<p>L\u00edb\u00e1n\u00ed sionistick\u00e9ho prstenu se ale neodehr\u00e1v\u00e1 jen ve vl\u00e1dn\u00edch \u0159ad\u00e1ch \u2013 i takov\u00e1 opozice, kter\u00e1 se naz\u00fdv\u00e1 vlasteneckou, m\u00e1 jasno. Nap\u0159\u00edklad poslanec Kobza na facebooku prsk\u00e1 na v\u0161echny, kdo nefand\u00ed Izraeli. \u00datok Ham\u00e1su p\u0159irovnal k zni\u010den\u00ed Lidic a ti, kdo podporuj\u00ed Palestince, jsou podle n\u011bj hlup\u00e1ci, kte\u0159\u00ed si neuv\u011bdomuj\u00ed, \u017ee oslavuj\u00ed zlo podobn\u00e9 tomu nacistick\u00e9mu. Jen\u017ee to p\u0159irovn\u00e1n\u00ed kulh\u00e1 na ob\u011b strany. Po atent\u00e1tu na Heydricha, kter\u00fd sv\u00fdm proveden\u00edm a utajen\u00edm sp\u00ed\u0161e p\u0159ipom\u00ednal teroristick\u00fd \u010din v\u016f\u010di okupant\u016fm, p\u0159i\u0161la okupuj\u00edc\u00ed moc a z pomsty srovnala Lidice se zem\u00ed. P\u0159esn\u011b to, co d\u011blaj\u00ed Izraelci dnes \u2013 a vlastn\u011b u\u017e od roku 1948. Oni okupuj\u00ed vesnice, oni je vyhlazuj\u00ed z povrchu zemsk\u00e9ho. Sice jako pomstu za teroristick\u00e9 akty, ale pokud n\u011bco p\u0159ipom\u00edn\u00e1 izraelsk\u00e9 po\u010d\u00edn\u00e1n\u00ed dnes, tak je to nacistick\u00e9 b\u011bsn\u011bn\u00ed. P\u0159esn\u011b jako to v Lidic\u00edch. Pan poslanec za SPD cht\u011bl Izraeli argumenta\u010dn\u011b p\u0159icupitat na pomoc, ale p\u0159itom se do toho ne\u0161ikovn\u011b zamotal. Kdy\u017e u\u017e pan Kobza z Izraele dov\u00e1\u017e\u00ed ko\u0161\u00e9r v\u00edna a obchoduje tu s nimi, tak by si m\u011bl alespo\u0148 nastudovat historii vzniku Izraele, aby n\u00e1m tu nevykl\u00e1dal nesmysle\u2026<\/p>\n<p>Zkr\u00e1tka, ukazuje se, \u017ee Izrael je op\u011bt lakmusov\u00fdm pap\u00edrkem, kter\u00fd ur\u010duje, kdo je kdo a kdo kde stoj\u00ed. Ka\u017ed\u00fd se podle n\u011bj vybarv\u00ed. Rozd\u011bluje vlastence na ty prav\u00e9 a neprav\u00e9, podobn\u011b jako v\u00e1lka na Ukrajin\u011b \u010di p\u0159edt\u00edm covid. Schv\u00e1ln\u011b si v\u0161\u00edmejte, kdo na \u201ealternativ\u011b\u201c podporuje Izrael \u2013 a t\u00edm se mnoho v\u011bc\u00ed vysv\u011btl\u00ed.<\/p>\n<p>N\u00e1rodn\u00ed demokracie m\u00e1 v\u0161ak na starosti d\u016fle\u017eit\u011bj\u0161\u00ed v\u011bci, ne\u017e vyjad\u0159ov\u00e1n\u00ed se k izraelsko-palestinsk\u00e9mu konfliktu. Ten n\u00e1s sv\u00fdm zp\u016fsobem nezaj\u00edm\u00e1, proto\u017ee nen\u00ed n\u00e1\u0161 (podobn\u011b jako ten rusko-ukrajinsk\u00fd, kter\u00fd postupn\u011b odezn\u00edv\u00e1).<\/p>\n<p>My se toti\u017e p\u0159ipravujeme na evropsk\u00e9 volby a za t\u00edm \u00fa\u010delem jsme p\u0159edstavili \u2013 d\u00e1 se \u0159\u00edci historick\u00e9 \u2013 spojenectv\u00ed na vlasteneck\u00e9 sc\u00e9n\u011b. Pokud jste nevid\u011bli konferenci, kde jsme toto sjednocen\u00ed (nazvali jsme ho Aliance za nez\u00e1vislost \u010cR) zve\u0159ejnili a kde jsme z\u00e1rove\u0148 ozn\u00e1mili l\u00eddra t\u00e9to sjednocen\u00e9 kandid\u00e1tky, gener\u00e1lmajora v.v. Hynka Bla\u0161ko, ur\u010dit\u011b se na z\u00e1znam pod\u00edvejte\u00a0<a href=\"https:\/\/www.youtube.com\/watch?v=joXdp39ctCM\" target=\"_blank\" rel=\"noopener\"><em><strong>zde<\/strong><\/em><\/a>. Netvrd\u00edm, \u017ee toto spojenectv\u00ed samo o sob\u011b znamen\u00e1 jist\u00fd \u00fasp\u011bch, o ten se budeme muset je\u0161t\u011b s va\u0161\u00ed pomoc\u00ed poprat, ale chci t\u00edm \u0159\u00edci, \u017ee jsme t\u011bch n\u011bkolik m\u011bs\u00edc\u016f nezah\u00e1leli a toto je v\u00fdsledek na\u0161ich jedn\u00e1n\u00ed. Pospojovat v\u00edce stran u\u017e nen\u00ed v na\u0161ich sil\u00e1ch, proto\u017ee dal\u0161\u00ed subjekty, kter\u00e9 v\u00e1s mo\u017en\u00e1 napadnou, o spolupr\u00e1ci nem\u011bly z\u00e1jem, tak\u017ee to, co jsme p\u0159edstavili, je skute\u010dn\u011b maximum mo\u017en\u00e9ho. Kdo nem\u00e1 \u010das sledovat cel\u00e9 video, zde je alespo\u0148\u00a0<a href=\"https:\/\/narodnidemokracie.cz\/spojujeme-sily-narodni-demokracie-jde-do-eurovoleb-spolu-se-7-dalsimi-stranami-pod-nazvem-aliance-za-nezavislost-cr\/\" target=\"_blank\" rel=\"noopener\"><em><strong>tiskov\u00e1 zpr\u00e1va<\/strong><\/em><\/a>, kde jsou shrnuty nejd\u016fle\u017eit\u011bj\u0161\u00ed informace. A na n\u00ed\u017ee uveden\u00fdch kan\u00e1lech n\u00e1s m\u016f\u017eete sledovat a podporovat. Budeme to pot\u0159ebovat.<\/p>\n<p>web: www.aliancezacr.cz<br \/>\nFB: www.facebook.com\/aliancezacr\/<br \/>\nX: www.twitter.com\/AliancezaCR\/<br \/>\nVK: www.vk.com\/aliancezacr<br \/>\nTG: t.me\/aliancezacr<\/p>\n<p>Tak aspo\u0148 takto kr\u00e1tce a \u2013 n\u00e1rodu zdar!<\/p>\n<p><em>Adam B. Barto\u0161<\/em><br \/>\n<em>p\u0159edseda N\u00e1rodn\u00ed demokracie<\/em><\/p>\n<p><a href=\"https:\/\/narodnidemokracie.cz\/nedelnik-adama-b-bartose-151-palestinske-lidice-a-lezaky\/\"><img decoding=\"async\" loading=\"lazy\" class=\"alignnone size-full wp-image-678\" src=\"http:\/\/www.infokuryr.cz\/n\/wp-content\/uploads\/2021\/04\/narodni_demokracie_logo.jpg\" alt=\"\" width=\"300\" height=\"85\" \/><\/a><\/p>\n<p>&nbsp;<\/p>\n<p>____________________________<\/p>\n<p>&nbsp;<\/p>\n<p><a href=\"https:\/\/stranapro.cz\/\"><img decoding=\"async\" loading=\"lazy\" class=\"wp-image-30218 aligncenter\" src=\"http:\/\/www.infokuryr.cz\/n\/wp-content\/uploads\/2023\/06\/PRO-banner-300x36.png\" alt=\"\" width=\"1367\" height=\"164\" srcset=\"https:\/\/www.infokuryr.cz\/n\/wp-content\/uploads\/2023\/06\/PRO-banner-300x36.png 300w, https:\/\/www.infokuryr.cz\/n\/wp-content\/uploads\/2023\/06\/PRO-banner-768x93.png 768w, https:\/\/www.infokuryr.cz\/n\/wp-content\/uploads\/2023\/06\/PRO-banner.png 849w\" sizes=\"(max-width: 1367px) 100vw, 1367px\" \/><\/a><\/p>\n<p>&nbsp;<\/p>\n<p>&nbsp;<\/p>\n<p>&nbsp;<\/p>\n","protected":false},"excerpt":{"rendered":"<p>Kde za\u010d\u00edt? Od posledn\u00edho ned\u011bln\u00edku se toho tolik stalo. V\u00e1lku na Ukrajin\u011b vyst\u0159\u00eddala v\u00e1lka v&#8230;<\/p>\n","protected":false},"author":2,"featured_media":679,"comment_status":"closed","ping_status":"closed","sticky":false,"template":"","format":"standard","meta":[],"categories":[6],"tags":[367,348,107,29,85,122],"_links":{"self":[{"href":"https:\/\/www.infokuryr.cz\/n\/wp-json\/wp\/v2\/posts\/39860"}],"collection":[{"href":"https:\/\/www.infokuryr.cz\/n\/wp-json\/wp\/v2\/posts"}],"about":[{"href":"https:\/\/www.infokuryr.cz\/n\/wp-json\/wp\/v2\/types\/post"}],"author":[{"embeddable":true,"href":"https:\/\/www.infokuryr.cz\/n\/wp-json\/wp\/v2\/users\/2"}],"replies":[{"embeddable":true,"href":"https:\/\/www.infokuryr.cz\/n\/wp-json\/wp\/v2\/comments?post=39860"}],"version-history":[{"count":1,"href":"https:\/\/www.infokuryr.cz\/n\/wp-json\/wp\/v2\/posts\/39860\/revisions"}],"predecessor-version":[{"id":39861,"href":"https:\/\/www.infokuryr.cz\/n\/wp-json\/wp\/v2\/posts\/39860\/revisions\/39861"}],"wp:featuredmedia":[{"embeddable":true,"href":"https:\/\/www.infokuryr.cz\/n\/wp-json\/wp\/v2\/media\/679"}],"wp:attachment":[{"href":"https:\/\/www.infokuryr.cz\/n\/wp-json\/wp\/v2\/media?parent=39860"}],"wp:term":[{"taxonomy":"category","embeddable":true,"href":"https:\/\/www.infokuryr.cz\/n\/wp-json\/wp\/v2\/categories?post=39860"},{"taxonomy":"post_tag","embeddable":true,"href":"https:\/\/www.infokuryr.cz\/n\/wp-json\/wp\/v2\/tags?post=39860"}],"curies":[{"name":"wp","href":"https:\/\/api.w.org\/{rel}","templated":true}]}}