{"id":39802,"date":"2023-11-07T03:46:20","date_gmt":"2023-11-07T02:46:20","guid":{"rendered":"https:\/\/www.infokuryr.cz\/n\/?p=39802"},"modified":"2023-11-07T03:46:20","modified_gmt":"2023-11-07T02:46:20","slug":"zidovsky-zpevak-ktery-si-vymyslel-antisemitsky-utok-jde-pred-soud-bude-odsouzen","status":"publish","type":"post","link":"https:\/\/www.infokuryr.cz\/n\/2023\/11\/07\/zidovsky-zpevak-ktery-si-vymyslel-antisemitsky-utok-jde-pred-soud-bude-odsouzen\/","title":{"rendered":"\u017didovsk\u00fd zp\u011bv\u00e1k, kter\u00fd si vymyslel antisemitsk\u00fd \u00fatok, jde p\u0159ed soud. Bude odsouzen?"},"content":{"rendered":"<div id=\"fb-root\"><\/div>\n<p>V Lipsku dnes za\u010dne zaj\u00edmav\u00fd soud\u00ed proces.\u00a0<strong>St\u00e1tn\u00ed zastupitel v n\u011bm \u017ealuje \u017eidovsk\u00e9ho zp\u011bv\u00e1ka Gil Ofarima, kter\u00fd l\u017eiv\u011b obvinil hotelov\u00fd person\u00e1l \u00a0Westin-Grand-Hotelu z antisemitismu. \u017didovsk\u00fd zp\u011bv\u00e1k si vymyslel p\u0159ed 2 roky antisemitsk\u00fd \u00fatok a z\u0159ejm\u011b o\u010dek\u00e1val n\u011bjakou kompenzaci<\/strong>\u00a0ze strany hotelu (psali\u00a0<a href=\"https:\/\/ceskavec.com\/2021\/10\/zidovsky-zpevak-si-vymyslel-antisemitsky-incident-v-hotelu-v-lipsku-kolik-podobnych-vyderacskych-pokusu-nemecti-gojimove-jeste-zaziji\">jsme zde<\/a>).\u00a0<strong>Nyn\u00ed bude souzen za fale\u0161n\u00e9\u00a0<a href=\"https:\/\/jungefreiheit.de\/kultur\/gesellschaft\/2023\/ofarim-verleumdung-prozess\/\">obvin\u011bn\u00ed recep\u010dn<\/a>\u00ed a lhan\u00ed \u00fa\u0159ad\u016fm pod p\u0159\u00edsahou.<\/strong><\/p>\n<p>Media tehdy spustila povinn\u00fd povyk a politici po\u0159\u00e1dali povinn\u00e9 demonstrace proti antisemitismu.\u00a0<strong>Jen\u017ee pravda brzy vy\u0161la na povrch. \u017didovsk\u00fd zp\u011bv\u00e1 lhal d\u00e1l a p\u0159\u00edsahal meid\u00edm a \u00fa\u0159ad\u016fm, \u017ee se jednalo o \u00fadajn\u00fd antisemitisk\u00fd \u00fatok. Jen\u017ee le\u017e se brzy uk\u00e1zala neudr\u017eitelnou a t\u011b\u010f bude tedy soud. Ot\u00e1zkou je, zda si n\u011bmeck\u00e9 soudy troufnou odsoudit p\u0159\u00edslu\u0161n\u00edka vyvolen\u00e9 men\u0161iny za tak \u201eban\u00e1ln\u00ed v\u011bc jako k\u0159iv\u00e9 obvin\u011bn\u00ed a fale\u0161n\u00e9 sv\u011bdectv\u00ed\u201c. Co mysl\u00edte?<\/strong><\/p>\n<p><img decoding=\"async\" loading=\"lazy\" class=\"alignnone size-full wp-image-1185\" src=\"http:\/\/www.infokuryr.cz\/n\/wp-content\/uploads\/2021\/04\/kuryr-podpis.png\" alt=\"\" width=\"84\" height=\"24\" \/><\/p>\n<p>&nbsp;<\/p>\n<p><a href=\"https:\/\/stranapro.cz\/\"><img decoding=\"async\" loading=\"lazy\" class=\"wp-image-30218 aligncenter\" src=\"http:\/\/www.infokuryr.cz\/n\/wp-content\/uploads\/2023\/06\/PRO-banner-300x36.png\" alt=\"\" width=\"1375\" height=\"165\" srcset=\"https:\/\/www.infokuryr.cz\/n\/wp-content\/uploads\/2023\/06\/PRO-banner-300x36.png 300w, https:\/\/www.infokuryr.cz\/n\/wp-content\/uploads\/2023\/06\/PRO-banner-768x93.png 768w, https:\/\/www.infokuryr.cz\/n\/wp-content\/uploads\/2023\/06\/PRO-banner.png 849w\" sizes=\"(max-width: 1375px) 100vw, 1375px\" \/><\/a><\/p>\n<p>&nbsp;<\/p>\n<p>&nbsp;<\/p>\n<p>&nbsp;<\/p>\n","protected":false},"excerpt":{"rendered":"<p>V Lipsku dnes za\u010dne zaj\u00edmav\u00fd soud\u00ed proces.\u00a0St\u00e1tn\u00ed zastupitel v n\u011bm \u017ealuje \u017eidovsk\u00e9ho zp\u011bv\u00e1ka Gil Ofarima,&#8230;<\/p>\n","protected":false},"author":2,"featured_media":39803,"comment_status":"closed","ping_status":"closed","sticky":false,"template":"","format":"standard","meta":[],"categories":[7],"tags":[84,324,1302,5523],"_links":{"self":[{"href":"https:\/\/www.infokuryr.cz\/n\/wp-json\/wp\/v2\/posts\/39802"}],"collection":[{"href":"https:\/\/www.infokuryr.cz\/n\/wp-json\/wp\/v2\/posts"}],"about":[{"href":"https:\/\/www.infokuryr.cz\/n\/wp-json\/wp\/v2\/types\/post"}],"author":[{"embeddable":true,"href":"https:\/\/www.infokuryr.cz\/n\/wp-json\/wp\/v2\/users\/2"}],"replies":[{"embeddable":true,"href":"https:\/\/www.infokuryr.cz\/n\/wp-json\/wp\/v2\/comments?post=39802"}],"version-history":[{"count":0,"href":"https:\/\/www.infokuryr.cz\/n\/wp-json\/wp\/v2\/posts\/39802\/revisions"}],"wp:featuredmedia":[{"embeddable":true,"href":"https:\/\/www.infokuryr.cz\/n\/wp-json\/wp\/v2\/media\/39803"}],"wp:attachment":[{"href":"https:\/\/www.infokuryr.cz\/n\/wp-json\/wp\/v2\/media?parent=39802"}],"wp:term":[{"taxonomy":"category","embeddable":true,"href":"https:\/\/www.infokuryr.cz\/n\/wp-json\/wp\/v2\/categories?post=39802"},{"taxonomy":"post_tag","embeddable":true,"href":"https:\/\/www.infokuryr.cz\/n\/wp-json\/wp\/v2\/tags?post=39802"}],"curies":[{"name":"wp","href":"https:\/\/api.w.org\/{rel}","templated":true}]}}