{"id":39656,"date":"2023-11-05T00:58:02","date_gmt":"2023-11-04T23:58:02","guid":{"rendered":"https:\/\/www.infokuryr.cz\/n\/?p=39656"},"modified":"2023-11-04T19:51:10","modified_gmt":"2023-11-04T18:51:10","slug":"cina-je-v-listopadu-predsednickou-zemi-rady-bezpecnosti-osn","status":"publish","type":"post","link":"https:\/\/www.infokuryr.cz\/n\/2023\/11\/05\/cina-je-v-listopadu-predsednickou-zemi-rady-bezpecnosti-osn\/","title":{"rendered":"\u010c\u00edna je v listopadu p\u0159edsednickou zem\u00ed Rady bezpe\u010dnosti OSN"},"content":{"rendered":"<div id=\"fb-root\"><\/div>\n<p data-spm-anchor-id=\"0.0.0.i1\">\u010c\u00edna se od 1. listopadu stala p\u0159edsednickou zem\u00ed Rady bezpe\u010dnosti OSN. Ve stejn\u00fd den \u010d\u00ednsk\u00fd st\u00e1l\u00fd z\u00e1stupce v Organizaci spojen\u00fdch n\u00e1rod\u016f Zhang Jun p\u0159edsedal vnit\u0159n\u00edm konzultac\u00edm Rady bezpe\u010dnosti a schv\u00e1lil pracovn\u00ed pl\u00e1n Rady bezpe\u010dnosti na tento m\u011bs\u00edc.<\/p>\n<p class=\"photo_img_20190808\"><img decoding=\"async\" loading=\"lazy\" class=\"aligncenter\" src=\"https:\/\/p5crires.cri.cn\/photoworkspace\/cri\/contentimg\/2023\/11\/02\/2023110216375260675.png\" alt=\"\" width=\"537\" height=\"357\" \/><\/p>\n<p data-spm-anchor-id=\"0.0.0.i2\">Zhang Jun se vyslovil v tom smyslu, \u017ee situace mezi Palestinou a Izraelem je nejd\u016fle\u017eit\u011bj\u0161\u00edm \u00fakolem na programu Rady bezpe\u010dnosti v tomto m\u011bs\u00edci. Nal\u00e9hav\u00fdm \u00fakolem je podpo\u0159it p\u0159\u00edm\u011b\u0159\u00ed a ukon\u010dit v\u00e1lku a zabr\u00e1nit dal\u0161\u00edm civiln\u00edm ob\u011btem, v\u011bt\u0161\u00ed humanit\u00e1rn\u00ed katastrof\u011b a roz\u0161\u00ed\u0159en\u00ed konfliktu. \u010c\u00edna jako rotuj\u00edc\u00ed p\u0159edsednick\u00e1 zem\u011b Rady bezpe\u010dnosti vyhov\u00ed v\u00fdzv\u011b mezin\u00e1rodn\u00edho spole\u010denstv\u00ed a bude spolupracovat s p\u0159\u00edslu\u0161n\u00fdmi stranami na podpo\u0159e Rady bezpe\u010dnosti, aby v\u010das p\u0159ijala odpov\u011bdn\u00e1 a smyslupln\u00e1 kolektivn\u00ed opat\u0159en\u00ed.<\/p>\n<p>Podle pracovn\u00edho pl\u00e1nu se Rada bezpe\u010dnosti tento m\u011bs\u00edc bude zab\u00fdvat n\u011bkolika ot\u00e1zkami, v\u010detn\u011b palestinsko-izraelsk\u00e9ho konfliktu a situace v S\u00fdrii, Jemenu a Bosn\u011b a Hercegovin\u011b. Z podn\u011btu \u010c\u00edny povede Rada bezpe\u010dnosti 20. listopadu otev\u0159enou diskusi na t\u00e9ma \u201eSpole\u010dn\u00fd rozvoj pro trval\u00fd m\u00edr\u201c.<\/p>\n<p>P\u0159edsednick\u00e1 zem\u011b Rady bezpe\u010dnosti je jmenov\u00e1na st\u0159\u00eddav\u011b z patn\u00e1cti \u010dlensk\u00fdch st\u00e1t\u016f Rady na dobu jednoho m\u011bs\u00edce. Naposledy \u010c\u00edna slou\u017eila jako p\u0159edsednick\u00e1 zem\u011b Rady bezpe\u010dnosti v srpnu roku 2022.<\/p>\n<p><img decoding=\"async\" loading=\"lazy\" class=\"alignnone size-full wp-image-1185\" src=\"http:\/\/www.infokuryr.cz\/n\/wp-content\/uploads\/2021\/04\/kuryr-podpis.png\" alt=\"\" width=\"84\" height=\"24\" \/><\/p>\n<p>&nbsp;<\/p>\n<p><a href=\"https:\/\/stranapro.cz\/\"><img decoding=\"async\" loading=\"lazy\" class=\"wp-image-30218 aligncenter\" src=\"http:\/\/www.infokuryr.cz\/n\/wp-content\/uploads\/2023\/06\/PRO-banner-300x36.png\" alt=\"\" width=\"1367\" height=\"164\" srcset=\"https:\/\/www.infokuryr.cz\/n\/wp-content\/uploads\/2023\/06\/PRO-banner-300x36.png 300w, https:\/\/www.infokuryr.cz\/n\/wp-content\/uploads\/2023\/06\/PRO-banner-768x93.png 768w, https:\/\/www.infokuryr.cz\/n\/wp-content\/uploads\/2023\/06\/PRO-banner.png 849w\" sizes=\"(max-width: 1367px) 100vw, 1367px\" \/><\/a><\/p>\n<p>&nbsp;<\/p>\n<p>&nbsp;<\/p>\n<p>&nbsp;<\/p>\n","protected":false},"excerpt":{"rendered":"<p>\u010c\u00edna se od 1. listopadu stala p\u0159edsednickou zem\u00ed Rady bezpe\u010dnosti OSN. Ve stejn\u00fd den \u010d\u00ednsk\u00fd&#8230;<\/p>\n","protected":false},"author":2,"featured_media":9726,"comment_status":"closed","ping_status":"closed","sticky":false,"template":"","format":"standard","meta":[],"categories":[7],"tags":[30,186,6213,1408],"_links":{"self":[{"href":"https:\/\/www.infokuryr.cz\/n\/wp-json\/wp\/v2\/posts\/39656"}],"collection":[{"href":"https:\/\/www.infokuryr.cz\/n\/wp-json\/wp\/v2\/posts"}],"about":[{"href":"https:\/\/www.infokuryr.cz\/n\/wp-json\/wp\/v2\/types\/post"}],"author":[{"embeddable":true,"href":"https:\/\/www.infokuryr.cz\/n\/wp-json\/wp\/v2\/users\/2"}],"replies":[{"embeddable":true,"href":"https:\/\/www.infokuryr.cz\/n\/wp-json\/wp\/v2\/comments?post=39656"}],"version-history":[{"count":0,"href":"https:\/\/www.infokuryr.cz\/n\/wp-json\/wp\/v2\/posts\/39656\/revisions"}],"wp:featuredmedia":[{"embeddable":true,"href":"https:\/\/www.infokuryr.cz\/n\/wp-json\/wp\/v2\/media\/9726"}],"wp:attachment":[{"href":"https:\/\/www.infokuryr.cz\/n\/wp-json\/wp\/v2\/media?parent=39656"}],"wp:term":[{"taxonomy":"category","embeddable":true,"href":"https:\/\/www.infokuryr.cz\/n\/wp-json\/wp\/v2\/categories?post=39656"},{"taxonomy":"post_tag","embeddable":true,"href":"https:\/\/www.infokuryr.cz\/n\/wp-json\/wp\/v2\/tags?post=39656"}],"curies":[{"name":"wp","href":"https:\/\/api.w.org\/{rel}","templated":true}]}}