{"id":39632,"date":"2023-11-05T01:08:45","date_gmt":"2023-11-05T00:08:45","guid":{"rendered":"https:\/\/www.infokuryr.cz\/n\/?p=39632"},"modified":"2023-11-04T17:26:16","modified_gmt":"2023-11-04T16:26:16","slug":"jak-se-drive-delala-novinarina-i-o-zidech-se-mohlo-svobodne-diskutovat","status":"publish","type":"post","link":"https:\/\/www.infokuryr.cz\/n\/2023\/11\/05\/jak-se-drive-delala-novinarina-i-o-zidech-se-mohlo-svobodne-diskutovat\/","title":{"rendered":"Jak se d\u0159\u00edve d\u011blala novina\u0159ina? I o \u017didech se mohlo svobodn\u011b diskutovat\u2026."},"content":{"rendered":"<div id=\"fb-root\"><\/div>\n<p>Je skoro neuv\u011b\u0159iteln\u00e9, \u017ee je\u0161t\u011b v roce 1976 bylo mo\u017en\u00e9 m\u00edt v z\u00e1padn\u00edch medi\u00edch rozhovory o \u017didech zcela otev\u0159en\u011b a v\u011bcn\u00e9. Nap\u0159\u00edklad v tomto rozhovoru diskutuje vliv \u017eid\u016f na americkou\u00a0<a href=\"https:\/\/www.youtube.com\/watch?v=Ksu5YHK5ZDo\">politiku ir\u00e1nsk\u00fd \u0161\u00e1h R. P\u00e1hlav\u00ed mluv\u00ed o \u017eidovsk\u00e9m vlivu<\/a> s redaktorem americk\u00e9 televize, kter\u00e1 m\u011bla \u017eidovssk\u00e9 majitele.<\/p>\n<p>&nbsp;<\/p>\n<p><iframe loading=\"lazy\" title=\"The Former Shah of Iran on the Jews (1976)\" width=\"640\" height=\"360\" src=\"https:\/\/www.youtube.com\/embed\/Ksu5YHK5ZDo?feature=oembed\" frameborder=\"0\" allow=\"accelerometer; autoplay; clipboard-write; encrypted-media; gyroscope; picture-in-picture; web-share\" allowfullscreen><\/iframe><\/p>\n<p>&nbsp;<\/p>\n<p><strong>Novin\u00e1\u0159 (mo\u017en\u00e1 dokonce \u017eidovsk\u00e9ho p\u016fvodu) nech\u00e1 \u0161\u00e1ha domluvit, norm\u00e1ln\u011b mu klade ot\u00e1zky a nech\u00e1 ho na n\u011b bez p\u0159eru\u0161ov\u00e1n\u00ed domluvit. Neuv\u011b\u0159iteln\u00e9, \u017ee?!<\/strong><\/p>\n<p><span style=\"font-size: 18pt;\"><strong>Co se stal, \u017ee u\u017e to nejde?<\/strong><\/span><\/p>\n<p><img decoding=\"async\" loading=\"lazy\" class=\"alignnone size-full wp-image-1185\" src=\"http:\/\/www.infokuryr.cz\/n\/wp-content\/uploads\/2021\/04\/kuryr-podpis.png\" alt=\"\" width=\"84\" height=\"24\" \/><\/p>\n<p>&nbsp;<\/p>\n<p><a href=\"https:\/\/stranapro.cz\/\"><img decoding=\"async\" loading=\"lazy\" class=\"wp-image-30218 aligncenter\" src=\"http:\/\/www.infokuryr.cz\/n\/wp-content\/uploads\/2023\/06\/PRO-banner-300x36.png\" alt=\"\" width=\"1367\" height=\"164\" srcset=\"https:\/\/www.infokuryr.cz\/n\/wp-content\/uploads\/2023\/06\/PRO-banner-300x36.png 300w, https:\/\/www.infokuryr.cz\/n\/wp-content\/uploads\/2023\/06\/PRO-banner-768x93.png 768w, https:\/\/www.infokuryr.cz\/n\/wp-content\/uploads\/2023\/06\/PRO-banner.png 849w\" sizes=\"(max-width: 1367px) 100vw, 1367px\" \/><\/a><\/p>\n<p>&nbsp;<\/p>\n<p>&nbsp;<\/p>\n<p>&nbsp;<\/p>\n","protected":false},"excerpt":{"rendered":"<p>Je skoro neuv\u011b\u0159iteln\u00e9, \u017ee je\u0161t\u011b v roce 1976 bylo mo\u017en\u00e9 m\u00edt v z\u00e1padn\u00edch medi\u00edch rozhovory&#8230;<\/p>\n","protected":false},"author":2,"featured_media":37879,"comment_status":"closed","ping_status":"closed","sticky":false,"template":"","format":"standard","meta":[],"categories":[6],"tags":[63,29,273,92],"_links":{"self":[{"href":"https:\/\/www.infokuryr.cz\/n\/wp-json\/wp\/v2\/posts\/39632"}],"collection":[{"href":"https:\/\/www.infokuryr.cz\/n\/wp-json\/wp\/v2\/posts"}],"about":[{"href":"https:\/\/www.infokuryr.cz\/n\/wp-json\/wp\/v2\/types\/post"}],"author":[{"embeddable":true,"href":"https:\/\/www.infokuryr.cz\/n\/wp-json\/wp\/v2\/users\/2"}],"replies":[{"embeddable":true,"href":"https:\/\/www.infokuryr.cz\/n\/wp-json\/wp\/v2\/comments?post=39632"}],"version-history":[{"count":1,"href":"https:\/\/www.infokuryr.cz\/n\/wp-json\/wp\/v2\/posts\/39632\/revisions"}],"predecessor-version":[{"id":39633,"href":"https:\/\/www.infokuryr.cz\/n\/wp-json\/wp\/v2\/posts\/39632\/revisions\/39633"}],"wp:featuredmedia":[{"embeddable":true,"href":"https:\/\/www.infokuryr.cz\/n\/wp-json\/wp\/v2\/media\/37879"}],"wp:attachment":[{"href":"https:\/\/www.infokuryr.cz\/n\/wp-json\/wp\/v2\/media?parent=39632"}],"wp:term":[{"taxonomy":"category","embeddable":true,"href":"https:\/\/www.infokuryr.cz\/n\/wp-json\/wp\/v2\/categories?post=39632"},{"taxonomy":"post_tag","embeddable":true,"href":"https:\/\/www.infokuryr.cz\/n\/wp-json\/wp\/v2\/tags?post=39632"}],"curies":[{"name":"wp","href":"https:\/\/api.w.org\/{rel}","templated":true}]}}