{"id":39631,"date":"2023-11-05T01:01:08","date_gmt":"2023-11-05T00:01:08","guid":{"rendered":"https:\/\/www.infokuryr.cz\/n\/?p=39631"},"modified":"2023-11-04T17:20:56","modified_gmt":"2023-11-04T16:20:56","slug":"jiri-paroubek-zaseli-vitr-sklidi-bouri","status":"publish","type":"post","link":"https:\/\/www.infokuryr.cz\/n\/2023\/11\/05\/jiri-paroubek-zaseli-vitr-sklidi-bouri\/","title":{"rendered":"Ji\u0159\u00ed Paroubek: Zaseli v\u00edtr, sklid\u00ed bou\u0159i\u2026"},"content":{"rendered":"<div id=\"fb-root\"><\/div>\n<p><strong>Energetick\u00fd regula\u010dn\u00ed \u00fa\u0159ad (ER\u00da) sd\u011blil p\u0159ed p\u00e1r dny, \u017ee oproti leto\u0161n\u00edmu roku zv\u00fd\u0161\u00ed od ledna regulovanou slo\u017eku elekt\u0159iny o 71%. Regulovan\u00e1 slo\u017eka elekt\u0159iny tvo\u0159\u00ed ov\u0161em &#8222;jen&#8220; zhruba 30% celkov\u00e9 ceny. Tak\u017ee u 30% ze 100 % bude nav\u00fd\u0161en\u00ed zhruba p\u0159es 20%. Tedy lze \u0159\u00edci, \u017ee ceny elektrick\u00e9 energie se d\u00edky tomuto z\u00e1sahu ER\u00da v p\u0159\u00ed\u0161t\u00edm roce zv\u00fd\u0161\u00ed tedy a\u017e asi o p\u011btinu. V n\u011bkter\u00fdch p\u0159\u00edpadech to bude m\u00e9n\u011b, v jin\u00fdch v\u00edce. A je tedy mo\u017en\u00e9, aby si ka\u017ed\u00fd, a\u0165 u\u017e podnikatel anebo spot\u0159ebitel v dom\u00e1cnosti spo\u010d\u00edtal, kolik bude platit nav\u00edc v d\u016fsledku \u201eprost\u00e9ho\u201c nav\u00fd\u0161en\u00ed ceny ryze drahotn\u00edho charakteru.<\/strong><\/p>\n<p>Uvedu p\u0159\u00edklad z praxe. Ve sv\u00e9m venkovsk\u00e9m dom\u011b jsem za uplynul\u00fd (od z\u00e1\u0159\u00ed 2022 do srpna 2023) rok m\u011bl d\u00edky tomu, \u017ee u\u017e dlouh\u00e1 l\u00e9ta m\u00e1m v provozu tepeln\u00e9 \u010derpadlo typu voda-vzduch, m\u011bs\u00ed\u010dn\u00ed spot\u0159ebu elektrick\u00e9 energie za uplynul\u00fd rok v pr\u016fm\u011bru 4300K\u010d m\u011bs\u00ed\u010dn\u011b. Energetick\u00e1 spole\u010dnost mi stanovila nov\u00e9 z\u00e1lohy na spot\u0159ebu elektrick\u00e9 energie v n\u00e1sleduj\u00edc\u00edm ro\u010dn\u00edm obdob\u00ed cca 7300K\u010d. Pot\u00e9, co jsem se vzbou\u0159il proti takov\u00e9to \u201ekalkulaci\u201c, mn\u011b byla nicm\u00e9n\u011b m\u011bs\u00ed\u010dn\u00ed z\u00e1loha nav\u00fd\u0161ena na 4300K\u010d + 1200K\u010d za obnoviteln\u00e9 zdroje. Tedy,\u00a0 budu m\u011bs\u00ed\u010dn\u011b platit cca 5500K\u010d z\u00e1lohy. To je ale nav\u00fd\u0161en\u00ed plateb o v\u00edce ne\u017e jednu \u010dtvrtinu. Tak\u017ee, pokud jsem za uplynul\u00e9 ro\u010dn\u00ed obdob\u00ed zaplatil n\u011bco p\u0159es 50 tis. K\u010d, nyn\u00ed to bude o cca 13 000K\u010d nav\u00edc. Tedy za p\u0159edpokladu, \u017ee mn\u011b v dom\u011b neporoste spot\u0159eba elektrick\u00e9 energie. Anebo naopak, \u017ee mi nebude klesat. Ta u\u017e ale t\u011b\u017eko bude klesat, proto\u017ee jsem prost\u011b vyu\u017eil v\u0161echny mo\u017enosti, abych spot\u0159ebu elektrick\u00e9 energie sn\u00ed\u017eil. M\u00e1m tepeln\u00e9 \u010derpadlo. Kdy\u017e odj\u00ed\u017ed\u00edm z domu, vyp\u00edn\u00e1m topen\u00ed a oh\u0159ev vody&#8230;. Nastal konec rozma\u0159ilost\u00ed.<\/p>\n<p><a href=\"https:\/\/stranapro.cz\/\"><img decoding=\"async\" loading=\"lazy\" class=\"alignnone  wp-image-30218\" src=\"http:\/\/www.infokuryr.cz\/n\/wp-content\/uploads\/2023\/06\/PRO-banner-300x36.png\" alt=\"\" width=\"1375\" height=\"165\" srcset=\"https:\/\/www.infokuryr.cz\/n\/wp-content\/uploads\/2023\/06\/PRO-banner-300x36.png 300w, https:\/\/www.infokuryr.cz\/n\/wp-content\/uploads\/2023\/06\/PRO-banner-768x93.png 768w, https:\/\/www.infokuryr.cz\/n\/wp-content\/uploads\/2023\/06\/PRO-banner.png 849w\" sizes=\"(max-width: 1375px) 100vw, 1375px\" \/><\/a><\/p>\n<p>Tak\u017ee, pokud premi\u00e9r Fiala a ministr S\u00edkela hovo\u0159\u00ed o tom, \u017ee se bude jednat jen o p\u00e1r procent nav\u00fd\u0161en\u00ed n\u00e1klad\u016f na elektrickou energii dom\u00e1cnost\u00ed. To znamen\u00e1 maxim\u00e1ln\u011b o p\u00e1r set korun nebo o n\u011bjak\u00fd ten tis\u00edc korun za dom\u00e1cnost, tak prost\u011b l\u017eou. Jinak to \u0159\u00edct nelze. Celou v\u011bc pak r\u016fzn\u00ed \u201eodborn\u00edci&#8220;, kte\u0159\u00ed se solidarizuj\u00ed s vl\u00e1dou, zakr\u00fdvaj\u00ed r\u016fzn\u00fdmi argumenta\u010dn\u00edmi triky. Nap\u0159. t\u00edm, \u017ee mluv\u00ed o slotech \u010di o r\u016fzn\u00fdch stropech, fixac\u00edch a dal\u0161\u00edch nesmyslech, ale pr\u016fm\u011br, o kter\u00fd vzrostou ceny elektrick\u00e9 energie, bude z\u0159ejm\u011b n\u011bkde p\u0159es 20 a\u017e 25% na jednu dom\u00e1cnost.<\/p>\n<p>V jednom &#8222;odborn\u00e9m &#8220; koment\u00e1\u0159i jsem \u010detl kouzelnou v\u011btu, \u017ee \u201eu plynu bude nav\u00fd\u0161en\u00ed regulovan\u00e9 \u010d\u00e1sti ceny m\u00edrn\u011bj\u0161\u00ed\u201c. Tedy \u0159ekn\u011bme, \u017ee cena plynu p\u0159\u00ed\u0161t\u00ed\u00a0 rok poroste ne o 25% ale t\u0159eba o 18 anebo alespo\u0148 15% meziro\u010dn\u00edho n\u00e1r\u016fstu. I tak to bude r\u00e1na pro rozpo\u010det dom\u00e1cnost\u00ed i pro podnikatelsk\u00fd sektor.<\/p>\n<p>Vzhledem k oligopoln\u00edmu charakteru \u010desk\u00e9 ekonomiky lze o\u010dek\u00e1vat, \u017ee nap\u0159. obchodn\u00ed \u0159et\u011bzce, kter\u00fdm vzrostou n\u00e1klady v d\u016fsledku r\u016fstu cen elektrick\u00e9 energie v jedn\u00e9 polo\u017ece a\u017e o \u010dtvrtinu, toto zv\u00fd\u0161en\u00ed prom\u00edtnou &#8220; lidumiln\u011b&#8220; zp\u011bt do cen zejm\u00e9na potravin\u00e1\u0159sk\u00e9ho zbo\u017e\u00ed. Tedy zbo\u017e\u00ed, kter\u00e9 vy\u017eaduje chlazen\u00ed a rozs\u00e1hlej\u0161\u00ed manipulaci. Samoz\u0159ejm\u011b tak\u00e9 sv\u00edcen\u00ed v ob\u0159\u00edch m\u00edstnostech obchodn\u00edch \u0159et\u011bzc\u016f bude n\u011bco st\u00e1t. Tak\u017ee lze o\u010dek\u00e1vat, \u017ee se kola inflace op\u011bt rozto\u010d\u00ed. Optimistick\u00e9 p\u0159edpov\u011bdi centr\u00e1ln\u00edch bank\u00e9\u0159\u016f o tom, \u017ee u\u017e za rok bude inflace \u010dinit\u00a0 kolem 2%, jsou opravdu k sm\u00edchu, jako p\u0159esp\u0159\u00edli\u0161 optimistick\u00e9.<\/p>\n<p>A to je\u0161t\u011b nezn\u00e1me a t\u011b\u017eko m\u016f\u017eeme odhadnout dopad v\u0161ech opat\u0159en\u00ed tzv. konsolida\u010dn\u00edho bal\u00ed\u010dku vl\u00e1dy na celou \u010deskou ekonomiku. Z\u0159ejm\u00e9 je, \u017ee dojde k dal\u0161\u00edmu poklesu spot\u0159ebitelsk\u00e9 popt\u00e1vky. To v\u0161e se projev\u00ed v HDP cel\u00e9 zem\u011b, proto\u017ee jeho d\u016fle\u017eit\u00e1 slo\u017eka \u2013 spot\u0159eba obyvatelstva \u2013 bude d\u00e1le klesat. A nejen, \u017ee bude klesat prodej zbo\u017e\u00ed, ona bude v d\u016fsledku poklesu prodeje zbo\u017e\u00ed, klesat tak\u00e9 jeho v\u00fdroba. Nap\u0159. cihelny firmy Wienerberger p\u0159eru\u0161uj\u00ed provoz na obdob\u00ed zimn\u00edch m\u011bs\u00edc\u016f, proto\u017ee maj\u00ed pln\u00e9 sklady sv\u00fdch v\u00fdrobk\u016f, co\u017e nejsou jen cihly. To lze pochopit, to je norm\u00e1ln\u00ed tr\u017en\u00ed chov\u00e1n\u00ed. Ale tak\u00e9 to bude m\u00edt dal\u0161\u00ed, \u0159et\u011bzov\u00e9 d\u016fsledky. Zam\u011bstnanci nebudou dost\u00e1vat pln\u00fd plat anebo p\u0159ijdou o m\u00edsto. A to povede k dal\u0161\u00edmu oslaben\u00ed koup\u011bschopnosti obyvatelstva. Prost\u011b, sou\u010dasn\u00e1 vl\u00e1da d\u011bl\u00e1 v\u0161e pro to, aby uvrhla ekonomiku st\u00e1tu do dlouhotrvaj\u00edc\u00ed recese a miliony \u010desk\u00fdch ob\u010dan\u016f do chudoby.<\/p>\n<p><a href=\"https:\/\/vasevec.info\/domaci-politika\/zaseli-vitr-sklidi-bouri\">Ji\u0159\u00ed Paroubek<\/a><\/p>\n<p><img decoding=\"async\" loading=\"lazy\" class=\"alignnone size-medium wp-image-2342\" src=\"http:\/\/www.infokuryr.cz\/n\/wp-content\/uploads\/2021\/06\/paroubek-300x208.jpg\" alt=\"\" width=\"300\" height=\"208\" srcset=\"https:\/\/www.infokuryr.cz\/n\/wp-content\/uploads\/2021\/06\/paroubek-300x208.jpg 300w, https:\/\/www.infokuryr.cz\/n\/wp-content\/uploads\/2021\/06\/paroubek.jpg 318w\" sizes=\"(max-width: 300px) 100vw, 300px\" \/><\/p>\n<p>&nbsp;<\/p>\n","protected":false},"excerpt":{"rendered":"<p>Energetick\u00fd regula\u010dn\u00ed \u00fa\u0159ad (ER\u00da) sd\u011blil p\u0159ed p\u00e1r dny, \u017ee oproti leto\u0161n\u00edmu roku zv\u00fd\u0161\u00ed od ledna&#8230;<\/p>\n","protected":false},"author":2,"featured_media":15365,"comment_status":"closed","ping_status":"closed","sticky":false,"template":"","format":"standard","meta":[],"categories":[6],"tags":[285,29,371],"_links":{"self":[{"href":"https:\/\/www.infokuryr.cz\/n\/wp-json\/wp\/v2\/posts\/39631"}],"collection":[{"href":"https:\/\/www.infokuryr.cz\/n\/wp-json\/wp\/v2\/posts"}],"about":[{"href":"https:\/\/www.infokuryr.cz\/n\/wp-json\/wp\/v2\/types\/post"}],"author":[{"embeddable":true,"href":"https:\/\/www.infokuryr.cz\/n\/wp-json\/wp\/v2\/users\/2"}],"replies":[{"embeddable":true,"href":"https:\/\/www.infokuryr.cz\/n\/wp-json\/wp\/v2\/comments?post=39631"}],"version-history":[{"count":0,"href":"https:\/\/www.infokuryr.cz\/n\/wp-json\/wp\/v2\/posts\/39631\/revisions"}],"wp:featuredmedia":[{"embeddable":true,"href":"https:\/\/www.infokuryr.cz\/n\/wp-json\/wp\/v2\/media\/15365"}],"wp:attachment":[{"href":"https:\/\/www.infokuryr.cz\/n\/wp-json\/wp\/v2\/media?parent=39631"}],"wp:term":[{"taxonomy":"category","embeddable":true,"href":"https:\/\/www.infokuryr.cz\/n\/wp-json\/wp\/v2\/categories?post=39631"},{"taxonomy":"post_tag","embeddable":true,"href":"https:\/\/www.infokuryr.cz\/n\/wp-json\/wp\/v2\/tags?post=39631"}],"curies":[{"name":"wp","href":"https:\/\/api.w.org\/{rel}","templated":true}]}}