{"id":39617,"date":"2023-11-05T01:04:50","date_gmt":"2023-11-05T00:04:50","guid":{"rendered":"https:\/\/www.infokuryr.cz\/n\/?p=39617"},"modified":"2023-11-04T16:44:22","modified_gmt":"2023-11-04T15:44:22","slug":"kolik-blbych-lidi-se-nachytalo-ze-na-obchod-s-kuretem-stal-dav-26-hodin-jo-americky","status":"publish","type":"post","link":"https:\/\/www.infokuryr.cz\/n\/2023\/11\/05\/kolik-blbych-lidi-se-nachytalo-ze-na-obchod-s-kuretem-stal-dav-26-hodin-jo-americky\/","title":{"rendered":"Kolik blb\u00fdch lid\u00ed se nachytalo, \u017ee na obchod s ku\u0159etem st\u00e1l dav 26 hodin? Jo americk\u00fd&#8230;"},"content":{"rendered":"<div id=\"fb-root\"><\/div>\n<div class=\"introtext\">\n<p><span style=\"font-size: 14pt;\"><strong>Kolik dementn\u00edch lid\u00ed je kolem n\u00e1s. Norm\u00e1ln\u00ed reklama by st\u00e1la n\u011bkolik milion\u016f, ale sta\u010d\u00ed napsat kravinu, \u017ee se lid\u00e9 rvou 26 hodin o m\u00edsto a tis\u00edce lid\u00ed se nech\u00e1 nachytat.<\/strong><\/span><\/p>\n<\/div>\n<div class=\"fulltext\">\n<h2><strong>\u017dreci titulk\u016f a reklam<\/strong><\/h2>\n<p>Kazmov\u00e9 d\u011blaj\u00ed z lid\u00ed blbe\u010dky a ti se v\u017edy nachytaj\u00ed. A i kdy\u017e je reklama nachyt\u00e1 pades\u00e1tkr\u00e1t a p\u0159\u00edjdou o pen\u00edze, stejn\u011b p\u0159\u00ed\u0161t\u011b nechaj\u00ed ze sebe d\u011blat blbe\u010dky op\u011bt a op\u011bt uv\u011b\u0159\u00ed. \u0158\u00edk\u00e1te, \u017ee jsou Ameri\u010dani nevzd\u011blan\u00ed a tup\u00ed?<\/p>\n<p>A co je u n\u00e1s, kdy\u017e sko\u010d\u00ed na lep, \u017ee dav st\u00e1l frontu 26 hodin. P\u0159itom ten dav jsou t\u0159i recesist\u00e9!<\/p>\n<p data-debug-redi5tribute=\"004. \/ 593px \/ 242\"><em>\u201e<strong>My jsme p\u0159i\u0161li jako t\u0159i kamar\u00e1di<\/strong>, ale V\u00e1clav u\u017e tu st\u00e1l, tak jsme se domluvili, \u017ee si to pak rozd\u011bl\u00edme,\u201c popisuje\u00a0<strong>jeden z v\u00fdherc\u016f Steanly<\/strong>\u00a0a dod\u00e1v\u00e1, \u017ee ho tyto akce opravdu bav\u00ed.\u201e\u010casto se \u00fa\u010dastn\u00edme takov\u00fdch akc\u00ed, byli jsme v Europarku na Milionov\u00e9m torn\u00e1du a \u0161estkr\u00e1t jsme byli v kin\u011b na Kazmovi, jeho vyhozen\u00e9 miliony jsme v\u0161ak pro\u0161vihli,\u201c \u0159\u00edk\u00e1 student Steanly.<\/em><\/p>\n<p data-debug-redi5tribute=\"006. \/ 747px \/ 186\"><em>\u201eKluci m\u011b velmi m\u011b p\u0159ekvapili, nav\u00edc p\u0159ekonali rekord v \u010dek\u00e1n\u00ed. Ve Var\u0161av\u011b zat\u00edm dr\u017eeli 19hodinov\u00fd rekord \u010dek\u00e1n\u00ed p\u0159i p\u0159\u00edle\u017eitosti otev\u0159en\u00ed prvn\u00ed pobo\u010dky v Polsku. Oni tu \u010dekaj\u00ed ov\u0161em u\u017e v\u00edce ne\u017e 25 hodin, neuv\u011b\u0159iteln\u00e9,\u201c \u0159\u00edk\u00e1 \u0161\u00e9f Popeyes Bla\u017eevi\u010d.<\/em><\/p>\n<p><em>Zdroj:\u00a0<a href=\"https:\/\/www.idnes.cz\/ekonomika\/domaci\/popeyes-fast-food-praha-listopad-otevreni-kure-pobocka-dum-mody.A231030_133659_ekonomika_vebe\" target=\"_blank\" rel=\"noopener\">https:\/\/www.idnes.cz\/ekonomika\/domaci\/popeyes-fast-food-praha-listopad-otevreni-kure-pobocka-dum-mody.A231030_133659_ekonomika_vebe<\/a><\/em><\/p>\n<p>Profesor odvedl vr\u00e1tn\u00e9ho stranou. &#8222;Nechci slevu zadarmo,&#8220; pravil vychytrale a polo\u017eil na st\u016fl stokorunu. Z pov\u00eddky \u0160imka a Grossmanna &#8222;N\u00e1v\u0161t\u011bva v ZOO.<\/p>\n<p>A p\u0159esto ze sebe lid\u00e9 znovu a znovu nechaj\u00ed ze sebe ud\u011blat blbe\u010dky.\u00a0<strong>Marek, \u0160imon, Steanly a V\u00e1clav si tak \u00fasp\u011b\u0161n\u011b vyst\u00e1li \u0161anci z\u00edskat j\u00eddlo po cel\u00fd rok zdarma. Dal\u0161\u00ed stovce pak p\u0159ipadne legend\u00e1rn\u00ed reklama.<\/strong><\/p>\n<p><span style=\"font-size: 18pt;\"><strong>O kvalitu \u0159et\u011bzce a ku\u0159at v\u016fbec ne\u0161lo, pouze reklama mezi tup\u00fdmi lidmi zn\u00ed.<\/strong><\/span><\/p>\n<p><a href=\"https:\/\/www.skrytapravda.cz\/z-domova\/1530-kolik-blbych-lidi-se-nachytalo-ze-na-obchod-s-kuretem-stal-dav-26-hodin-jo-americky\">Petr Pokorn\u00fd<\/a><\/p>\n<\/div>\n<p>&nbsp;<\/p>\n<p><a href=\"https:\/\/stranapro.cz\/\"><img decoding=\"async\" loading=\"lazy\" class=\"wp-image-30218 aligncenter\" src=\"http:\/\/www.infokuryr.cz\/n\/wp-content\/uploads\/2023\/06\/PRO-banner-300x36.png\" alt=\"\" width=\"1367\" height=\"164\" srcset=\"https:\/\/www.infokuryr.cz\/n\/wp-content\/uploads\/2023\/06\/PRO-banner-300x36.png 300w, https:\/\/www.infokuryr.cz\/n\/wp-content\/uploads\/2023\/06\/PRO-banner-768x93.png 768w, https:\/\/www.infokuryr.cz\/n\/wp-content\/uploads\/2023\/06\/PRO-banner.png 849w\" sizes=\"(max-width: 1367px) 100vw, 1367px\" \/><\/a><\/p>\n<p>&nbsp;<\/p>\n<p>&nbsp;<\/p>\n<p>&nbsp;<\/p>\n","protected":false},"excerpt":{"rendered":"<p>Kolik dementn\u00edch lid\u00ed je kolem n\u00e1s. Norm\u00e1ln\u00ed reklama by st\u00e1la n\u011bkolik milion\u016f, ale sta\u010d\u00ed napsat&#8230;<\/p>\n","protected":false},"author":2,"featured_media":39618,"comment_status":"closed","ping_status":"closed","sticky":false,"template":"","format":"standard","meta":[],"categories":[6],"tags":[670,29,343],"_links":{"self":[{"href":"https:\/\/www.infokuryr.cz\/n\/wp-json\/wp\/v2\/posts\/39617"}],"collection":[{"href":"https:\/\/www.infokuryr.cz\/n\/wp-json\/wp\/v2\/posts"}],"about":[{"href":"https:\/\/www.infokuryr.cz\/n\/wp-json\/wp\/v2\/types\/post"}],"author":[{"embeddable":true,"href":"https:\/\/www.infokuryr.cz\/n\/wp-json\/wp\/v2\/users\/2"}],"replies":[{"embeddable":true,"href":"https:\/\/www.infokuryr.cz\/n\/wp-json\/wp\/v2\/comments?post=39617"}],"version-history":[{"count":1,"href":"https:\/\/www.infokuryr.cz\/n\/wp-json\/wp\/v2\/posts\/39617\/revisions"}],"predecessor-version":[{"id":39619,"href":"https:\/\/www.infokuryr.cz\/n\/wp-json\/wp\/v2\/posts\/39617\/revisions\/39619"}],"wp:featuredmedia":[{"embeddable":true,"href":"https:\/\/www.infokuryr.cz\/n\/wp-json\/wp\/v2\/media\/39618"}],"wp:attachment":[{"href":"https:\/\/www.infokuryr.cz\/n\/wp-json\/wp\/v2\/media?parent=39617"}],"wp:term":[{"taxonomy":"category","embeddable":true,"href":"https:\/\/www.infokuryr.cz\/n\/wp-json\/wp\/v2\/categories?post=39617"},{"taxonomy":"post_tag","embeddable":true,"href":"https:\/\/www.infokuryr.cz\/n\/wp-json\/wp\/v2\/tags?post=39617"}],"curies":[{"name":"wp","href":"https:\/\/api.w.org\/{rel}","templated":true}]}}