{"id":39593,"date":"2023-11-04T05:28:31","date_gmt":"2023-11-04T04:28:31","guid":{"rendered":"http:\/\/www.infokuryr.cz\/n\/?p=39593"},"modified":"2023-11-04T05:28:31","modified_gmt":"2023-11-04T04:28:31","slug":"podle-prognozy-je-3-svetova-valka-nezbytna-vzdy-kdyz-ekonomiky-padaji-globaliste-rozpoutaji-peklo","status":"publish","type":"post","link":"https:\/\/www.infokuryr.cz\/n\/2023\/11\/04\/podle-prognozy-je-3-svetova-valka-nezbytna-vzdy-kdyz-ekonomiky-padaji-globaliste-rozpoutaji-peklo\/","title":{"rendered":"Podle progn\u00f3zy je 3. sv\u011btov\u00e1 v\u00e1lka nezbytn\u00e1. V\u017edy, kdy\u017e ekonomiky padaj\u00ed, globalist\u00e9 rozpoutaj\u00ed peklo"},"content":{"rendered":"<div id=\"fb-root\"><\/div>\n<p><strong>Martin Armstrong z organizace Armstrong Economics publikoval tento t\u00fdden \u010dl\u00e1nek o takzvan\u00e9m programu Socrates ao tom, jak \u00fasp\u011b\u0161n\u011b p\u0159edpov\u011bd\u011bl nejr\u016fzn\u011bj\u0161\u00ed v\u011bci v historii na z\u00e1klad\u011b analyzov\u00e1n\u00ed hospod\u00e1\u0159sk\u00fdch cykl\u016f.<\/strong><\/p>\n<p><span>Podle toho, co \u0159\u00edk\u00e1 program Sokrates, je rok 2023 rokem T\u0159et\u00ed sv\u011btov\u00e9 v\u00e1lky, jej\u00ed\u017e p\u0159edzv\u011bst\u00ed byla pandemie Covidu-19 a dal\u0161\u00ed kroky globalistick\u00fdch mocnost\u00ed, kter\u00e9 signalizovaly posun do dal\u0161\u00edho cyklu.<\/span><\/p>\n<p><span>Jak jsme v posledn\u00ed dob\u011b informovali o mnoha ud\u00e1lostech, poka\u017ed\u00e9, kdy\u017e ekonomiky za\u010dnou ochabovat \u2013 zejm\u00e9na ty, kter\u00e9 jsou postaveny na keynesi\u00e1nsk\u00e9m modelu st\u00e1tn\u00edch z\u00e1sah\u016f do hospod\u00e1\u0159stv\u00ed a lichv\u00e1\u0159sk\u00fdch syst\u00e9mech nekryt\u00fdch pen\u011bz \u2013 velmoci uvrhnou sv\u011bt do dal\u0161\u00ed katastrofick\u00e9 v\u00e1lky.<\/span><\/p>\n<p><span>Jako ka\u017ed\u00e1 jin\u00e1 v\u00e1lka, i tato povede k mnoha \u00famrt\u00edm a na druh\u00e9 stran\u011b k nov\u00e9mu bohatstv\u00ed pro elitu, kter\u00e1 je na vrcholu moci.<\/span><\/p>\n<p><span>Armstrong, cituj\u00edc\u00ed program Socrates, popisuje bl\u00ed\u017e\u00edc\u00ed se sv\u011btovou v\u00e1lku jako \u201erozv\u00edjej\u00edc\u00ed se v kalamit\u011b vlastn\u00edch z\u00e1jm\u016f, kter\u00e9 se pot\u00fdkaj\u00ed s hloupost\u00ed\u201c, a stru\u010dn\u011b vysv\u011btluje, jak se program d\u00edv\u00e1 na cel\u00e9 spektrum faktor\u016f od politiky po v\u00e1lku p\u0159i vytv\u00e1\u0159en\u00ed anal\u00fdz o tom, co se ve sv\u011bt\u011b v budoucnosti stane.<\/span><\/p>\n<p><span>Jak u\u017e asi tu\u0161\u00edte, sv\u011bt se moment\u00e1ln\u011b nach\u00e1z\u00ed v chaosu a zd\u00e1 se, \u017ee je na pokraji kolapsu \u2013 a\u010dkoli establi\u0161ment s minim\u00e1ln\u00ed zdr\u017eenlivost\u00ed m\u00e1 v ruk\u00e1vu spoustu \u0161ikovn\u00fdch trik\u016f pro oddalov\u00e1n\u00ed nezbytn\u00e9ho.<\/span><\/p>\n<p><em><span>\u201eVid\u00edm sv\u011bt jako biblick\u00fd p\u0159\u00edb\u011bh Josefa, kter\u00fd \u0159ekl fara\u00f3novi, \u017ee bude 7 let hojnosti a 7 let sucha,\u201c<\/span><\/em><span>\u00a0zn\u011bla odpov\u011b\u010f Armstronga na jeho prohl\u00e1\u0161en\u00ed o povaze 3. sv\u011btov\u00e9 v\u00e1lky.<\/span><\/p>\n<p><em><span>\u201eTento p\u0159\u00edb\u011bh se n\u00e1m pokou\u0161\u00ed \u0159\u00edci, \u017ee existuje hospod\u00e1\u0159sk\u00fd cyklus a je lep\u0161\u00ed s n\u00edm \u017e\u00edt.\u00a0Marx, Keynes a centr\u00e1ln\u00ed banky se pokou\u0161ely bu\u010f zmanipulovat hospod\u00e1\u0159sk\u00fd cyklus, nebo jej ukon\u010dit.\u201c<\/span><\/em><\/p>\n<p><span>(Souvisej\u00edc\u00ed: Nezapom\u00ednejte, \u017ee Amerika a Z\u00e1pad byly ji\u017e p\u0159ed ned\u00e1vn\u00fdm konfliktem mezi Izraelem a Gazou na pokraji kolapsu v d\u016fsledku mnoha desetilet\u00ed finan\u010dn\u00edho terorismu \u2013 to znamen\u00e1, \u017ee nadch\u00e1zej\u00edc\u00ed 3. sv\u011btov\u00e1 v\u00e1lka bude fungovat jako z\u00e1st\u011brka pro extr\u00e9mn\u00ed potravinov\u00e9 p\u0159\u00edd\u011bly a dal\u0161\u00ed v\u00e1le\u010dn\u00e9\u00a0<\/span><a href=\"https:\/\/www.naturalnews.com\/2023-10-05-wwiii-excuse-extreme-food-rationing-america.html\" target=\"_blank\" rel=\"noopener\"><span>hr\u016fzy<\/span><\/a><span>\u00a0, kter\u00e9 nastanou.)<\/span><\/p>\n<h2><span>Je to jen dal\u0161\u00ed cyklus, nebo je to KONEC?<\/span><\/h2>\n<p><span>P\u0159ed cel\u00fdmi 10 lety program Socrates varoval p\u0159ed nadch\u00e1zej\u00edc\u00ed ekonomickou kriz\u00ed, kterou spust\u00ed kataklizmatick\u00e1 ud\u00e1lost \u2013 v tomto p\u0159\u00edpad\u011b pandemie covidu as n\u00ed souvisej\u00edc\u00ed lockdowny.<\/span><\/p>\n<div class=\"code-block code-block-9\">\n<div id=\"badat-1632058566\">\n<p><a href=\"https:\/\/stranapro.cz\/\"><img decoding=\"async\" loading=\"lazy\" class=\"wp-image-30218 aligncenter\" src=\"http:\/\/www.infokuryr.cz\/n\/wp-content\/uploads\/2023\/06\/PRO-banner-300x36.png\" alt=\"\" width=\"1358\" height=\"163\" srcset=\"https:\/\/www.infokuryr.cz\/n\/wp-content\/uploads\/2023\/06\/PRO-banner-300x36.png 300w, https:\/\/www.infokuryr.cz\/n\/wp-content\/uploads\/2023\/06\/PRO-banner-768x93.png 768w, https:\/\/www.infokuryr.cz\/n\/wp-content\/uploads\/2023\/06\/PRO-banner.png 849w\" sizes=\"(max-width: 1358px) 100vw, 1358px\" \/><\/a><\/p>\n<\/div>\n<\/div>\n<p><a href=\"https:\/\/www.badatel.net\/nikdy-nezabudni-tyrani-nas-2-roky-zatvarali-nasilne-liecili-a-nicili-nase-zivobytie\/\"><span>Locdowny<\/span><\/a><span>\u00a0p\u0159ipravily p\u016fdu pro ekonomick\u00fd kolaps t\u00edm, \u017ee lidem br\u00e1nily podnikat a pracovat, co\u017e zp\u016fsobilo nahlod\u00e1n\u00ed a nakonec zni\u010den\u00ed ekonomiky, nemluv\u011b o samotn\u00e9 spole\u010dnosti.<\/span><\/p>\n<p><em><span>\u201ePodniky se zav\u0159ely, lid\u00e9 p\u0159i\u0161li o pr\u00e1ci a elita si myslela, \u017ee to nen\u00ed nic v\u00e1\u017en\u00e9ho,\u201c<\/span><\/em><span>\u00a0uv\u00e1d\u00ed Armstrongova zpr\u00e1va.\u00a0<\/span><em><span>\u201eNem\u016f\u017eete v\u0161ak zv\u00fd\u0161it \u00farokov\u00e9 sazby, abyste vy\u0159e\u0161ili nedostatek potravin nebo aby pr\u0161elo.\u201c<\/span><\/em><\/p>\n<p><span>Program Sokrates z\u0159ejm\u011b p\u0159edpov\u00eddal i v\u00e1lku na Ukrajin\u011b, v\u010detn\u011b n\u00e1r\u016fstu \u201eantisemitismu a \u201epronacismu\u201c.\u00a0Podle Sokrata je to v\u0161echno sou\u010d\u00e1st\u00ed cyklu.<\/span><\/p>\n<p><em><span>\u201eSm\u011b\u0159ujeme do T\u0159et\u00ed sv\u011btov\u00e9 v\u00e1lky, jak p\u0159edpov\u011bd\u011bl po\u010d\u00edta\u010d.\u00a0Za\u010dne to tady v roce 2023, proto\u017ee v\u0161echno star\u00e9 nahromad\u011bn\u00e9 nap\u011bt\u00ed ve sv\u011bt\u011b mezi lidmi a n\u00e1rody roztrh\u00e1 sv\u011bt,\u201c<\/span><\/em><span>\u00a0uv\u00e1d\u00ed se d\u00e1le ve zpr\u00e1v\u011b.<\/span><\/p>\n<p><span>Zpr\u00e1va pak jde podrobn\u011bji do r\u016fzn\u00fdch historick\u00fdch ud\u00e1lost\u00ed z perspektivy n\u00e1r\u016fstu hn\u011bvu v\u016f\u010di \u017did\u016fm, kte\u0159\u00ed byli historicky vyhn\u00e1ni z r\u016fzn\u00fdch zem\u00ed zejm\u00e9na pro sv\u00e9 bankovn\u00ed praktiky.\u00a0Armstrong v\u0161ak poukazuje na to, \u017ee k\u0159es\u0165an\u00e9 a muslimov\u00e9 se zjevn\u011b tak\u00e9 cht\u011bli zapojit do lichv\u00e1\u0159stv\u00ed a byli jen \u017e\u00e1rliv\u00ed.<\/span><\/p>\n<h2><span>Z\u00e1v\u011br<\/span><\/h2>\n<p><span>A\u0165 je tomu jakkoli, sv\u011bt se zm\u00edt\u00e1 v dal\u0161\u00ed velk\u00e9 pohrom\u011b \u2013 mo\u017en\u00e1 v pohrom\u011b, kter\u00e1, jste-li p\u0159\u00edvr\u017eencem biblick\u00fdch proroctv\u00ed, ukon\u010d\u00ed v\u0161echny pohromy.<\/span><\/p>\n<p><span>\u010cas uk\u00e1\u017ee, co bude d\u00e1l, ale jedno je jist\u00e9: dal\u0161\u00ed sv\u011btov\u00e1 v\u00e1lka je na obzoru.<\/span><\/p>\n<p><span>Nejnov\u011bj\u0161\u00ed zpr\u00e1vy o kolapsu glob\u00e1ln\u00ed ekonomiky ao tom, jak to souvis\u00ed s izraelsko-palestinsk\u00fdm konfliktem, naleznete na str\u00e1nce\u00a0<\/span><a href=\"https:\/\/wwiii.news\/\" target=\"_blank\" rel=\"noopener\"><span>WWIII.news<\/span><\/a><span> .<\/span><\/p>\n<p><span>Autor: Ethan Huff, Zdroj:\u00a0<\/span><a href=\"https:\/\/www.naturalnews.com\/2023-11-02-economies-falter-globalists-plunge-world-into-war.html\" target=\"_blank\" rel=\"noopener\"><span>naturalnews.com<\/span><\/a><\/p>\n<p>&nbsp;<\/p>\n<p>&nbsp;<\/p>\n","protected":false},"excerpt":{"rendered":"<p>Martin Armstrong z organizace Armstrong Economics publikoval tento t\u00fdden \u010dl\u00e1nek o takzvan\u00e9m programu Socrates ao&#8230;<\/p>\n","protected":false},"author":2,"featured_media":39594,"comment_status":"closed","ping_status":"closed","sticky":false,"template":"","format":"standard","meta":[],"categories":[7],"tags":[59,279,371,276,40],"_links":{"self":[{"href":"https:\/\/www.infokuryr.cz\/n\/wp-json\/wp\/v2\/posts\/39593"}],"collection":[{"href":"https:\/\/www.infokuryr.cz\/n\/wp-json\/wp\/v2\/posts"}],"about":[{"href":"https:\/\/www.infokuryr.cz\/n\/wp-json\/wp\/v2\/types\/post"}],"author":[{"embeddable":true,"href":"https:\/\/www.infokuryr.cz\/n\/wp-json\/wp\/v2\/users\/2"}],"replies":[{"embeddable":true,"href":"https:\/\/www.infokuryr.cz\/n\/wp-json\/wp\/v2\/comments?post=39593"}],"version-history":[{"count":0,"href":"https:\/\/www.infokuryr.cz\/n\/wp-json\/wp\/v2\/posts\/39593\/revisions"}],"wp:featuredmedia":[{"embeddable":true,"href":"https:\/\/www.infokuryr.cz\/n\/wp-json\/wp\/v2\/media\/39594"}],"wp:attachment":[{"href":"https:\/\/www.infokuryr.cz\/n\/wp-json\/wp\/v2\/media?parent=39593"}],"wp:term":[{"taxonomy":"category","embeddable":true,"href":"https:\/\/www.infokuryr.cz\/n\/wp-json\/wp\/v2\/categories?post=39593"},{"taxonomy":"post_tag","embeddable":true,"href":"https:\/\/www.infokuryr.cz\/n\/wp-json\/wp\/v2\/tags?post=39593"}],"curies":[{"name":"wp","href":"https:\/\/api.w.org\/{rel}","templated":true}]}}