{"id":39592,"date":"2023-11-04T05:25:37","date_gmt":"2023-11-04T04:25:37","guid":{"rendered":"http:\/\/www.infokuryr.cz\/n\/?p=39592"},"modified":"2023-11-04T05:25:37","modified_gmt":"2023-11-04T04:25:37","slug":"charles-sannat-tak-mladi-a-tak-zranitelni-v-praci","status":"publish","type":"post","link":"https:\/\/www.infokuryr.cz\/n\/2023\/11\/04\/charles-sannat-tak-mladi-a-tak-zranitelni-v-praci\/","title":{"rendered":"Charles Sannat: Tak mlad\u00ed a tak zraniteln\u00ed v pr\u00e1ci"},"content":{"rendered":"<div id=\"fb-root\"><\/div>\n<p><span style=\"font-size: 18pt;\"><strong>P\u0159est\u00e1vky v pr\u00e1ci mezi mlad\u00fdmi lidmi do 30 let rostou.<\/strong><\/span><\/p>\n<section class=\"perex\">\u201eTv\u00e1\u0159\u00ed v tv\u00e1\u0159 intenzifikaci pr\u00e1ce se mlad\u00ed lid\u00e9 propadaj\u00ed do hlubok\u00e9 mal\u00e1tnosti: \u201eV pr\u00e1ci jsem se ut\u00e1p\u011bl, u\u017e jsem nem\u011bl \u017e\u00e1dn\u00fd odstup,\u201c hl\u00e1s\u00e1 titulek tohoto \u010dl\u00e1nku v Le Monde, kter\u00fd se zab\u00fdv\u00e1 du\u0161evn\u00edm stavem mlad\u00fdch lid\u00ed, kte\u0159\u00ed se \u0161patn\u011b orientuj\u00ed v pr\u00e1ci obecn\u011b a ve sv\u011bt\u011b pr\u00e1ce zvl\u00e1\u0161\u0165, co\u017e si noviny netroufaj\u00ed \u0159\u00edct.<\/p>\n<\/section>\n<section class=\"clanek-obsah\">\u201eAbsurdn\u00ed \u00fakoly, intenzivn\u00ed tempo, nejistota zam\u011bstn\u00e1n\u00ed, nedostatek vedouc\u00edch pracovn\u00edk\u016f, kte\u0159\u00ed by je vedli&#8230; zm\u011bny ve sv\u011bt\u011b pr\u00e1ce vyvol\u00e1vaj\u00ed u mlad\u00fdch zam\u011bstnanc\u016f utrpen\u00ed. Po\u010det lid\u00ed mlad\u0161\u00edch 30 let, kte\u0159\u00ed si berou nemocenskou, prudce stoup\u00e1\u201c.<\/p>\n<p>Samoz\u0159ejm\u011b, a\u017e na to, \u017ee \u00fakoly jsou pro lidi nad 30 let stejn\u011b absurdn\u00ed!<\/p>\n<p>A\u017e na to, \u017ee tempo je pro lidi nad 30 let stejn\u011b intenzivn\u00ed a \u017ee \u201e\u010d\u00edm je \u010dlov\u011bk star\u0161\u00ed\u201c, t\u00edm je unaven\u011bj\u0161\u00ed a m\u00e9n\u011b odoln\u00fd!<\/p>\n<p>A\u017e na to, \u017ee nejistota zam\u011bstn\u00e1n\u00ed se net\u00fdk\u00e1 jen mlad\u00fdch lid\u00ed.<\/p>\n<p>Ba co h\u016f\u0159&#8230; postihuje \u201estar\u00e9\u201c a star\u0161\u00ed t\u0159iceti let je\u0161t\u011b v\u00edce, proto\u017ee kdy\u017e jste mlad\u00ed, najdete pr\u00e1ci rychle, co\u017e se o pades\u00e1tn\u00edc\u00edch \u0159\u00edci ned\u00e1.<\/p>\n<p>A\u017e na to, \u017ee absence star\u0161\u00edch lid\u00ed, kte\u0159\u00ed by je vedli, nen\u00ed probl\u00e9m, proto\u017ee tito mlad\u00ed lid\u00e9 to s po\u010d\u00edta\u010di a nov\u00fdmi technologiemi um\u00ed, jsou tak \u201ehbit\u00ed\u201c, zkr\u00e1tka u\u017e star\u00e9 lidi nepot\u0159ebuj\u00ed&#8230; a my sta\u0159\u00ed nech\u00e1peme nic o kr\u00e1se Bitcoinu, tak hloup\u00ed jsme, zat\u00edmco mlad\u00ed lid\u00e9 jsou nevyhnuteln\u011b mil\u00ed a geni\u00e1ln\u00ed.<\/p>\n<p>Tak tady to m\u00e1te&#8230; a navzdory tomu v\u0161emu jsou to mlad\u00ed lid\u00e9, kte\u0159\u00ed si berou v\u00edce nemocensk\u00e9!<\/p>\n<p>Hahahahahahahahaha.<\/p>\n<p>Generace, kter\u00e1 jede na v\u0161echno.<\/p>\n<p>Samoz\u0159ejm\u011b m\u00e1m je\u0161t\u011b jednu teorii, zalo\u017eenou na m\u00fdch osobn\u00edch a pozorovac\u00edch studi\u00edch.<\/p>\n<p>Vytvo\u0159ili jsme generaci mil\u00fdch, m\u011bkk\u00fdch mlad\u00fdch lid\u00ed, \u017eiven\u00fdch t\u00edm nejtot\u00e1ln\u011bj\u0161\u00edm komfortem, kter\u00fdm jsme m\u011bli pr\u00e1vo nic ne\u0159\u00edkat a kter\u00fdm stejn\u011b nic \u0159\u00edct nem\u016f\u017eeme, proto\u017ee je to okam\u017eit\u011b a bezprost\u0159edn\u011b ur\u00e1\u017eka (rodi\u010d\u016f) nebo \u0161ikana (zam\u011bstnavatele), co\u017e ve v\u0161ech p\u0159\u00edpadech p\u0159edstavuje pro tyto m\u011bkk\u00e9 mlad\u00e9 lidi stejn\u00e9 nesnesiteln\u00e9 \u201en\u00e1sil\u00ed\u201c.<\/p>\n<p><a href=\"https:\/\/stranapro.cz\/\"><img decoding=\"async\" loading=\"lazy\" class=\"wp-image-30218 aligncenter\" src=\"http:\/\/www.infokuryr.cz\/n\/wp-content\/uploads\/2023\/06\/PRO-banner-300x36.png\" alt=\"\" width=\"1375\" height=\"165\" srcset=\"https:\/\/www.infokuryr.cz\/n\/wp-content\/uploads\/2023\/06\/PRO-banner-300x36.png 300w, https:\/\/www.infokuryr.cz\/n\/wp-content\/uploads\/2023\/06\/PRO-banner-768x93.png 768w, https:\/\/www.infokuryr.cz\/n\/wp-content\/uploads\/2023\/06\/PRO-banner.png 849w\" sizes=\"(max-width: 1375px) 100vw, 1375px\" \/><\/a><\/p>\n<p>To, co v\u00e1m tu \u0159\u00edk\u00e1m, je obecnost, kter\u00e1 na\u0161t\u011bst\u00ed trp\u00ed mnoha v\u00fdjimkami, ale v podstat\u011b je to tak.<\/p>\n<p>K tomu v\u0161emu p\u0159idejte \u00fast\u0159edn\u00ed v\u00fdznam rozvodu, proto\u017ee toto je generace 75 % v\u0161ech rozveden\u00fdch lid\u00ed, kde d\u011bti p\u0159ehazovan\u00e9 mezi m\u00e1mou a t\u00e1tou, a\u0165 u\u017e se st\u0159\u00eddavou p\u00e9\u010d\u00ed, nebo bez n\u00ed, masivn\u011b trp\u00ed posttraumatick\u00fdm syndromem z rozpadu rodinn\u00e9 jednotky.<\/p>\n<p>A nezapom\u00ednejme na soci\u00e1ln\u00ed s\u00edt\u011b, po\u010d\u00edta\u010de a t\u00edhu obrazovek pro tyto \u201edigit\u00e1ln\u00ed domorodce\u201c \u2013 n\u00e1stroje, kter\u00e9 nepom\u00e1haj\u00ed s \u00fasil\u00edm, proto\u017ee v\u0161e je na dosah jednoho kliknut\u00ed.<\/p>\n<p>A kone\u010dn\u011b nezapom\u00ednejme na masivn\u00ed d\u016fsledky takzvan\u00fdch m\u011bkk\u00fdch drog, kter\u00e9 v\u016fbec nejsou m\u011bkk\u00e9, ale v lep\u0161\u00edm p\u0159\u00edpad\u011b \u201epomal\u00e9\u201c, proto\u017ee tak zm\u011bknou, a v hor\u0161\u00edm p\u0159\u00edpad\u011b trvale usma\u017e\u00ed neurony a zanechaj\u00ed n\u00e1m statis\u00edce depresivn\u00edch, bipol\u00e1rn\u00edch a schizofrenn\u00edch jedinc\u016f.<\/p>\n<p>Trh pr\u00e1ce je samoz\u0159ejm\u011b velmi tvrd\u00fd, ale pro \u201emlad\u00e9\u201c mnohem m\u00e9n\u011b ne\u017e pro \u201estar\u00e9\u201c.<\/p>\n<p>Probl\u00e9m je v tom, \u017ee naprost\u00e1 v\u011bt\u0161ina na\u0161ich mlad\u00fdch lid\u00ed se nehod\u00ed k mnoha v\u011bcem, po\u010d\u00ednaje t\u00edm, \u017ee jsou struktur\u00e1ln\u011b v rozporu s \u00fasil\u00edm.<\/p>\n<p>Za to v\u0161echno ale zdaleka nemohou oni sami.<\/p>\n<p>Ve skute\u010dnosti trp\u00ed velkou emocion\u00e1ln\u00ed nejistotou, kter\u00e1 jim br\u00e1n\u00ed budovat sebe sama, a st\u00e1t se tak psychicky zdrav\u00fdmi dosp\u011bl\u00fdmi.<\/p>\n<p>Nen\u00ed to jejich vina.<\/p>\n<p>Jsou to dosp\u011bl\u00ed, kv\u016fli kter\u00fdm tak \u0161patn\u011b vyrostli.<\/p>\n<p>A tak to pokra\u010duje d\u00e1l.<\/p>\n<p>Je to st\u00e1le hor\u0161\u00ed a hor\u0161\u00ed.<\/p>\n<p>Generaci za generac\u00ed ni\u010d\u00edme na\u0161e d\u011bti \u010d\u00edm d\u00e1l v\u00edc.<\/p>\n<p>Nyn\u00ed je dokonce nut\u00edme pochybovat o vlastn\u00edm pohlav\u00ed a identit\u011b. P\u0159ijmout odli\u0161nosti jin\u00fdch lid\u00ed neznamen\u00e1 p\u0159ijmout tyto odli\u0161nosti jako n\u00e1\u0161 obecn\u00fd zp\u016fsob jedn\u00e1n\u00ed!<\/p>\n<p>Co mysl\u00edte, \u017ee z\u00edsk\u00e1te krom\u011b k\u0159ehk\u00fdch, labiln\u00edch a \u0161patn\u011b strukturovan\u00fdch lid\u00ed?<\/p>\n<p>Bude to je\u0161t\u011b hor\u0161\u00ed.<\/p>\n<p>Proto\u017ee n\u00e1m se v\u017edycky da\u0159\u00ed h\u016f\u0159.<\/p>\n<div class=\"podcarou\">\n<p><a href=\"https:\/\/insolentiae.com\/les-arrets-de-travail-explosent-chez-les-moins-de-30-ans-si-jeunes-et-si-fragiles-au-boulot\/\" target=\"_blank\" rel=\"external noopener\">Les arr\u00eats de travail explosent chez les moins de 30 ans\u2026 Si jeunes et si fragiles au boulot!<\/a> vy\u0161el na insolentiae.com 31.10.2023. P\u0159eklad\u00a0<a href=\"https:\/\/zvedavec.news\/komentare\/2023\/11\/9856-tak-mladi-a-tak-zranitelni-v-praci.htm\">Zvedavec.<\/a><\/p>\n<\/div>\n<\/section>\n<p>&nbsp;<\/p>\n<p>&nbsp;<\/p>\n<p>&nbsp;<\/p>\n","protected":false},"excerpt":{"rendered":"<p>P\u0159est\u00e1vky v pr\u00e1ci mezi mlad\u00fdmi lidmi do 30 let rostou. \u201eTv\u00e1\u0159\u00ed v tv\u00e1\u0159 intenzifikaci pr\u00e1ce&#8230;<\/p>\n","protected":false},"author":2,"featured_media":23038,"comment_status":"closed","ping_status":"closed","sticky":false,"template":"","format":"standard","meta":[],"categories":[7],"tags":[29,5379,601],"_links":{"self":[{"href":"https:\/\/www.infokuryr.cz\/n\/wp-json\/wp\/v2\/posts\/39592"}],"collection":[{"href":"https:\/\/www.infokuryr.cz\/n\/wp-json\/wp\/v2\/posts"}],"about":[{"href":"https:\/\/www.infokuryr.cz\/n\/wp-json\/wp\/v2\/types\/post"}],"author":[{"embeddable":true,"href":"https:\/\/www.infokuryr.cz\/n\/wp-json\/wp\/v2\/users\/2"}],"replies":[{"embeddable":true,"href":"https:\/\/www.infokuryr.cz\/n\/wp-json\/wp\/v2\/comments?post=39592"}],"version-history":[{"count":0,"href":"https:\/\/www.infokuryr.cz\/n\/wp-json\/wp\/v2\/posts\/39592\/revisions"}],"wp:featuredmedia":[{"embeddable":true,"href":"https:\/\/www.infokuryr.cz\/n\/wp-json\/wp\/v2\/media\/23038"}],"wp:attachment":[{"href":"https:\/\/www.infokuryr.cz\/n\/wp-json\/wp\/v2\/media?parent=39592"}],"wp:term":[{"taxonomy":"category","embeddable":true,"href":"https:\/\/www.infokuryr.cz\/n\/wp-json\/wp\/v2\/categories?post=39592"},{"taxonomy":"post_tag","embeddable":true,"href":"https:\/\/www.infokuryr.cz\/n\/wp-json\/wp\/v2\/tags?post=39592"}],"curies":[{"name":"wp","href":"https:\/\/api.w.org\/{rel}","templated":true}]}}