{"id":39575,"date":"2023-11-04T01:17:06","date_gmt":"2023-11-04T00:17:06","guid":{"rendered":"http:\/\/www.infokuryr.cz\/n\/?p=39575"},"modified":"2023-11-03T17:24:59","modified_gmt":"2023-11-03T16:24:59","slug":"iracke-milice-oznamily-rozsireni-utoku-na-americke-zakladny","status":"publish","type":"post","link":"https:\/\/www.infokuryr.cz\/n\/2023\/11\/04\/iracke-milice-oznamily-rozsireni-utoku-na-americke-zakladny\/","title":{"rendered":"Ir\u00e1ck\u00e9 milice ozn\u00e1mily roz\u0161\u00ed\u0159en\u00ed \u00fatok\u016f na americk\u00e9 z\u00e1kladny"},"content":{"rendered":"<div id=\"fb-root\"><\/div>\n<p class=\"lead\"><strong>Isl\u00e1msk\u00fd odpor v Ir\u00e1ku, koalice ir\u00e1ck\u00fdch milic\u00ed podporovan\u00fdch \u00cdr\u00e1nem, ozn\u00e1mila, \u017ee po\u010d\u00ednaje p\u0159\u00ed\u0161t\u00edm t\u00fddnem zah\u00e1j\u00ed &#8222;intenzivn\u011bj\u0161\u00ed a rozs\u00e1hlej\u0161\u00ed&#8220; f\u00e1zi operac\u00ed proti americk\u00fdm z\u00e1kladn\u00e1m v regionu, uvedla v p\u00e1tek agentura Associated Press.<\/strong><\/p>\n<p><span>Rozhodnut\u00ed bylo u\u010din\u011bno \u201ena podporu na\u0161eho lidu v Palestin\u011b a na pomstu mu\u010dedn\u00edk\u016f\u201c v prob\u00edhaj\u00edc\u00ed v\u00e1lce mezi Izraelem a Ham\u00e1sem.<\/span><\/p>\n<p><span>V posledn\u00edch t\u00fddnech provedly pro\u00edr\u00e1nsk\u00e9 milice s\u00e9rii \u00fatok\u016f na americk\u00e9 z\u00e1kladny v Ir\u00e1ku a S\u00fdrii, z nich\u017e n\u011bkter\u00e9 zranily americk\u00e9 voj\u00e1ky.<\/span><\/p>\n<p><span>K 1. listopadu Pentagon uvedl, \u017ee do\u0161lo k 27 \u00fatok\u016fm raketami a drony na americk\u00e9 vojensk\u00e9 z\u00e1kladny ve dvou arabsk\u00fdch republik\u00e1ch a \u017ee Spojen\u00e9 st\u00e1ty vys\u00edlaj\u00ed na Bl\u00edzk\u00fd v\u00fdchod dal\u0161\u00edch 300 voj\u00e1k\u016f.<\/span><\/p>\n<p><span>Posledn\u00edm \u00fatokem byl \u00fatok bezpilotn\u00edho letadla kamikadze na leteckou z\u00e1kladnu Al-Asad v z\u00e1padn\u00edm Ir\u00e1ku minul\u00e9 pond\u011bl\u00ed.<\/span><\/p>\n<p><img decoding=\"async\" loading=\"lazy\" class=\"alignnone size-full wp-image-1185\" src=\"http:\/\/www.infokuryr.cz\/n\/wp-content\/uploads\/2021\/04\/kuryr-podpis.png\" alt=\"\" width=\"84\" height=\"24\" \/><\/p>\n<p>&nbsp;<\/p>\n<p><a href=\"https:\/\/stranapro.cz\/\"><img decoding=\"async\" loading=\"lazy\" class=\"wp-image-30218 aligncenter\" src=\"http:\/\/www.infokuryr.cz\/n\/wp-content\/uploads\/2023\/06\/PRO-banner-300x36.png\" alt=\"\" width=\"1367\" height=\"164\" srcset=\"https:\/\/www.infokuryr.cz\/n\/wp-content\/uploads\/2023\/06\/PRO-banner-300x36.png 300w, https:\/\/www.infokuryr.cz\/n\/wp-content\/uploads\/2023\/06\/PRO-banner-768x93.png 768w, https:\/\/www.infokuryr.cz\/n\/wp-content\/uploads\/2023\/06\/PRO-banner.png 849w\" sizes=\"(max-width: 1367px) 100vw, 1367px\" \/><\/a><\/p>\n<p>&nbsp;<\/p>\n<p>&nbsp;<\/p>\n<p>&nbsp;<\/p>\n","protected":false},"excerpt":{"rendered":"<p>Isl\u00e1msk\u00fd odpor v Ir\u00e1ku, koalice ir\u00e1ck\u00fdch milic\u00ed podporovan\u00fdch \u00cdr\u00e1nem, ozn\u00e1mila, \u017ee po\u010d\u00ednaje p\u0159\u00ed\u0161t\u00edm t\u00fddnem zah\u00e1j\u00ed&#8230;<\/p>\n","protected":false},"author":2,"featured_media":39576,"comment_status":"closed","ping_status":"closed","sticky":false,"template":"","format":"standard","meta":[],"categories":[7],"tags":[267,37,1863,1210],"_links":{"self":[{"href":"https:\/\/www.infokuryr.cz\/n\/wp-json\/wp\/v2\/posts\/39575"}],"collection":[{"href":"https:\/\/www.infokuryr.cz\/n\/wp-json\/wp\/v2\/posts"}],"about":[{"href":"https:\/\/www.infokuryr.cz\/n\/wp-json\/wp\/v2\/types\/post"}],"author":[{"embeddable":true,"href":"https:\/\/www.infokuryr.cz\/n\/wp-json\/wp\/v2\/users\/2"}],"replies":[{"embeddable":true,"href":"https:\/\/www.infokuryr.cz\/n\/wp-json\/wp\/v2\/comments?post=39575"}],"version-history":[{"count":0,"href":"https:\/\/www.infokuryr.cz\/n\/wp-json\/wp\/v2\/posts\/39575\/revisions"}],"wp:featuredmedia":[{"embeddable":true,"href":"https:\/\/www.infokuryr.cz\/n\/wp-json\/wp\/v2\/media\/39576"}],"wp:attachment":[{"href":"https:\/\/www.infokuryr.cz\/n\/wp-json\/wp\/v2\/media?parent=39575"}],"wp:term":[{"taxonomy":"category","embeddable":true,"href":"https:\/\/www.infokuryr.cz\/n\/wp-json\/wp\/v2\/categories?post=39575"},{"taxonomy":"post_tag","embeddable":true,"href":"https:\/\/www.infokuryr.cz\/n\/wp-json\/wp\/v2\/tags?post=39575"}],"curies":[{"name":"wp","href":"https:\/\/api.w.org\/{rel}","templated":true}]}}