{"id":39555,"date":"2023-11-04T01:09:27","date_gmt":"2023-11-04T00:09:27","guid":{"rendered":"http:\/\/www.infokuryr.cz\/n\/?p=39555"},"modified":"2023-11-03T16:01:38","modified_gmt":"2023-11-03T15:01:38","slug":"petr-hannig-bere-desitky-let-penize-ze-statniho-rozpoctu-a-nevi-jak-vypada-ceska-vlajka","status":"publish","type":"post","link":"https:\/\/www.infokuryr.cz\/n\/2023\/11\/04\/petr-hannig-bere-desitky-let-penize-ze-statniho-rozpoctu-a-nevi-jak-vypada-ceska-vlajka\/","title":{"rendered":"Petr Hannig: Bere des\u00edtky let pen\u00edze ze st\u00e1tn\u00edho rozpo\u010dtu a nev\u00ed, jak vypad\u00e1 \u010desk\u00e1 vlajka?"},"content":{"rendered":"<div id=\"fb-root\"><\/div>\n<div class=\"opener\"><strong>Bu\u010fto je to arogance typu, \u201evid\u00edte, hlup\u00e1ci, zvolili jste si m\u011b a j\u00e1 na v\u00e1s z vysoka ka\u0161lu\u201c. Nebo je to odsouzen\u00edhodn\u00e1 nev\u011bdomost t\u00e9, kter\u00e1 si dob\u0159e \u017eije ze st\u00e1tn\u00edho rozpo\u010dtu.<\/strong><\/div>\n<div id=\"art-text\" class=\"text\">\n<p>Je to skute\u010dn\u011b jenom nev\u011bdomost dlouholet\u00e9 poslankyn\u011b, posl\u00e9ze p\u0159edsedkyn\u011b Poslaneck\u00e9 sn\u011bmovny a nyn\u00ed sen\u00e1torky?<\/p>\n<p>Ur\u010dit\u011b jste mnoz\u00ed z v\u00e1s vid\u011bli tu fotku na klop\u011b sen\u00e1torky Mirky N\u011bmcov\u00e9, kde jsou p\u0159evr\u00e1ceny barvy na jednom z nejd\u016fle\u017eit\u011bj\u0161\u00edch st\u00e1tn\u00edch symbol\u016f, co\u017e je vlajka \u010cesk\u00e9 republiky. Nev\u00edm, zda bych poru\u0161il autorsk\u00e1 pr\u00e1va, kdybych sem dal tu pov\u011bstnou fotku, na kter\u00e9 jsou Dana Dr\u00e1bov\u00e1, p\u0159edsedkyn\u011b st\u00e1tn\u00edho \u00fa\u0159adu pro jadernou bezpe\u010dnost, Jozef S\u00edkela, ministr pr\u016fmyslu a obchodu za STAN v p\u011btikoali\u010dn\u00ed vl\u00e1d\u011b, zahaleni do izraelsk\u00fdch vlajek a pr\u00e1v\u011b sen\u00e1torka N\u011bmcov\u00e1 s \u010deskou vlajkou, kde je \u010derven\u00e1 naho\u0159e a b\u00edl\u00e1 dole.<\/p>\n<p>Mo\u017en\u00e1, \u017ee ta \u201ezprzn\u011bn\u00e1\u201c \u010desk\u00e1 vlajka nen\u00ed tak \u00fapln\u011b nevinn\u00fd po\u010din. Pochybuji, \u017ee by si ji sen\u00e1torka vyrobila sama. Zd\u00e1 se mi, \u017ee to je vyj\u00e1d\u0159en\u00ed n\u011bjak\u00e9ho postoje. Nerespektov\u00e1n\u00ed toho, \u017ee jsme st\u00e1le je\u0161t\u011b samostatn\u00fdm st\u00e1tem se v\u0161emi jeho st\u00e1tn\u00edmi symboly obsa\u017een\u00fdmi v z\u00e1kon\u011b \u010d. 3\/1993 Sb., o st\u00e1tn\u00edch symbolech \u010cesk\u00e9 republiky \u00fa\u010dinn\u00e9m od 1. 1. 1993.<\/p>\n<p>\u00damysln\u00e9 po\u0161kozov\u00e1n\u00ed t\u011bchto symbol\u016f, \u010di zesm\u011b\u0161\u0148ov\u00e1n\u00ed je trestn\u00e9. Tyto symboly jsou st\u00e1tn\u00ed znak (velk\u00fd a mal\u00fd), st\u00e1tn\u00ed vlajka, st\u00e1tn\u00ed pe\u010de\u0165 a st\u00e1tn\u00ed hymna.<\/p>\n<p>Spousta lid\u00ed tuto trestuhodnou v\u011bc na klop\u011b sen\u00e1torky N\u011bmcov\u00e9, kter\u00e1 byla zvolena voli\u010di v obvod\u011b Prahy 1, \u010d\u00e1sti Prahy 6 a Prahy 7, a\u010dkoliv m\u00e1 bydli\u0161t\u011b snad je\u0161t\u011b ve \u017d\u010f\u00e1ru nad S\u00e1zavou, bere jako \u00fasm\u011bvnou z\u00e1le\u017eitost, j\u00e1 to v\u0161ak pokl\u00e1d\u00e1m za hanoben\u00ed st\u00e1tn\u00edho symbolu. A nemysl\u00edm si, \u017ee se jednalo o omyl.<\/p>\n<p><a href=\"https:\/\/stranapro.cz\/\"><img decoding=\"async\" loading=\"lazy\" class=\"wp-image-30218 aligncenter\" src=\"http:\/\/www.infokuryr.cz\/n\/wp-content\/uploads\/2023\/06\/PRO-banner-300x36.png\" alt=\"\" width=\"1375\" height=\"165\" srcset=\"https:\/\/www.infokuryr.cz\/n\/wp-content\/uploads\/2023\/06\/PRO-banner-300x36.png 300w, https:\/\/www.infokuryr.cz\/n\/wp-content\/uploads\/2023\/06\/PRO-banner-768x93.png 768w, https:\/\/www.infokuryr.cz\/n\/wp-content\/uploads\/2023\/06\/PRO-banner.png 849w\" sizes=\"(max-width: 1375px) 100vw, 1375px\" \/><\/a><\/p>\n<p>A je\u0161t\u011b n\u011bco. V\u0161echny t\u0159i osoby se \u0159ehtaly na pln\u00e9 kolo, a\u010dkoliv ta demonstrace se t\u00fdkala nadm\u00edru v\u00e1\u017en\u00e9 v\u011bci a v\u016fbec ne n\u011b\u010deho, kde je vhodn\u00e9 se takto chovat.<\/p>\n<p>V Izraeli se 7. \u0159\u00edjna stal teroristick\u00fd \u010din sp\u00e1chan\u00fd isl\u00e1msk\u00fdmi radik\u00e1ly z hnut\u00ed Ham\u00e1s, kter\u00e9 vl\u00e1dne na \u00fazem\u00ed Gazy, kter\u00fd nem\u00e1 obdoby od hr\u016fz, kter\u00e9 se d\u011bly v re\u017eii Isl\u00e1msk\u00e9ho st\u00e1tu na \u00fazem\u00ed S\u00fdrie a Ir\u00e1ku. V Gaze prob\u00edh\u00e1 nyn\u00ed v\u00e1lka, ve kter\u00e9 krom\u011b islamist\u016f um\u00edraj\u00ed i civiln\u00ed osoby v\u010detn\u011b d\u011bt\u00ed.<\/p>\n<p>Nav\u00edc tento zat\u00edm geograficky omezen\u00fd konflikt na \u00fazem\u00ed Izraele, Gazy a roz\u0161i\u0159uj\u00edc\u00ed se na \u00fazem\u00ed z\u00e1padn\u00edho b\u0159ehu Jord\u00e1nu, proto\u017ee se jedn\u00e1 o neuralgick\u00fd bod sv\u011bta, m\u00e1 potenci\u00e1l dokonce p\u0159er\u016fst v jadernou t\u0159et\u00ed sv\u011btovou v\u00e1lku. Psal jsem o tom v m\u00e9m posledn\u00edm \u010dl\u00e1nku \u201eOko za oko, zub za zub a\u017e do zni\u010den\u00ed sv\u011bta\u201c.<\/p>\n<p>A nejde jenom o Izrael. Nen\u00e1vist se \u0161\u00ed\u0159\u00ed jako lavina a zachv\u00e1tila i N\u011bmecko, kde propalestin\u0161t\u00ed demonstranti z \u0159ad muslim\u016f, ale i levicov\u00fdch radik\u00e1l\u016f, p\u00e1l\u00ed auta a maluj\u00ed symboly z doby nacistick\u00e9ho N\u011bmecka, v\u010detn\u011b n\u00e1pisu Jude, na obchody \u017eidovsk\u00fdch vlastn\u00edk\u016f. Tyto protiizraelsk\u00e9 demonstrace se konaj\u00ed ve Francii, Spojen\u00e9m kr\u00e1lovstv\u00ed i jinde.<\/p>\n<p>Samoz\u0159ejm\u011b je nutn\u00e9 br\u00e1t v potaz pocit bezmoci Palestinc\u016f, \u017ee je\u0161t\u011b nebyl ustanoven samostatn\u00fd palestinsk\u00fd st\u00e1t, \u017ee na z\u00e1padn\u00edm b\u0159ehu Jord\u00e1nu vznikaj\u00ed st\u00e1le nov\u00e9 a nov\u00e9 \u017eidovsk\u00e9 osady. Tyto aspekty se projevily i v rezoluci OSN.<\/p>\n<p>A je\u0161t\u011b n\u011bco. Zase se d\u011bje to, \u017ee extr\u00e9mn\u011b nepopul\u00e1rn\u00ed osoby se zahaluj\u00ed do izraelsk\u00fdch vlajek. Varuji p\u0159ed t\u00edm. Zat\u00edm v\u011bt\u0161inov\u011b proizraelsky n\u00e1lada ob\u010dan\u016f \u010cR se m\u016f\u017ee lehce p\u0159eklopit v prav\u00fd opak. Vzpome\u0148me na ned\u00e1vn\u00e9 zahalov\u00e1n\u00ed nepopul\u00e1rn\u00edch politik\u016f do ukrajinsk\u00fdch vlajek, a jak se zm\u011bnilo p\u016fvodn\u011b velice proukrajinsky nalad\u011bn\u00ed vid\u011bn\u00ed rusko &#8211; ukrajinsk\u00e9ho konfliktu velk\u00e9 \u010d\u00e1sti obyvatelstva.<\/p>\n<p>Mysl\u00edm si, \u017ee takov\u00e1 arogance, kdy\u017e si sen\u00e1torka p\u0159ipne na klopu \u0161patn\u011b vyvedenou \u010deskou vlajku, je toho z\u00e1\u0159n\u00fdm p\u0159\u00edkladem.<\/p>\n<\/div>\n<div class=\"authors\"><em><strong>Autor: Petr Hannig<\/strong><\/em><\/div>\n<p>&nbsp;<\/p>\n<p>&nbsp;<\/p>\n","protected":false},"excerpt":{"rendered":"<p>Bu\u010fto je to arogance typu, \u201evid\u00edte, hlup\u00e1ci, zvolili jste si m\u011b a j\u00e1 na v\u00e1s&#8230;<\/p>\n","protected":false},"author":2,"featured_media":823,"comment_status":"closed","ping_status":"closed","sticky":false,"template":"","format":"standard","meta":[],"categories":[6],"tags":[29,864,122,2568],"_links":{"self":[{"href":"https:\/\/www.infokuryr.cz\/n\/wp-json\/wp\/v2\/posts\/39555"}],"collection":[{"href":"https:\/\/www.infokuryr.cz\/n\/wp-json\/wp\/v2\/posts"}],"about":[{"href":"https:\/\/www.infokuryr.cz\/n\/wp-json\/wp\/v2\/types\/post"}],"author":[{"embeddable":true,"href":"https:\/\/www.infokuryr.cz\/n\/wp-json\/wp\/v2\/users\/2"}],"replies":[{"embeddable":true,"href":"https:\/\/www.infokuryr.cz\/n\/wp-json\/wp\/v2\/comments?post=39555"}],"version-history":[{"count":0,"href":"https:\/\/www.infokuryr.cz\/n\/wp-json\/wp\/v2\/posts\/39555\/revisions"}],"wp:featuredmedia":[{"embeddable":true,"href":"https:\/\/www.infokuryr.cz\/n\/wp-json\/wp\/v2\/media\/823"}],"wp:attachment":[{"href":"https:\/\/www.infokuryr.cz\/n\/wp-json\/wp\/v2\/media?parent=39555"}],"wp:term":[{"taxonomy":"category","embeddable":true,"href":"https:\/\/www.infokuryr.cz\/n\/wp-json\/wp\/v2\/categories?post=39555"},{"taxonomy":"post_tag","embeddable":true,"href":"https:\/\/www.infokuryr.cz\/n\/wp-json\/wp\/v2\/tags?post=39555"}],"curies":[{"name":"wp","href":"https:\/\/api.w.org\/{rel}","templated":true}]}}