{"id":39549,"date":"2023-11-04T01:06:34","date_gmt":"2023-11-04T00:06:34","guid":{"rendered":"http:\/\/www.infokuryr.cz\/n\/?p=39549"},"modified":"2023-11-03T15:37:42","modified_gmt":"2023-11-03T14:37:42","slug":"bude-v-nemecku-brzy-vladnout-saria-policejni-odborari-varuji-pred-ztratou-kontroly","status":"publish","type":"post","link":"https:\/\/www.infokuryr.cz\/n\/2023\/11\/04\/bude-v-nemecku-brzy-vladnout-saria-policejni-odborari-varuji-pred-ztratou-kontroly\/","title":{"rendered":"Bude v N\u011bmecku brzy vl\u00e1dnout \u0161ar\u00eda? Policejn\u00ed odbor\u00e1\u0159i varuj\u00ed p\u0159ed ztr\u00e1tou kontroly"},"content":{"rendered":"<div id=\"fb-root\"><\/div>\n<p><strong><span>S ohledem na dal\u0161\u00ed a dal\u0161\u00ed demonstrace s antisemitsk\u00fdmi tendencemi v souvislosti s bl\u00edzkov\u00fdchodn\u00edm konfliktem\u00a0<\/span><a href=\"https:\/\/www.welt.de\/politik\/deutschland\/article248264182\/Nahost-Konflikt-Polizeigewerkschaft-warnt-Sonst-zerfaellt-das-Land-in-radikale-Einzelinteressen.html\"><span>varuje n\u011bmeck\u00fd policejn\u00ed svaz<\/span><\/a><span>\u00a0p\u0159ed ztr\u00e1tou kontroly.\u00a0Policie m\u00e1 situaci st\u00e1le pod kontrolou \u2013 \u201eale nikdo nev\u00ed, jak dlouho\u201c.\u00a0N\u011bmecko skl\u00edz\u00ed to, co zasela levicov\u011b zelen\u00e1 politika.<\/span><\/strong><\/p>\n<p><span>Od velk\u00e9ho \u00fatoku teroristick\u00e9 organizace Ham\u00e1s na Izrael 7. \u0159\u00edjna se v n\u011bmeck\u00fdch ulic\u00edch mno\u017e\u00ed propalestinsk\u00e1 povst\u00e1n\u00ed a skanduj\u00ed protiizraelsk\u00e1 a proti\u017eidovsk\u00e1 hesla.\u00a0\u201ePolicie \u010del\u00ed v\u00fdzv\u011b jako nikdy p\u0159edt\u00edm v pov\u00e1le\u010dn\u00e9 historii,\u201c vysv\u011btlil odborov\u00fd p\u0159ed\u00e1k Rainer Wendt.\u00a0Policie 24 hodin denn\u011b pracuje na maximum a st\u00e1le m\u00e1 situaci pod kontrolou \u2013 \u201enikdo ale nev\u00ed, jak dlouho\u201c.<\/span><\/p>\n<p><span>Wendt varoval den\u00edk Bild p\u0159ed dramatick\u00fdm v\u00fdvojem.\u00a0<\/span><strong><span>\u201eRadik\u00e1ln\u00ed islamist\u00e9 si kladou ot\u00e1zku moci v na\u0161ich ulic\u00edch, mus\u00edme na ni odpov\u011bd\u011bt v n\u00e1\u0161 prosp\u011bch, jinak u\u017e nebude vl\u00e1dnout z\u00e1kladn\u00ed pr\u00e1vo, ale pr\u00e1vo \u0161ar\u00eda.\u201c Je \u201enejvy\u0161\u0161\u00ed \u010das\u201c zamyslet se nad z\u00e1kladn\u00edmi<\/span><\/strong><span>\u00a0hodnotami na\u0161\u00ed spole\u010dnosti, \u0159ekl odborov\u00fd p\u0159ed\u00e1k.\u00a0&#8222;Jinak se zem\u011b zhrout\u00ed do radik\u00e1ln\u00edch individu\u00e1ln\u00edch z\u00e1jm\u016f a bude dominovat pr\u00e1vo nejsiln\u011bj\u0161\u00edch.&#8220;\u00a0&#8222;To by se nikdy nem\u011blo st\u00e1t, proto\u017ee takov\u00e9 vnit\u0159n\u00ed nepokoje by byly \u017eivotu nebezpe\u010dn\u00e9 pro na\u0161i zemi,&#8220; varoval.<\/span><\/p>\n<p><span>Wendt vid\u00ed odpov\u011bdnost jako politici.\u00a0&#8222;Toto jsou podm\u00ednky, p\u0159ed kter\u00fdmi jsme v\u017edy varovali, ale do t\u00e9to situace vklouzla naivn\u00ed a nezodpov\u011bdn\u00e1 politika,&#8220;\u00a0<\/span><span>\u0159ekl.\u00a0<\/span><strong><span>&#8222;P\u0159\u00edli\u0161 mnoho politik\u016f se zaj\u00edm\u00e1 o ka\u017ed\u00fd mal\u00fd probl\u00e9m n\u011bkde na sv\u011bt\u011b, ale ztr\u00e1cej\u00ed ze z\u0159etele sv\u00e9 vlastn\u00ed lidi, to se mus\u00ed znovu zm\u011bnit.&#8220;<\/span><\/strong><\/p>\n<p><span>N\u011bmeck\u00e1 hranice je otev\u0159en\u00e1 jako vrata od stodoly.\u00a0Po l\u00e9ta se p\u0159ist\u011bhovalo st\u00e1le v\u00edce lid\u00ed, kte\u0159\u00ed otev\u0159en\u011b odm\u00edtaj\u00ed na\u0161e hodnoty a demokracii a nev\u011b\u0159\u00ed ve svobodu projevu a svobodu vyzn\u00e1n\u00ed.\u00a0Svou nen\u00e1vist k \u017did\u016fm v sou\u010dasnosti pro\u017e\u00edvaj\u00ed otev\u0159en\u011b \u2013 jako p\u0159edzv\u011bst toho, co p\u0159ijde, proto\u017ee islamist\u00e9 obecn\u011b netoleruj\u00ed \u017e\u00e1dnou jinou v\u00edru ne\u017e svou vlastn\u00ed.\u00a0Ka\u017ed\u00fd, kdo p\u0159ed t\u011bmito podm\u00ednkami varoval, byl pran\u00fd\u0159ov\u00e1n jako pravicov\u011b extremisti\u010dt\u00ed xenofobov\u00e9, ale ve skute\u010dnosti to byli v\u017edy jen realist\u00e9.<\/span><\/p>\n<p><img decoding=\"async\" loading=\"lazy\" class=\"alignnone size-full wp-image-1185\" src=\"http:\/\/www.infokuryr.cz\/n\/wp-content\/uploads\/2021\/04\/kuryr-podpis.png\" alt=\"\" width=\"84\" height=\"24\" \/><\/p>\n<p>&nbsp;<\/p>\n<p><a href=\"https:\/\/stranapro.cz\/\"><img decoding=\"async\" loading=\"lazy\" class=\"wp-image-30218 aligncenter\" src=\"http:\/\/www.infokuryr.cz\/n\/wp-content\/uploads\/2023\/06\/PRO-banner-300x36.png\" alt=\"\" width=\"1367\" height=\"164\" srcset=\"https:\/\/www.infokuryr.cz\/n\/wp-content\/uploads\/2023\/06\/PRO-banner-300x36.png 300w, https:\/\/www.infokuryr.cz\/n\/wp-content\/uploads\/2023\/06\/PRO-banner-768x93.png 768w, https:\/\/www.infokuryr.cz\/n\/wp-content\/uploads\/2023\/06\/PRO-banner.png 849w\" sizes=\"(max-width: 1367px) 100vw, 1367px\" \/><\/a><\/p>\n<p>&nbsp;<\/p>\n<p>&nbsp;<\/p>\n<p>&nbsp;<\/p>\n","protected":false},"excerpt":{"rendered":"<p>S ohledem na dal\u0161\u00ed a dal\u0161\u00ed demonstrace s antisemitsk\u00fdmi tendencemi v souvislosti s bl\u00edzkov\u00fdchodn\u00edm konfliktem\u00a0varuje&#8230;<\/p>\n","protected":false},"author":2,"featured_media":39550,"comment_status":"closed","ping_status":"closed","sticky":false,"template":"","format":"standard","meta":[],"categories":[7],"tags":[84,86,5166],"_links":{"self":[{"href":"https:\/\/www.infokuryr.cz\/n\/wp-json\/wp\/v2\/posts\/39549"}],"collection":[{"href":"https:\/\/www.infokuryr.cz\/n\/wp-json\/wp\/v2\/posts"}],"about":[{"href":"https:\/\/www.infokuryr.cz\/n\/wp-json\/wp\/v2\/types\/post"}],"author":[{"embeddable":true,"href":"https:\/\/www.infokuryr.cz\/n\/wp-json\/wp\/v2\/users\/2"}],"replies":[{"embeddable":true,"href":"https:\/\/www.infokuryr.cz\/n\/wp-json\/wp\/v2\/comments?post=39549"}],"version-history":[{"count":0,"href":"https:\/\/www.infokuryr.cz\/n\/wp-json\/wp\/v2\/posts\/39549\/revisions"}],"wp:featuredmedia":[{"embeddable":true,"href":"https:\/\/www.infokuryr.cz\/n\/wp-json\/wp\/v2\/media\/39550"}],"wp:attachment":[{"href":"https:\/\/www.infokuryr.cz\/n\/wp-json\/wp\/v2\/media?parent=39549"}],"wp:term":[{"taxonomy":"category","embeddable":true,"href":"https:\/\/www.infokuryr.cz\/n\/wp-json\/wp\/v2\/categories?post=39549"},{"taxonomy":"post_tag","embeddable":true,"href":"https:\/\/www.infokuryr.cz\/n\/wp-json\/wp\/v2\/tags?post=39549"}],"curies":[{"name":"wp","href":"https:\/\/api.w.org\/{rel}","templated":true}]}}