{"id":39544,"date":"2023-11-04T01:03:28","date_gmt":"2023-11-04T00:03:28","guid":{"rendered":"http:\/\/www.infokuryr.cz\/n\/?p=39544"},"modified":"2023-11-03T15:16:40","modified_gmt":"2023-11-03T14:16:40","slug":"manfred-ziegler-reakce-arabskeho-regionu-na-valku-proti-gaze-ohromujici-solidarita","status":"publish","type":"post","link":"https:\/\/www.infokuryr.cz\/n\/2023\/11\/04\/manfred-ziegler-reakce-arabskeho-regionu-na-valku-proti-gaze-ohromujici-solidarita\/","title":{"rendered":"Manfred Ziegler: Reakce arabsk\u00e9ho regionu na v\u00e1lku proti Gaze &#8211; Ohromuj\u00edc\u00ed solidarita"},"content":{"rendered":"<div id=\"fb-root\"><\/div>\n<p><strong>Bezprecedentn\u00ed izraelsk\u00e9 \u00fatoky na Gazu vedly ke stejn\u011b bezprecedentn\u00ed reakci v regionu.\u00a0Demonstrace proti blok\u00e1d\u011b Gazy se konaly od Maroka po Jemen a od Turecka po \u00cdr\u00e1n.\u00a0Ir\u00e1\u010dt\u00ed demonstranti, kte\u0159\u00ed se cht\u011bli dostat na okupovan\u00fd Z\u00e1padn\u00ed b\u0159eh Jord\u00e1nu, zablokovali hrani\u010dn\u00ed p\u0159echod mezi Ir\u00e1kem a Jord\u00e1nskem.<\/strong><\/p>\n<p>Tureck\u00fd prezident Recep Tayyip Erdogan se vykresluje jako zast\u00e1nce palestinsk\u00e9 v\u011bci \u2013 stejn\u011b jako v roce 2010 po izraelsk\u00e9m \u00fatoku na konvoj s pomoc\u00ed pro Gazu lod\u00ed \u201eMavi Marmara\u201c.\u00a0P\u0159ed stovkami tis\u00edc p\u0159\u00edznivc\u016f mluvil o v\u00e1le\u010dn\u00fdch zlo\u010dinech Izraele a Netanjahua ozna\u010dil za teroristu.\u00a0V Erdoganov\u011b souh\u0159e mezi Z\u00e1padem a V\u00fdchodem se kyvadlo houpe daleko na v\u00fdchod.<\/p>\n<p>Protesty ot\u0159\u00e1saj\u00ed stabilitou n\u011bkter\u00fdch zem\u00ed v regionu.\u00a0Ne tam, kde je podpora Palestiny z\u00e1le\u017eitost\u00ed st\u00e1tu, jako v \u00cdr\u00e1nu nebo Jemenu.\u00a0Ale nap\u0159\u00edklad v Jord\u00e1nsku, kter\u00e9 je hluboce integrov\u00e1no do z\u00e1padn\u00edho bezpe\u010dnostn\u00edho syst\u00e9mu.\u00a0Bl\u00edzk\u00e9, v\u010detn\u011b rodinn\u00fdch, vazby mnoha Jord\u00e1nc\u016f s Palestinou vedly po zah\u00e1jen\u00ed izraelsk\u00e9ho pozemn\u00edho \u00fatoku k obrovsk\u00fdm demonstrac\u00edm v Amm\u00e1nu.\u00a0A jord\u00e1nsk\u00e1 kr\u00e1lovna Rania pobou\u0159ila z\u00e1padn\u00ed m\u00e9dia.\u00a0Mluvila o dvoj\u00edch metrech Z\u00e1padu, kter\u00fd truchl\u00ed nad mrtv\u00fdmi v Izraeli, ale ml\u010d\u00ed jen pro mrtv\u00e9 v Gaz.<\/p>\n<p>V Maroku, kter\u00e9 podepsalo \u201eAbrahamsk\u00e9 dohody\u201c \u2013 normalizace vz\u00e1jemn\u00fdch vztah\u016f \u2013 se 15. \u0159\u00edjna konala nejv\u011bt\u0161\u00ed demonstrace od v\u00e1lky v Ir\u00e1ku.\u00a0Organiz\u00e1to\u0159i hovo\u0159ili o stovk\u00e1ch tis\u00edc \u00fa\u010dastn\u00edk\u016f, kte\u0159\u00ed k\u0159i\u010deli hesla jako: \u201eStop genocid\u011b\u201c a \u201eOb\u011btujeme svou krev pro tebe, Palestino\u201c.<\/p>\n<p><a href=\"https:\/\/stranapro.cz\/\"><img decoding=\"async\" loading=\"lazy\" class=\"wp-image-30218 aligncenter\" src=\"http:\/\/www.infokuryr.cz\/n\/wp-content\/uploads\/2023\/06\/PRO-banner-300x36.png\" alt=\"\" width=\"1367\" height=\"164\" srcset=\"https:\/\/www.infokuryr.cz\/n\/wp-content\/uploads\/2023\/06\/PRO-banner-300x36.png 300w, https:\/\/www.infokuryr.cz\/n\/wp-content\/uploads\/2023\/06\/PRO-banner-768x93.png 768w, https:\/\/www.infokuryr.cz\/n\/wp-content\/uploads\/2023\/06\/PRO-banner.png 849w\" sizes=\"(max-width: 1367px) 100vw, 1367px\" \/><\/a><\/p>\n<p>Tunisko je zvl\u00e1\u0161t\u011b aktivn\u00ed v podpo\u0159e Gazy mnoha demonstracemi.\u00a0Pl\u00e1nuje se zde z\u00e1kon, kter\u00fd m\u00e1 omezit \u010dinnost tzv. NNO.\u00a0Mnoho nevl\u00e1dn\u00edch organizac\u00ed je financov\u00e1no zahrani\u010dn\u00edmi vl\u00e1dami, zejm\u00e9na USA \u2013 a podle toho se stav\u00ed. Vlivn\u00e1 nevl\u00e1dn\u00ed organizace \u201eI Watch\u201c ji\u017e nechce p\u0159ij\u00edmat platby z USA.\u00a0Tunisk\u00fd parlament pl\u00e1nuje kriminalizovat normalizaci vztah\u016f s Izraelem.<\/p>\n<p>Po uzav\u0159en\u00ed \u201eAbrahamov\u00fdch dohod\u201c podepsaly Spojen\u00e9 arabsk\u00e9 emir\u00e1ty tak\u00e9 dohodu o voln\u00e9m obchodu, kter\u00e1 pokr\u00fdv\u00e1 a\u017e 95 procent p\u0159\u00edslu\u0161n\u00e9ho obchodovan\u00e9ho zbo\u017e\u00ed.\u00a0Objem obchod\u016f je 600 a\u017e 700 milion\u016f americk\u00fdch dolar\u016f ro\u010dn\u011b.\u00a0V sou\u010dasn\u00e9 situaci a vzhledem k protest\u016fm tyto vynikaj\u00edc\u00ed vztahy s Izraelem nezabr\u00e1nily Emir\u00e1t\u016fm hlasovat pro rusk\u00fd n\u00e1vrh rezoluce a proti americk\u00e9mu n\u00e1vrhu rezoluce v Rad\u011b bezpe\u010dnosti OSN.<\/p>\n<p>Krom\u011b n\u00e1let\u016f, bomb a boj\u016f se na Z\u00e1padn\u00edm b\u0159ehu Jord\u00e1nu tak\u00e9 protestovalo.\u00a0Na druh\u00e9 stran\u011b je situace v oblastech s palestinsk\u00fdm obyvatelstvem v samotn\u00e9m Izraeli p\u0159ev\u00e1\u017en\u011b klidn\u00e1, n\u011bkdy v\u0161ak doch\u00e1z\u00ed k drakonick\u00fdm disciplin\u00e1rn\u00edm sankc\u00edm v\u016f\u010di student\u016fm, kte\u0159\u00ed se kriticky vyjad\u0159uj\u00ed a vyjad\u0159uj\u00ed svou solidaritu s lidmi v Gaze.\u00a0Demonstrace a vigilie v Izraeli vyz\u00fdvaly k rezignaci Netanjahua a okam\u017eit\u00e9 v\u00fdm\u011bn\u011b v\u011bz\u0148\u016f.<\/p>\n<p>Rezoluci Valn\u00e9ho shrom\u00e1\u017ed\u011bn\u00ed OSN, kterou p\u0159edlo\u017eila skupina arabsk\u00fdch st\u00e1t\u016f a kter\u00e1 vyz\u00fdvala k okam\u017eit\u00e9mu p\u0159\u00edm\u011b\u0159\u00ed a zru\u0161en\u00ed blok\u00e1dy kolem Gazy bez uveden\u00ed vin\u00edk\u016f, st\u00e1ty EU nepodpo\u0159ily.\u00a0Americk\u00fd velvyslanec p\u0159i OSN ozna\u010dil rezoluci za \u201epobu\u0159uj\u00edc\u00ed\u201c a izraelsk\u00fd velvyslanec p\u0159i OSN prohl\u00e1sil, \u017ee OSN ztratila ve\u0161kerou legitimitu.<\/p>\n<p><a href=\"https:\/\/www.unsere-zeit.de\/ueberwaeltigende-solidaritaet-4785206\/\">ZDROJ<\/a><\/p>\n<p>&nbsp;<\/p>\n<p>&nbsp;<\/p>\n","protected":false},"excerpt":{"rendered":"<p>Bezprecedentn\u00ed izraelsk\u00e9 \u00fatoky na Gazu vedly ke stejn\u011b bezprecedentn\u00ed reakci v regionu.\u00a0Demonstrace proti blok\u00e1d\u011b Gazy&#8230;<\/p>\n","protected":false},"author":2,"featured_media":39545,"comment_status":"closed","ping_status":"closed","sticky":false,"template":"","format":"standard","meta":[],"categories":[7],"tags":[172,348,313,6205],"_links":{"self":[{"href":"https:\/\/www.infokuryr.cz\/n\/wp-json\/wp\/v2\/posts\/39544"}],"collection":[{"href":"https:\/\/www.infokuryr.cz\/n\/wp-json\/wp\/v2\/posts"}],"about":[{"href":"https:\/\/www.infokuryr.cz\/n\/wp-json\/wp\/v2\/types\/post"}],"author":[{"embeddable":true,"href":"https:\/\/www.infokuryr.cz\/n\/wp-json\/wp\/v2\/users\/2"}],"replies":[{"embeddable":true,"href":"https:\/\/www.infokuryr.cz\/n\/wp-json\/wp\/v2\/comments?post=39544"}],"version-history":[{"count":0,"href":"https:\/\/www.infokuryr.cz\/n\/wp-json\/wp\/v2\/posts\/39544\/revisions"}],"wp:featuredmedia":[{"embeddable":true,"href":"https:\/\/www.infokuryr.cz\/n\/wp-json\/wp\/v2\/media\/39545"}],"wp:attachment":[{"href":"https:\/\/www.infokuryr.cz\/n\/wp-json\/wp\/v2\/media?parent=39544"}],"wp:term":[{"taxonomy":"category","embeddable":true,"href":"https:\/\/www.infokuryr.cz\/n\/wp-json\/wp\/v2\/categories?post=39544"},{"taxonomy":"post_tag","embeddable":true,"href":"https:\/\/www.infokuryr.cz\/n\/wp-json\/wp\/v2\/tags?post=39544"}],"curies":[{"name":"wp","href":"https:\/\/api.w.org\/{rel}","templated":true}]}}