{"id":39535,"date":"2023-11-04T00:59:22","date_gmt":"2023-11-03T23:59:22","guid":{"rendered":"http:\/\/www.infokuryr.cz\/n\/?p=39535"},"modified":"2023-11-03T14:37:13","modified_gmt":"2023-11-03T13:37:13","slug":"andrew-korybko-ukrajinsky-vrchni-velitel-podal-posledni-zadost-o-americkou-pomoc","status":"publish","type":"post","link":"https:\/\/www.infokuryr.cz\/n\/2023\/11\/04\/andrew-korybko-ukrajinsky-vrchni-velitel-podal-posledni-zadost-o-americkou-pomoc\/","title":{"rendered":"Andrew Korybko: Ukrajinsk\u00fd vrchn\u00ed velitel podal posledn\u00ed \u017e\u00e1dost o americkou pomoc"},"content":{"rendered":"<div id=\"fb-root\"><\/div>\n<div class=\"captioned-image-container\">\n<figure>\n<div class=\"image2-inset\"><\/div>\n<\/figure>\n<\/div>\n<div class=\"captioned-image-container\">\n<figure>\n<div class=\"image2-inset\"><\/div>\n<\/figure>\n<\/div>\n<div class=\"available-content\">\n<div class=\"body markup\" dir=\"auto\">\n<div class=\"captioned-image-container\">\n<figure>\n<div class=\"image2-inset\"><picture><img decoding=\"async\" loading=\"lazy\" class=\"sizing-normal aligncenter\" src=\"https:\/\/substackcdn.com\/image\/fetch\/w_1456,c_limit,f_auto,q_auto:good,fl_progressive:steep\/https%3A%2F%2Fsubstack-post-media.s3.amazonaws.com%2Fpublic%2Fimages%2Ff79be13d-7a12-412c-907b-af05398b5b95_800x600.jpeg\" sizes=\"100vw\" srcset=\"https:\/\/substackcdn.com\/image\/fetch\/w_424,c_limit,f_auto,q_auto:good,fl_progressive:steep\/https%3A%2F%2Fsubstack-post-media.s3.amazonaws.com%2Fpublic%2Fimages%2Ff79be13d-7a12-412c-907b-af05398b5b95_800x600.jpeg 424w, https:\/\/substackcdn.com\/image\/fetch\/w_848,c_limit,f_auto,q_auto:good,fl_progressive:steep\/https%3A%2F%2Fsubstack-post-media.s3.amazonaws.com%2Fpublic%2Fimages%2Ff79be13d-7a12-412c-907b-af05398b5b95_800x600.jpeg 848w, https:\/\/substackcdn.com\/image\/fetch\/w_1272,c_limit,f_auto,q_auto:good,fl_progressive:steep\/https%3A%2F%2Fsubstack-post-media.s3.amazonaws.com%2Fpublic%2Fimages%2Ff79be13d-7a12-412c-907b-af05398b5b95_800x600.jpeg 1272w, https:\/\/substackcdn.com\/image\/fetch\/w_1456,c_limit,f_auto,q_auto:good,fl_progressive:steep\/https%3A%2F%2Fsubstack-post-media.s3.amazonaws.com%2Fpublic%2Fimages%2Ff79be13d-7a12-412c-907b-af05398b5b95_800x600.jpeg 1456w\" alt=\"\" width=\"800\" height=\"600\" data-attrs=\"{&quot;src&quot;:&quot;https:\/\/substack-post-media.s3.amazonaws.com\/public\/images\/f79be13d-7a12-412c-907b-af05398b5b95_800x600.jpeg&quot;,&quot;srcNoWatermark&quot;:null,&quot;fullscreen&quot;:null,&quot;imageSize&quot;:null,&quot;height&quot;:600,&quot;width&quot;:800,&quot;resizeWidth&quot;:null,&quot;bytes&quot;:93444,&quot;alt&quot;:null,&quot;title&quot;:null,&quot;type&quot;:&quot;image\/jpeg&quot;,&quot;href&quot;:null,&quot;belowTheFold&quot;:false,&quot;topImage&quot;:true,&quot;internalRedirect&quot;:null}\" \/><\/picture>\n<div class=\"image-link-expand\"><\/div>\n<\/div>\n<\/figure>\n<\/div>\n<p><strong>Spekulace o chystan\u00e9 vzpou\u0159e nebo vojensk\u00e9m p\u0159evratu byly dosud dom\u00e9nou alternativn\u00edch m\u00e9di\u00ed, kter\u00e1 mainstreamov\u00e1 m\u00e9dia diskredituj\u00ed jako takzvanou &#8222;ruskou propagandu&#8220;, a to je\u0161t\u011b p\u0159ed zve\u0159ejn\u011bn\u00edm \u010dl\u00e1nk\u016f \u010dasopis\u016f Time a The Economist. Po t\u011bchto dvou \u010dl\u00e1nc\u00edch v\u0161ak nyn\u00ed mohou pr\u016fm\u011brn\u00ed lid\u00e9 na Z\u00e1pad\u011b i jejich politici o t\u011bchto sc\u00e9n\u00e1\u0159\u00edch diskutovat bez obav, \u017ee budou o\u010dern\u011bni.<\/strong><\/p>\n<p>Nefunk\u010dnost Kongresu v uplynul\u00e9m m\u011bs\u00edci spolu s izraelsko-hamasovskou <a href=\"https:\/\/thealtworld.com\/andrew_korybko\/the-top-ten-takeaways-from-hamas-sneak-attack-on-israel\">v\u00e1lkou<\/a> , kter\u00e1 vypukla ve stejnou dobu, vytvo\u0159ily z pohledu Ukrajiny dokonalou bou\u0159i, proto\u017ee vedly k n\u00e1hl\u00e9mu p\u0159eru\u0161en\u00ed pomoci soub\u011b\u017en\u011b s t\u00edm, jak jej\u00ed nejvy\u0161\u0161\u00ed patron zm\u011bnil priority v\u016f\u010di samozvan\u00e9mu \u017eidovsk\u00e9mu st\u00e1tu. &#8222;<a href=\"https:\/\/thealtworld.com\/andrew_korybko\/the-top-ten-takeaways-from-hamas-sneak-attack-on-israel\">\u010casopis Time<\/a>\u00a0 \u00a0se ve sv\u00e9m tituln\u00edm \u010dl\u00e1nku o Zelensk\u00e9m pod\u011blil o n\u011bkolik &#8218;politicky nepohodln\u00fdch&#8216; pravd o Ukrajin\u011b&#8220; s odvol\u00e1n\u00edm na jeho nejmenovan\u00e9 nejbli\u017e\u0161\u00ed spolupracovn\u00edky a vedouc\u00ed poradce, kter\u00fdm The Economist pr\u00e1v\u011b roz\u0161\u00ed\u0159il d\u016fv\u011bru.<\/p>\n<p>Vyzpov\u00eddali vrchn\u00edho velitele Z\u00e1lu\u017en\u00e9ho a zve\u0159ejnili t\u0159\u00edd\u00edln\u00fd seri\u00e1l sest\u00e1vaj\u00edc\u00ed z jejich report\u00e1\u017ee o tomto rozhovoru\u00a0 <a href=\"https:\/\/web.archive.org\/web\/20231101192240\/https:\/www.economist.com\/europe\/2023\/11\/01\/ukraines-top-general-on-the-breakthrough-he-needs-to-beat-russia\">zde<\/a>\u00a0 , jeho dev\u00edtistr\u00e1nkov\u00e9ho \u010dl\u00e1nku &#8222;Modern Positional Warfare And How To Win It&#8220;\u00a0 <a href=\"https:\/\/web.archive.org\/web\/20231101184848\/https:\/infographics.economist.com\/2023\/ExternalContent\/ZALUZHNYI_FULL_VERSION.pdf\">zde<\/a>\u00a0 a jeho shrnut\u00ed, kter\u00e9 napsal <a href=\"https:\/\/web.archive.org\/web\/20231101194944\/https:\/www.economist.com\/by-invitation\/2023\/11\/01\/the-commander-in-chief-of-ukraines-armed-forces-on-how-to-win-the-war\">zde<\/a> . Dohromady p\u0159edstavuj\u00ed posledn\u00ed v\u00fdzvu tohoto nejvy\u0161\u0161\u00edho vojensk\u00e9ho p\u0159edstavitele k americk\u00e9 pomoci, bez n\u00ed\u017e bude jeho strana bu\u010f nucena p\u0159istoupit na kompromis s Ruskem prost\u0159ednictv\u00edm p\u0159\u00edm\u011b\u0159\u00ed nebo alespo\u0148 neform\u00e1ln\u00edho zmrazen\u00ed konfliktu, nebo riskovat vzpouru, pokud bude pokra\u010dovat v boji.<\/p>\n<\/div>\n<\/div>\n<p>Posledn\u00ed zm\u00edn\u011bn\u00fd sc\u00e9n\u00e1\u0159 v\u0161ak nen\u00ed tak p\u0159ita\u017een\u00fd za vlasy, jak by mohli instinktivn\u011b tvrdit nejv\u00e1\u0161niv\u011bj\u0161\u00ed zast\u00e1nci Kyjeva, proto\u017ee jak \u010dasopis Time, tak t\u00fdden\u00edk The Economist jej zlov\u011bstn\u011b nazna\u010duj\u00ed. Prvn\u00ed z nich informoval sv\u00e9 \u010dten\u00e1\u0159e, \u017ee n\u011bkter\u00e9 jednotky za\u010daly odm\u00edtat rozkazy k postupu, i kdy\u017e p\u0159ich\u00e1zej\u00ed z prezidentsk\u00e9 kancel\u00e1\u0159e, co\u017e bez v\u011bt\u0161\u00edho mno\u017estv\u00ed zbran\u00ed a mu\u017e\u016f pova\u017euj\u00ed za sebevra\u017eedn\u00e9, zat\u00edmco druh\u00fd d\u016frazn\u011b nazna\u010dil Zalu\u017enyj v prvn\u00edm ze sv\u00fdch t\u0159\u00ed hypertextov\u00fdch \u010dl\u00e1nk\u016f n\u00e1sledovn\u011b:<\/p>\n<p><em>&#8222;Nejv\u011bt\u0161\u00ed riziko z\u00e1kopov\u00e9 v\u00e1lky spo\u010d\u00edv\u00e1 v tom, \u017ee se m\u016f\u017ee prot\u00e1hnout na roky a vy\u010derpat ukrajinsk\u00fd st\u00e1t,&#8220; \u0159\u00edk\u00e1 [Zalu\u017enyj]. V prvn\u00ed sv\u011btov\u00e9 v\u00e1lce zas\u00e1hly vzpoury d\u0159\u00edv, ne\u017e to mohla zm\u011bnit technika. \u010cty\u0159i \u0159\u00ed\u0161e se zhroutily a v Rusku vypukla revoluce.<\/em><\/p>\n<p><em>Zhroucen\u00ed ukrajinsk\u00e9 mor\u00e1lky a podpory Z\u00e1padu je p\u0159esn\u011b to, s \u010d\u00edm Putin po\u010d\u00edt\u00e1. Gener\u00e1l Z\u00e1lu\u017en\u00fd nepochybuje o tom, \u017ee dlouh\u00e1 v\u00e1lka je ve prosp\u011bch Ruska, zem\u011b s t\u0159ikr\u00e1t v\u011bt\u0161\u00edm po\u010dtem obyvatel a desetkr\u00e1t v\u011bt\u0161\u00ed ekonomikou ne\u017e Ukrajina.&#8220;<\/em><\/p>\n<p>\u010cteme-li mezi \u0159\u00e1dky, Zelenskij &#8211; kter\u00e9ho nejmenovan\u00e9 zdroje z okol\u00ed \u010dasopisu Time varovaly, \u017ee si &#8222;namlouv\u00e1&#8220; v\u00edru ve v\u00edt\u011bzstv\u00ed Kyjeva, je\u017e za\u010d\u00edn\u00e1 &#8222;hrani\u010dit s mesi\u00e1\u0161stv\u00edm&#8220; &#8211; m\u016f\u017ee docela dob\u0159e vsadit na to, \u017ee je lep\u0161\u00ed riskovat vzpouru ne\u017e zmrazit konflikt. Jin\u00fdmi slovy, bude bojovat d\u00e1l, i kdy\u017e se americk\u00e1 pomoc nikdy nevr\u00e1t\u00ed k d\u0159\u00edv\u011bj\u0161\u00edmu tempu, rozsahu a dosahu a z\u016fstane &#8222;pouze prost\u0159edkem k p\u0159e\u017eit\u00ed&#8220; konfliktu, a nikoli &#8222;prost\u0159edkem k v\u00edt\u011bzstv\u00ed ve v\u00e1lce&#8220;, jak to popsaly jejich zdroje.<\/p>\n<p>Na tento nejhor\u0161\u00ed sc\u00e9n\u00e1\u0159 nar\u00e1\u017eel Zalu\u017enyj, kdy\u017e varoval p\u0159ed t\u00edm, jak by vlekl\u00fd konflikt mohl &#8222;vy\u010derpat st\u00e1t&#8220;, ale rad\u011bji apeloval sp\u00ed\u0161e na arogantn\u00ed p\u0159esv\u011bd\u010den\u00ed n\u011bkter\u00fdch americk\u00fdch politik\u016f, \u017ee by je\u0161t\u011b mohli b\u00fdt schopni porazit Rusko, kdy\u017e se naposledy pokusil obnovit stejnou \u00farove\u0148 pomoci. Proto se ve sv\u00e9m rozhovoru, \u010dl\u00e1nku, kter\u00fd napsal, a shrnut\u00ed v\u00fd\u0161e uveden\u00e9ho zam\u011b\u0159il sp\u00ed\u0161e na konkr\u00e9tn\u00ed typy zbran\u00ed, kter\u00e9 pot\u0159ebuje, a na to, jak je hodl\u00e1 pou\u017e\u00edt.<\/p>\n<p>Spekulace o chystan\u00e9 vzpou\u0159e nebo vojensk\u00e9m p\u0159evratu byly dosud\u00a0 dom\u00e9nou <a href=\"https:\/\/thealtworld.com\/andrew_korybko\/a-review-of-the-most-common-roles-in-the-alt-media-community\">alternativn\u00edch m\u00e9di\u00ed<\/a> , kter\u00e1 mainstreamov\u00e1 m\u00e9dia diskredituj\u00ed jako takzvanou &#8222;ruskou propagandu&#8220;, a to je\u0161t\u011b p\u0159ed zve\u0159ejn\u011bn\u00edm \u010dl\u00e1nk\u016f \u010dasopis\u016f Time a The Economist. Po t\u011bchto dvou \u010dl\u00e1nc\u00edch v\u0161ak nyn\u00ed mohou pr\u016fm\u011brn\u00ed obyvatel\u00e9 Z\u00e1padu i jejich politici o t\u011bchto sc\u00e9n\u00e1\u0159\u00edch diskutovat bez obav, \u017ee budou o\u010dern\u011bni. To p\u0159edstavuje jeden z nejv\u00fdznamn\u011bj\u0161\u00edch narativn\u00edch posun\u016f od za\u010d\u00e1tku konfliktu, a proto by m\u011bl b\u00fdt pozorn\u011b sledov\u00e1n.<\/p>\n<div class=\"subscribe-widget\" data-component-name=\"SubscribeWidget\">\n<div class=\"pencraft frontend-pencraft-Box-module__reset--VfQY8 frontend-pencraft-Box-module__display-flex--ZqeZt frontend-pencraft-Box-module__flex-justify-center--SQPji\">\n<div class=\"frontend-components-free_email_form-module__container--OfBh4\">\n<form class=\"form frontend-components-free_email_form-module__form--LDIzl\" action=\"https:\/\/korybko.substack.com\/api\/v1\/free?nojs=true\" method=\"post\" novalidate=\"\">\n<div class=\"frontend-components-free_email_form-module__sideBySideWrap--yhsgv\"><a href=\"https:\/\/korybko.substack.com\/p\/ukraines-commander-in-chief-made\">Andrew Korybko, PhD<\/a><\/div>\n<div><\/div>\n<div><img decoding=\"async\" loading=\"lazy\" class=\"alignnone  wp-image-22017\" src=\"http:\/\/www.infokuryr.cz\/n\/wp-content\/uploads\/2023\/01\/andrew-korybko-300x300.jpg\" alt=\"\" width=\"201\" height=\"201\" srcset=\"https:\/\/www.infokuryr.cz\/n\/wp-content\/uploads\/2023\/01\/andrew-korybko-300x300.jpg 300w, https:\/\/www.infokuryr.cz\/n\/wp-content\/uploads\/2023\/01\/andrew-korybko-150x150.jpg 150w, https:\/\/www.infokuryr.cz\/n\/wp-content\/uploads\/2023\/01\/andrew-korybko.jpg 400w\" sizes=\"(max-width: 201px) 100vw, 201px\" \/><\/div>\n<div><\/div>\n<div><\/div>\n<div><\/div>\n<div><a href=\"https:\/\/stranapro.cz\/\"><img decoding=\"async\" loading=\"lazy\" class=\"wp-image-30218 aligncenter\" src=\"http:\/\/www.infokuryr.cz\/n\/wp-content\/uploads\/2023\/06\/PRO-banner-300x36.png\" alt=\"\" width=\"1367\" height=\"164\" srcset=\"https:\/\/www.infokuryr.cz\/n\/wp-content\/uploads\/2023\/06\/PRO-banner-300x36.png 300w, https:\/\/www.infokuryr.cz\/n\/wp-content\/uploads\/2023\/06\/PRO-banner-768x93.png 768w, https:\/\/www.infokuryr.cz\/n\/wp-content\/uploads\/2023\/06\/PRO-banner.png 849w\" sizes=\"(max-width: 1367px) 100vw, 1367px\" \/><\/a><\/div>\n<div><\/div>\n<div><\/div>\n<div><\/div>\n<\/form>\n<\/div>\n<\/div>\n<\/div>\n<div class=\"subscribe-widget\" data-component-name=\"SubscribeWidget\">\n<div class=\"pencraft frontend-pencraft-Box-module__reset--VfQY8 frontend-pencraft-Box-module__display-flex--ZqeZt frontend-pencraft-Box-module__flex-justify-center--SQPji\">\n<div class=\"frontend-components-free_email_form-module__container--OfBh4\">\n<form class=\"form frontend-components-free_email_form-module__form--LDIzl\" action=\"https:\/\/korybko.substack.com\/api\/v1\/free?nojs=true\" method=\"post\" novalidate=\"\">\n<div class=\"frontend-components-free_email_form-module__sideBySideWrap--yhsgv\"><\/div>\n<\/form>\n<\/div>\n<\/div>\n<\/div>\n","protected":false},"excerpt":{"rendered":"<p>Spekulace o chystan\u00e9 vzpou\u0159e nebo vojensk\u00e9m p\u0159evratu byly dosud dom\u00e9nou alternativn\u00edch m\u00e9di\u00ed, kter\u00e1 mainstreamov\u00e1 m\u00e9dia&#8230;<\/p>\n","protected":false},"author":2,"featured_media":19775,"comment_status":"closed","ping_status":"closed","sticky":false,"template":"","format":"standard","meta":[],"categories":[7],"tags":[1042,26,37,3084],"_links":{"self":[{"href":"https:\/\/www.infokuryr.cz\/n\/wp-json\/wp\/v2\/posts\/39535"}],"collection":[{"href":"https:\/\/www.infokuryr.cz\/n\/wp-json\/wp\/v2\/posts"}],"about":[{"href":"https:\/\/www.infokuryr.cz\/n\/wp-json\/wp\/v2\/types\/post"}],"author":[{"embeddable":true,"href":"https:\/\/www.infokuryr.cz\/n\/wp-json\/wp\/v2\/users\/2"}],"replies":[{"embeddable":true,"href":"https:\/\/www.infokuryr.cz\/n\/wp-json\/wp\/v2\/comments?post=39535"}],"version-history":[{"count":1,"href":"https:\/\/www.infokuryr.cz\/n\/wp-json\/wp\/v2\/posts\/39535\/revisions"}],"predecessor-version":[{"id":39536,"href":"https:\/\/www.infokuryr.cz\/n\/wp-json\/wp\/v2\/posts\/39535\/revisions\/39536"}],"wp:featuredmedia":[{"embeddable":true,"href":"https:\/\/www.infokuryr.cz\/n\/wp-json\/wp\/v2\/media\/19775"}],"wp:attachment":[{"href":"https:\/\/www.infokuryr.cz\/n\/wp-json\/wp\/v2\/media?parent=39535"}],"wp:term":[{"taxonomy":"category","embeddable":true,"href":"https:\/\/www.infokuryr.cz\/n\/wp-json\/wp\/v2\/categories?post=39535"},{"taxonomy":"post_tag","embeddable":true,"href":"https:\/\/www.infokuryr.cz\/n\/wp-json\/wp\/v2\/tags?post=39535"}],"curies":[{"name":"wp","href":"https:\/\/api.w.org\/{rel}","templated":true}]}}