{"id":39527,"date":"2023-11-03T06:29:22","date_gmt":"2023-11-03T05:29:22","guid":{"rendered":"http:\/\/www.infokuryr.cz\/n\/?p=39527"},"modified":"2023-11-03T06:29:22","modified_gmt":"2023-11-03T05:29:22","slug":"severni-korea-reaguje-na-odpaleni-americke-rakety","status":"publish","type":"post","link":"https:\/\/www.infokuryr.cz\/n\/2023\/11\/03\/severni-korea-reaguje-na-odpaleni-americke-rakety\/","title":{"rendered":"Severn\u00ed Korea reaguje na odp\u00e1len\u00ed americk\u00e9 rakety"},"content":{"rendered":"<div id=\"fb-root\"><\/div>\n<p><span style=\"font-size: 18pt;\"><strong>KLDR uvedla, \u017ee Washington pou\u017e\u00edv\u00e1 sv\u016fj atomov\u00fd arzen\u00e1l k \u201evojensk\u00e9 hegemonii\u201c po cel\u00e9m sv\u011bt\u011b<\/strong><\/span><\/p>\n<p><span>Severn\u00ed Korea odsoudila ne\u00fasp\u011b\u0161n\u00fd test mezikontinent\u00e1ln\u00ed balistick\u00e9 st\u0159ely (ICBM) ze strany americk\u00e9 arm\u00e1dy a varovala p\u0159ed\u00a0<\/span><em><span>\u201edrtivou\u201c reakc\u00ed na\u00a0<\/span><\/em><em><span>\u201eprovokativn\u00ed\u201c<\/span><\/em><span>\u00a0a\u00a0<\/span><em><span>\u201ebezohledn\u00e9\u201c<\/span><\/em><span>\u00a0akce Pentagonu\u00a0na Korejsk\u00e9m poloostrov\u011b.<\/span><\/p>\n<p><span>V koment\u00e1\u0159\u00edch, kter\u00e9 v p\u00e1tek zve\u0159ejnila st\u00e1tn\u00ed Korejsk\u00e1 \u00fast\u0159edn\u00ed tiskov\u00e1 agentura (KCNA), Pchjongjang reagoval na ne\u0161\u0165astn\u00e9 odp\u00e1len\u00ed rakety Washingtonu za\u010d\u00e1tkem tohoto t\u00fddne, kter\u00e1 musela b\u00fdt sest\u0159elena uprost\u0159ed letu kv\u016fli bl\u00ed\u017ee nespecifikovan\u00e9 \u201eanom\u00e1lii\u00a0\u201c<\/span><span>.<\/span><\/p>\n<p><em><span>\u201eNed\u00e1vn\u00e1 a pokra\u010duj\u00edc\u00ed vojensk\u00e1 hnut\u00ed Spojen\u00fdch st\u00e1t\u016f proti KLDR\u2026 jsou extr\u00e9mn\u011b provokativn\u00ed a bezohledn\u00e9 nep\u0159\u00e1telsk\u00e9 \u010diny, kter\u00e9 zvy\u0161uj\u00ed vojensk\u00e9 nap\u011bt\u00ed na Korejsk\u00e9m poloostrov\u011b,\u201c stoj\u00ed v prohl\u00e1\u0161en\u00ed a dod\u00e1v\u00e1, \u017ee<\/span><\/em><span>\u00a0Severn\u00ed Korea je p\u0159ipravena na\u00a0<\/span><em><span>\u201eokam\u017eit\u00e9, ohromuj\u00edc\u00ed a rozhodn\u00e1 odpov\u011b\u010f.&#8220;<\/span><\/em><\/p>\n<p><em><span>D\u00e1le odsoudila ned\u00e1vn\u00e9 rozm\u00edst\u011bn\u00ed bombard\u00e9r\u016f B-52 s jadern\u00fdmi zbran\u011bmi v Ji\u017en\u00ed Koreji ze strany USA a uvedla, \u017ee \u201eman\u00e9vr pos\u00edlen\u00ed jadern\u00fdch zbran\u00ed\u201c<\/span><\/em><span>\u00a0Washingtonu\u00a0byl\u00a0<\/span><em><span>\u201enebezpe\u010dn\u00fdm pokusem o dosa\u017een\u00ed vojensk\u00e9 hegemonie\u201c.<\/span><\/em><\/p>\n<p><a href=\"https:\/\/stranapro.cz\/\"><img decoding=\"async\" loading=\"lazy\" class=\"wp-image-30218 aligncenter\" src=\"http:\/\/www.infokuryr.cz\/n\/wp-content\/uploads\/2023\/06\/PRO-banner-300x36.png\" alt=\"\" width=\"1375\" height=\"165\" srcset=\"https:\/\/www.infokuryr.cz\/n\/wp-content\/uploads\/2023\/06\/PRO-banner-300x36.png 300w, https:\/\/www.infokuryr.cz\/n\/wp-content\/uploads\/2023\/06\/PRO-banner-768x93.png 768w, https:\/\/www.infokuryr.cz\/n\/wp-content\/uploads\/2023\/06\/PRO-banner.png 849w\" sizes=\"(max-width: 1375px) 100vw, 1375px\" \/><\/a><\/p>\n<p><span>St\u0159ede\u010dn\u00ed test ICBM Minuteman III ozn\u00e1mil za\u010d\u00e1tkem tohoto t\u00fddne mluv\u010d\u00ed Pentagonu brig\u00e1dn\u00ed gener\u00e1l Pat Ryder, kter\u00fd \u0159ekl, \u017ee start demonstruje\u00a0<\/span><em><span>\u201enadbyte\u010dnost a spolehlivost na\u0161eho strategick\u00e9ho odstra\u0161ovac\u00edho syst\u00e9mu a z\u00e1rove\u0148 vy\u0161le viditelnou zpr\u00e1vu o jistot\u011b spojenc\u016fm\u201c.<\/span><\/em><\/p>\n<p><span>A\u010dkoli test nakonec selhal, arm\u00e1da uvedla, \u017ee poskytla\u00a0<\/span><em><span>\u201ez\u00e1sadn\u00ed data\u201c<\/span><\/em><span>\u00a0a \u017ee letectvo\u00a0<\/span><em><span>\u201ese pou\u010d\u00ed z ka\u017ed\u00e9ho testovac\u00edho startu\u201c.\u00a0<\/span><\/em><span>\u00da\u0159edn\u00edci zd\u016fraznili, \u017ee takov\u00e9 zkou\u0161ky zaji\u0161\u0165uj\u00ed\u00a0<\/span><em><span>\u201etrvalou spolehlivost a p\u0159esnost\u201c<\/span><\/em><span>\u00a0st\u00e1rnouc\u00edho Minutemana III, jeho\u017e prvn\u00ed varianta vstoupila do slu\u017eby v roce 1970.<\/span><\/p>\n<p><span>Za\u010d\u00e1tkem tohoto roku prezident Joe Biden \u0159ekl, \u017ee Pentagon pos\u00edl\u00ed\u00a0<\/span><em><span>\u201epravidelnou viditelnost\u201c<\/span><\/em><span>\u00a0strategick\u00fdch vojensk\u00fdch prost\u0159edk\u016f na Korejsk\u00e9m poloostrov\u011b v nad\u011bji, \u017ee tento krok zlep\u0161\u00ed\u00a0<\/span><em><span>\u201eodstra\u0161en\u00ed\u201c<\/span><\/em><span>\u00a0proti KLDR.\u00a0Brzy pot\u00e9 Pentagon poprv\u00e9 od roku 1981 vyslal do Ji\u017en\u00ed Koreje ponorku s jadern\u00fdmi balistick\u00fdmi raketami, co\u017e tak\u00e9 vyvolalo tvrd\u00e9 odsouzen\u00ed ze strany Severu.<\/span><\/p>\n<p><span>Pchjongjang loni v z\u00e1\u0159\u00ed kodifikoval novou doktr\u00ednu jadern\u00fdch zbran\u00ed a prohl\u00e1sil, \u017ee z\u00edsk\u00e1n\u00ed bomby je\u00a0<\/span><em><span>\u201enevratn\u00e9\u201c,<\/span><\/em><span>\u00a0a z\u00e1rove\u0148 povolil prvn\u00ed pou\u017eit\u00ed jadern\u00fdch zbran\u00ed, pokud je\u00a0<\/span><em><span>\u201esouzen \u00fatok nep\u0159\u00edtele jako bezprost\u0159edn\u00ed\u201c.<\/span><\/em><\/p>\n<p><span>KLDR ve sv\u00e9m p\u00e1te\u010dn\u00edm prohl\u00e1\u0161en\u00ed uvedla, \u017ee\u00a0<\/span><em><span>\u201ejadern\u00e1 hrozba\u201c<\/span><\/em><span>\u00a0, kterou p\u0159edstavuj\u00ed USA, se\u00a0<\/span><em><span>\u201ebl\u00ed\u017e\u00ed k nov\u00e9 nebezpe\u010dn\u00e9 linii\u201c,<\/span><\/em><span>\u00a0a dodala, \u017ee rozvoj jej\u00edho atomov\u00e9ho arzen\u00e1lu je\u00a0<\/span><em><span>\u201euplatn\u011bn\u00edm pr\u00e1va na sebeobranu\u201c.<\/span><\/em><\/p>\n<p><span>Severn\u00ed Korea postupn\u011b eskalovala sv\u00e9 vlastn\u00ed raketov\u00e9 testy od Bidenova n\u00e1stupu do \u00fa\u0159adu v roce 2021 a pova\u017euje je za legitimn\u00ed reakci na zes\u00edlen\u00e1 americko-jihokorejsk\u00e1 vojensk\u00e1 cvi\u010den\u00ed v regionu.\u00a0Washington, Soul a dal\u0161\u00ed spojenci opakovan\u011b kritizovali starty jako provokativn\u00ed a nez\u00e1konn\u00e9 podle mezin\u00e1rodn\u00edho pr\u00e1va a trvaj\u00ed na tom, \u017ee jejich v\u00e1le\u010dn\u00e9 hry maj\u00ed \u010dist\u011b obrann\u00fd charakter.<\/span><\/p>\n<p><img decoding=\"async\" loading=\"lazy\" class=\"alignnone size-full wp-image-1185\" src=\"http:\/\/www.infokuryr.cz\/n\/wp-content\/uploads\/2021\/04\/kuryr-podpis.png\" alt=\"\" width=\"84\" height=\"24\" \/><\/p>\n<p>&nbsp;<\/p>\n<p>&nbsp;<\/p>\n<p>&nbsp;<\/p>\n","protected":false},"excerpt":{"rendered":"<p>KLDR uvedla, \u017ee Washington pou\u017e\u00edv\u00e1 sv\u016fj atomov\u00fd arzen\u00e1l k \u201evojensk\u00e9 hegemonii\u201c po cel\u00e9m sv\u011bt\u011b Severn\u00ed&#8230;<\/p>\n","protected":false},"author":2,"featured_media":39364,"comment_status":"closed","ping_status":"closed","sticky":false,"template":"","format":"standard","meta":[],"categories":[7],"tags":[502,1075,37],"_links":{"self":[{"href":"https:\/\/www.infokuryr.cz\/n\/wp-json\/wp\/v2\/posts\/39527"}],"collection":[{"href":"https:\/\/www.infokuryr.cz\/n\/wp-json\/wp\/v2\/posts"}],"about":[{"href":"https:\/\/www.infokuryr.cz\/n\/wp-json\/wp\/v2\/types\/post"}],"author":[{"embeddable":true,"href":"https:\/\/www.infokuryr.cz\/n\/wp-json\/wp\/v2\/users\/2"}],"replies":[{"embeddable":true,"href":"https:\/\/www.infokuryr.cz\/n\/wp-json\/wp\/v2\/comments?post=39527"}],"version-history":[{"count":0,"href":"https:\/\/www.infokuryr.cz\/n\/wp-json\/wp\/v2\/posts\/39527\/revisions"}],"wp:featuredmedia":[{"embeddable":true,"href":"https:\/\/www.infokuryr.cz\/n\/wp-json\/wp\/v2\/media\/39364"}],"wp:attachment":[{"href":"https:\/\/www.infokuryr.cz\/n\/wp-json\/wp\/v2\/media?parent=39527"}],"wp:term":[{"taxonomy":"category","embeddable":true,"href":"https:\/\/www.infokuryr.cz\/n\/wp-json\/wp\/v2\/categories?post=39527"},{"taxonomy":"post_tag","embeddable":true,"href":"https:\/\/www.infokuryr.cz\/n\/wp-json\/wp\/v2\/tags?post=39527"}],"curies":[{"name":"wp","href":"https:\/\/api.w.org\/{rel}","templated":true}]}}