{"id":39525,"date":"2023-11-03T06:22:27","date_gmt":"2023-11-03T05:22:27","guid":{"rendered":"http:\/\/www.infokuryr.cz\/n\/?p=39525"},"modified":"2023-11-03T06:22:27","modified_gmt":"2023-11-03T05:22:27","slug":"spojene-arabske-emiraty-zvazuji-v-indii-investici-za-50-miliard-dolaru","status":"publish","type":"post","link":"https:\/\/www.infokuryr.cz\/n\/2023\/11\/03\/spojene-arabske-emiraty-zvazuji-v-indii-investici-za-50-miliard-dolaru\/","title":{"rendered":"Spojen\u00e9 arabsk\u00e9 emir\u00e1ty zva\u017euj\u00ed v Indii investici za 50 miliard dolar\u016f"},"content":{"rendered":"<div id=\"fb-root\"><\/div>\n<p><span style=\"font-size: 18pt;\"><strong>Tato vyhl\u00eddka p\u0159ich\u00e1z\u00ed v pat\u00e1ch \u010dervencov\u00e9ho setk\u00e1n\u00ed premi\u00e9ra M\u00f3d\u00edho s \u0161ejkem Mohammedem bin Zayedem<\/strong><\/span><\/p>\n<p><span>Spojen\u00e9 arabsk\u00e9 emir\u00e1ty (SAE) uva\u017euj\u00ed o investici 50 miliard dolar\u016f v Indii uprost\u0159ed pos\u00edlen\u00ed obchodn\u00edch vazeb mezi dv\u011bma asijsk\u00fdmi ekonomick\u00fdmi velmocemi.\u00a0V r\u00e1mci snahy o pos\u00edlen\u00ed obchodn\u00edch vazeb ji\u017e subjekty napojen\u00e9 na \u0161ejka Tahnoona bin Zayeda Al Nahyana diskutovaly o pl\u00e1nech investovat miliardy dolar\u016f v t\u00e9to jihoasijsk\u00e9 zemi, uvedla agentura Bloomberg s odkazem na zdroje obezn\u00e1men\u00e9 s touto z\u00e1le\u017eitost\u00ed.\u00a0<\/span><\/p>\n<p><span>Tahnoon je bratr prezidenta Spojen\u00fdch arabsk\u00fdch emir\u00e1t\u016f Sheikh Mohammed bin Zayed\u016fv bratr a m\u00e1 \u00fazk\u00e9 vazby na Gautama Adaniho, indick\u00e9ho magn\u00e1ta, kter\u00fd je pova\u017eov\u00e1n za bl\u00edzk\u00e9ho premi\u00e9rovi Narendrovi Modimu.\u00a0N\u011bkter\u00e9 z investic by mohly zahrnovat suver\u00e9nn\u00ed investi\u010dn\u00ed fondy, jako je Abu Dhabi Investment Authority (ADIA), Mubadala Investment a ADQ.\u00a0Je pozoruhodn\u00e9, \u017ee Sheikh Tahnoor je p\u0159edsedou ADIA a ADQ.<\/span><\/p>\n<p><span>SAE by mohly ozn\u00e1mit prozat\u00edmn\u00ed z\u00e1vazky ji\u017e v p\u0159\u00ed\u0161t\u00edm roce, tvrd\u00ed zpr\u00e1va a dod\u00e1v\u00e1, \u017ee projedn\u00e1van\u00e9 dohody \u201e\u00a0<\/span><em><span>zahrnuj\u00ed pod\u00edly v kl\u00ed\u010dov\u00fdch indick\u00fdch infrastrukturn\u00edch projektech a st\u00e1tn\u00edch aktivech.\u00a0<\/span><\/em><span>&#8222;Je v\u0161ak nepravd\u011bpodobn\u00e9, \u017ee tyto &#8220;\u00a0<\/span><em><span>z\u00e1vazky<\/span><\/em><span>\u00a0&#8220; budou m\u00edt &#8220;\u00a0<\/span><em><span>jasn\u00e9 \u010dasov\u00e9 osy,<\/span><\/em><span>\u00a0&#8220; \u0159ekly zdroje.<\/span><\/p>\n<div class=\"read-more large read-more__right\" data-has-alias=\"\"><a href=\"https:\/\/stranapro.cz\/\"><img decoding=\"async\" loading=\"lazy\" class=\"wp-image-30218 aligncenter\" src=\"http:\/\/www.infokuryr.cz\/n\/wp-content\/uploads\/2023\/06\/PRO-banner-300x36.png\" alt=\"\" width=\"1367\" height=\"164\" srcset=\"https:\/\/www.infokuryr.cz\/n\/wp-content\/uploads\/2023\/06\/PRO-banner-300x36.png 300w, https:\/\/www.infokuryr.cz\/n\/wp-content\/uploads\/2023\/06\/PRO-banner-768x93.png 768w, https:\/\/www.infokuryr.cz\/n\/wp-content\/uploads\/2023\/06\/PRO-banner.png 849w\" sizes=\"(max-width: 1367px) 100vw, 1367px\" \/><\/a><\/div>\n<p><span>Investice by pravd\u011bpodobn\u011b n\u00e1sledovaly po Modiho n\u00e1v\u0161t\u011bv\u011b zem\u011b Persk\u00e9ho z\u00e1livu v \u010dervenci 2024. Indick\u00fd premi\u00e9r ned\u00e1vno nav\u0161t\u00edvil Ab\u00fa Dhab\u00ed pop\u00e1t\u00e9 od sv\u00e9ho n\u00e1stupu do \u00fa\u0159adu p\u0159ed dev\u00edti lety.\u00a0Posledn\u00ed indickou p\u0159edsedkyn\u00ed vl\u00e1dy, kter\u00e1 nav\u0161t\u00edvila zemi Persk\u00e9ho z\u00e1livu, byla Indira G\u00e1ndh\u00edov\u00e1 v roce 1981. O\u010dek\u00e1van\u00e9 dohody by nabyly mimo\u0159\u00e1dn\u00e9ho v\u00fdznamu, proto\u017ee Modi p\u0159\u00ed\u0161t\u00ed rok usiluje o t\u0159et\u00ed funk\u010dn\u00ed obdob\u00ed indick\u00e9ho premi\u00e9ra.<\/span><\/p>\n<p><span>Vize Spojen\u00fdch arabsk\u00fdch emir\u00e1t\u016f investovat v Indii, nejrychleji rostouc\u00ed velk\u00e9 ekonomice na sv\u011bt\u011b, p\u0159ich\u00e1z\u00ed v pat\u00e1ch Katarsk\u00e9ho investi\u010dn\u00edho \u00fa\u0159adu a sa\u00fadskoarabsk\u00e9ho ve\u0159ejn\u00e9ho investi\u010dn\u00edho fondu, kter\u00fd v t\u00e9to zemi investuje.<\/span><\/p>\n<p><span>V srpnu Reliance Retail Ventures Limited (RRVL), dce\u0159in\u00e1 spole\u010dnost Reliance Industries Limited, vlastn\u011bn\u00e9 nejbohat\u0161\u00edm mu\u017eem Indie Mukesh Ambanim, ozn\u00e1mila, \u017ee p\u0159il\u00e1kala investice ve v\u00fd\u0161i 1,1 miliardy dolar\u016f od Qatar Investment Authority (QIA).\u00a0Sa\u00fadsk\u00e1 Ar\u00e1bie je na druh\u00e9 stran\u011b 19. nejv\u011bt\u0161\u00edm zahrani\u010dn\u00edm investorem v Indii s kumulativn\u00ed \u00fatratou 3,2 miliardy dolar\u016f od dubna 2000 do b\u0159ezna 2023, uv\u00e1d\u00ed vl\u00e1dn\u00ed port\u00e1l Invest India.<\/span><\/p>\n<p><span>Tento nejnov\u011bj\u0161\u00ed v\u00fdvoj p\u0159ich\u00e1z\u00ed uprost\u0159ed snah Nov\u00e9ho Dill\u00ed a Ab\u00fa Zab\u00ed zv\u00fd\u0161it bilater\u00e1ln\u00ed obchod s neropou na 100 miliard dolar\u016f.\u00a0Podle agentury Reuters \u010dinil dvoustrann\u00fd obchod mezi Indi\u00ed a Spojen\u00fdmi arabsk\u00fdmi emir\u00e1ty v letech 2022-23 84,5 miliardy dolar\u016f.<\/span><\/p>\n<p><img decoding=\"async\" loading=\"lazy\" class=\"alignnone size-full wp-image-1185\" src=\"http:\/\/www.infokuryr.cz\/n\/wp-content\/uploads\/2021\/04\/kuryr-podpis.png\" alt=\"\" width=\"84\" height=\"24\" \/><\/p>\n<p>&nbsp;<\/p>\n<p>&nbsp;<\/p>\n","protected":false},"excerpt":{"rendered":"<p>Tato vyhl\u00eddka p\u0159ich\u00e1z\u00ed v pat\u00e1ch \u010dervencov\u00e9ho setk\u00e1n\u00ed premi\u00e9ra M\u00f3d\u00edho s \u0161ejkem Mohammedem bin Zayedem Spojen\u00e9&#8230;<\/p>\n","protected":false},"author":2,"featured_media":39526,"comment_status":"closed","ping_status":"closed","sticky":false,"template":"","format":"standard","meta":[],"categories":[7],"tags":[79,286,5884],"_links":{"self":[{"href":"https:\/\/www.infokuryr.cz\/n\/wp-json\/wp\/v2\/posts\/39525"}],"collection":[{"href":"https:\/\/www.infokuryr.cz\/n\/wp-json\/wp\/v2\/posts"}],"about":[{"href":"https:\/\/www.infokuryr.cz\/n\/wp-json\/wp\/v2\/types\/post"}],"author":[{"embeddable":true,"href":"https:\/\/www.infokuryr.cz\/n\/wp-json\/wp\/v2\/users\/2"}],"replies":[{"embeddable":true,"href":"https:\/\/www.infokuryr.cz\/n\/wp-json\/wp\/v2\/comments?post=39525"}],"version-history":[{"count":0,"href":"https:\/\/www.infokuryr.cz\/n\/wp-json\/wp\/v2\/posts\/39525\/revisions"}],"wp:featuredmedia":[{"embeddable":true,"href":"https:\/\/www.infokuryr.cz\/n\/wp-json\/wp\/v2\/media\/39526"}],"wp:attachment":[{"href":"https:\/\/www.infokuryr.cz\/n\/wp-json\/wp\/v2\/media?parent=39525"}],"wp:term":[{"taxonomy":"category","embeddable":true,"href":"https:\/\/www.infokuryr.cz\/n\/wp-json\/wp\/v2\/categories?post=39525"},{"taxonomy":"post_tag","embeddable":true,"href":"https:\/\/www.infokuryr.cz\/n\/wp-json\/wp\/v2\/tags?post=39525"}],"curies":[{"name":"wp","href":"https:\/\/api.w.org\/{rel}","templated":true}]}}