{"id":39522,"date":"2023-11-03T06:10:30","date_gmt":"2023-11-03T05:10:30","guid":{"rendered":"http:\/\/www.infokuryr.cz\/n\/?p=39522"},"modified":"2023-11-03T06:10:30","modified_gmt":"2023-11-03T05:10:30","slug":"hamas-slibuje-ze-invazi-do-gazy-ucini-pro-izrael-prokletim","status":"publish","type":"post","link":"https:\/\/www.infokuryr.cz\/n\/2023\/11\/03\/hamas-slibuje-ze-invazi-do-gazy-ucini-pro-izrael-prokletim\/","title":{"rendered":"Hamas slibuje, \u017ee invazi do Gazy u\u010din\u00ed pro Izrael \u201eproklet\u00edm\u201c"},"content":{"rendered":"<div id=\"fb-root\"><\/div>\n<p><span style=\"font-size: 18pt;\"><strong>Izraelsk\u00e9 obrann\u00e9 s\u00edly ve \u010dtvrtek d\u0159\u00edve uvedly, \u017ee obkl\u00ed\u010dily m\u011bsto Gaza v severn\u00ed \u010d\u00e1sti enkl\u00e1vy<\/strong><\/span><\/p>\n<p><span>Pokra\u010duj\u00edc\u00ed izraelsk\u00e1 pozemn\u00ed operace v Gaze bude m\u00edt pro z\u00e1padn\u00ed Jeruzal\u00e9m katastrof\u00e1ln\u00ed n\u00e1sledky, uvedlo ve \u010dtvrtek podle agentury AFP vojensk\u00e9 k\u0159\u00eddlo Hamasu, brig\u00e1dy Al-Kas\u00e1m.<\/span><\/p>\n<p><em><span>&#8222;Gaza bude pro Izrael proklet\u00edm d\u011bjin,&#8220;<\/span><\/em><span>\u00a0uvedl mluv\u010d\u00ed militantn\u00ed skupiny Abu Obeida ve zvukov\u00e9m projevu, uvedla tiskov\u00e1 agentura.\u00a0\u0158ekl tak\u00e9 Izraeli, aby o\u010dek\u00e1val t\u011b\u017ek\u00e9 ztr\u00e1ty mezi sv\u00fdmi silami, a dodal, \u017ee v\u00edce izraelsk\u00fdch voj\u00e1k\u016f se\u00a0<\/span><em><span>\u201evr\u00e1t\u00ed v \u010dern\u00fdch pytl\u00edch\u201c.<\/span><\/em><\/p>\n<p><span>Izraelsk\u00e9 obrann\u00e9 s\u00edly (IDF) zat\u00edm potvrdily smrt 17 sv\u00fdch voj\u00e1k\u016f v prob\u00edhaj\u00edc\u00ed operaci.\u00a0D\u0159\u00edve ve \u010dtvrtek mluv\u010d\u00ed IDF Daniel Hagari \u0159ekl, \u017ee izraelsk\u00e9 s\u00edly pln\u011b obkl\u00ed\u010dily m\u011bsto Gaza v severn\u00ed \u010d\u00e1sti enkl\u00e1vy.<\/span><\/p>\n<p><em><span>&#8222;Izrael\u0161t\u00ed voj\u00e1ci dokon\u010dili obkl\u00ed\u010den\u00ed m\u011bsta Gazy, centra teroristick\u00e9 organizace Ham\u00e1s,&#8220;<\/span><\/em><span>\u00a0\u0159ekl novin\u00e1\u0159\u016fm.\u00a0Izraelsk\u00e1 arm\u00e1da tak\u00e9 vylou\u010dila my\u0161lenku na p\u0159\u00edm\u011b\u0159\u00ed v bl\u00edzk\u00e9 budoucnosti.\u00a0<\/span><em><span>&#8222;Koncept p\u0159\u00edm\u011b\u0159\u00ed nen\u00ed v sou\u010dasn\u00e9 dob\u011b v\u016fbec na stole,&#8220;<\/span><\/em><span>\u00a0odpov\u011bd\u011bl Hagari, kdy\u017e byl dot\u00e1z\u00e1n na tento probl\u00e9m.<\/span><\/p>\n<p><a href=\"https:\/\/stranapro.cz\/\"><img decoding=\"async\" loading=\"lazy\" class=\"wp-image-30218 aligncenter\" src=\"http:\/\/www.infokuryr.cz\/n\/wp-content\/uploads\/2023\/06\/PRO-banner-300x36.png\" alt=\"\" width=\"1367\" height=\"164\" srcset=\"https:\/\/www.infokuryr.cz\/n\/wp-content\/uploads\/2023\/06\/PRO-banner-300x36.png 300w, https:\/\/www.infokuryr.cz\/n\/wp-content\/uploads\/2023\/06\/PRO-banner-768x93.png 768w, https:\/\/www.infokuryr.cz\/n\/wp-content\/uploads\/2023\/06\/PRO-banner.png 849w\" sizes=\"(max-width: 1367px) 100vw, 1367px\" \/><\/a><\/p>\n<p><span>Z\u00e1padn\u00ed Jeruzal\u00e9m \u010del\u00ed rostouc\u00edmu tlaku OSN a humanit\u00e1rn\u00edch skupin na p\u0159\u00edm\u011b\u0159\u00ed kv\u016fli rostouc\u00edmu po\u010dtu ob\u011bt\u00ed mezi civilisty v Gaze a obav\u00e1m z roz\u0161\u00ed\u0159en\u00ed konfliktu jinde na Bl\u00edzk\u00e9m v\u00fdchod\u011b.<\/span><\/p>\n<p><span>Americk\u00fd prezident Joe Biden se ve st\u0159edu zastavil p\u0159ed vol\u00e1n\u00edm po \u00fapln\u00e9m zastaven\u00ed nep\u0159\u00e1telstv\u00ed a m\u00edsto toho vyzval k\u00a0<\/span><em><span>\u201ehumanit\u00e1rn\u00ed pauze\u201c<\/span><\/em><span>\u00a0.<\/span><\/p>\n<p><span>Americk\u00fd ministr zahrani\u010d\u00ed Antony Blinken tento t\u00fdden tak\u00e9 prohl\u00e1sil, \u017ee Washington je\u00a0<\/span><em><span>\u201eodhodl\u00e1n zabr\u00e1nit jak\u00e9koli eskalaci\u201c<\/span><\/em><span>\u00a0prob\u00edhaj\u00edc\u00edho konfliktu.<\/span><\/p>\n<p><span>Mezit\u00edm po\u010det ob\u011bt\u00ed v Gaze od 7. \u0159\u00edjna p\u0159es\u00e1hl 8800 lid\u00ed, v\u010detn\u011b v\u00edce ne\u017e 3600 d\u011bt\u00ed, uvedla ve \u010dtvrtek OSN s odvol\u00e1n\u00edm na m\u00edstn\u00ed zdravotnick\u00e9 \u00fa\u0159ady.\u00a0Asi 22 240 lid\u00ed v palestinsk\u00e9 enkl\u00e1v\u011b bylo zran\u011bno, dodal.<\/span><\/p>\n<p><span>Mezin\u00e1rodn\u00ed organizace tak\u00e9 odsoudila n\u00e1let, kter\u00fd IDF zah\u00e1jily ve st\u0159edu a kter\u00fd se zam\u011b\u0159il na hust\u011b obydlen\u00fd uprchlick\u00fd t\u00e1bor Jabalia v severn\u00ed Gaze, s argumentem, \u017ee takov\u00e9 akce\u00a0<\/span><em><span>\u201eby mohly p\u0159edstavovat v\u00e1le\u010dn\u00e9 zlo\u010diny\u201c.\u00a0<\/span><\/em><span>Izrael trval na tom, \u017ee se zam\u011b\u0159oval na\u00a0<\/span><em><span>\u201eteroristickou infrastrukturu\u201c<\/span><\/em><span>\u00a0vybudovanou v bl\u00edzkosti civiln\u00edch budov a jednal\u00a0<\/span><em><span>\u201ena z\u00e1klad\u011b p\u0159esn\u00e9 zpravodajsk\u00e9 slu\u017eby\u201c.<\/span><\/em><\/p>\n<p><span>Ham\u00e1s uvedl, \u017ee \u017e\u00e1dn\u00fd z jeho v\u016fdc\u016f nebyl v dob\u011b st\u00e1vky p\u0159\u00edtomen v t\u00e1bo\u0159e Jabalia.<\/span><\/p>\n<p><img decoding=\"async\" loading=\"lazy\" class=\"alignnone size-full wp-image-1185\" src=\"http:\/\/www.infokuryr.cz\/n\/wp-content\/uploads\/2021\/04\/kuryr-podpis.png\" alt=\"\" width=\"84\" height=\"24\" \/><\/p>\n<p>&nbsp;<\/p>\n<p>&nbsp;<\/p>\n","protected":false},"excerpt":{"rendered":"<p>Izraelsk\u00e9 obrann\u00e9 s\u00edly ve \u010dtvrtek d\u0159\u00edve uvedly, \u017ee obkl\u00ed\u010dily m\u011bsto Gaza v severn\u00ed \u010d\u00e1sti enkl\u00e1vy&#8230;<\/p>\n","protected":false},"author":2,"featured_media":37876,"comment_status":"closed","ping_status":"closed","sticky":false,"template":"","format":"standard","meta":[],"categories":[7],"tags":[348,347,107],"_links":{"self":[{"href":"https:\/\/www.infokuryr.cz\/n\/wp-json\/wp\/v2\/posts\/39522"}],"collection":[{"href":"https:\/\/www.infokuryr.cz\/n\/wp-json\/wp\/v2\/posts"}],"about":[{"href":"https:\/\/www.infokuryr.cz\/n\/wp-json\/wp\/v2\/types\/post"}],"author":[{"embeddable":true,"href":"https:\/\/www.infokuryr.cz\/n\/wp-json\/wp\/v2\/users\/2"}],"replies":[{"embeddable":true,"href":"https:\/\/www.infokuryr.cz\/n\/wp-json\/wp\/v2\/comments?post=39522"}],"version-history":[{"count":0,"href":"https:\/\/www.infokuryr.cz\/n\/wp-json\/wp\/v2\/posts\/39522\/revisions"}],"wp:featuredmedia":[{"embeddable":true,"href":"https:\/\/www.infokuryr.cz\/n\/wp-json\/wp\/v2\/media\/37876"}],"wp:attachment":[{"href":"https:\/\/www.infokuryr.cz\/n\/wp-json\/wp\/v2\/media?parent=39522"}],"wp:term":[{"taxonomy":"category","embeddable":true,"href":"https:\/\/www.infokuryr.cz\/n\/wp-json\/wp\/v2\/categories?post=39522"},{"taxonomy":"post_tag","embeddable":true,"href":"https:\/\/www.infokuryr.cz\/n\/wp-json\/wp\/v2\/tags?post=39522"}],"curies":[{"name":"wp","href":"https:\/\/api.w.org\/{rel}","templated":true}]}}