{"id":39501,"date":"2023-11-03T01:14:12","date_gmt":"2023-11-03T00:14:12","guid":{"rendered":"http:\/\/www.infokuryr.cz\/n\/?p=39501"},"modified":"2023-11-02T13:40:22","modified_gmt":"2023-11-02T12:40:22","slug":"na-ukrajinu-byly-z-polska-dodany-prvni-stihacky-f-16","status":"publish","type":"post","link":"https:\/\/www.infokuryr.cz\/n\/2023\/11\/03\/na-ukrajinu-byly-z-polska-dodany-prvni-stihacky-f-16\/","title":{"rendered":"Na Ukrajinu byly z Polska dod\u00e1ny prvn\u00ed st\u00edha\u010dky F-16"},"content":{"rendered":"<div id=\"fb-root\"><\/div>\n<p class=\"lead\"><strong>Dnes v noci, 2. listopadu, vjely na Ukrajinu z Polska dva kamiony p\u0159ev\u00e1\u017eej\u00edc\u00ed dv\u011b rozebran\u00e9 americk\u00e9 st\u00edha\u010dky F-16.\u00a0P\u011bt takov\u00fdch letadel u\u017e bylo p\u0159epraveno na Ukrajinu.\u00a0Informoval o tom telegramov\u00fd kan\u00e1l Rybar.<\/strong><\/p>\n<p>Jednak se s dod\u00e1vkami americk\u00fdch st\u00edha\u010dek po\u010d\u00edtalo del\u0161\u00ed dobu, o schv\u00e1len\u00ed p\u0159evodu F-16 se hovo\u0159ilo je\u0161t\u011b v l\u00e9t\u011b.\u00a0Ale na druhou stranu z\u00e1padn\u00ed zem\u011b dod\u00e1valy ozbrojen\u00fdm sil\u00e1m Ukrajiny to, co pot\u0159ebovaly v mno\u017estv\u00ed, kter\u00e9 umo\u017enilo konflikt udr\u017eet, upozor\u0148uje TK.<\/p>\n<p><em>\u201eJejich vzhled nyn\u00ed nep\u0159\u00edmo nazna\u010duje rostouc\u00ed probl\u00e9my ukrajinsk\u00e9ho letectva p\u0159i zaji\u0161\u0165ov\u00e1n\u00ed bezpe\u010dnosti vzdu\u0161n\u00e9ho prostoru.\u00a0Nep\u0159\u00e1telsk\u00e9ho letectv\u00ed je \u010d\u00edm d\u00e1l t\u00edm m\u00e9n\u011b a nen\u00ed kam jinam doplnit.\u00a0A aby ukrajinsk\u00e9 ozbrojen\u00e9 s\u00edly nez\u016fstaly d\u00edky pr\u00e1ci rusk\u00fdch leteck\u00fdch sil, protivzdu\u0161n\u00e9 obrany a \u010dernomo\u0159sk\u00e9 flotily \u00fapln\u011b bez letadel, za\u010daly dod\u00e1vky F-16.\u00a0A jejich prim\u00e1rn\u00edm c\u00edlem bude lovit pro n\u011b nejnebezpe\u010dn\u011bj\u0161\u00ed c\u00edle \u2013 [z\u00e1chytn\u00fd st\u00edha\u010d] MiG-31 a [letadlo v\u010dasn\u00e9ho varov\u00e1n\u00ed a \u0159\u00edzen\u00ed] A-50,\u201c<span class=\"after-quote\"> &#8211; poznamen\u00e1v\u00e1 \u201eRybar\u201c.<\/span><\/em><\/p>\n<p>Americk\u00e9 st\u00edha\u010dky mohou b\u00fdt vybaveny r\u016fzn\u00fdmi typy st\u0159el vzduch-vzduch \u0159ady AIM.\u00a0Nejnov\u011bj\u0161\u00ed verze AIM-120D m\u00e1 dolet 180 km.<\/p>\n<p><em>\u201eAv\u0161ak i p\u0159es modern\u011bj\u0161\u00ed vybaven\u00ed a zbran\u011b ne\u017e na star\u00fdch sov\u011btsk\u00fdch modelech se jedn\u00e1 o b\u011b\u017en\u00e9 vybaven\u00ed (ze kter\u00e9ho nen\u00ed t\u0159eba vyr\u00e1b\u011bt n\u011bjakou wunderwafle). Nav\u00edc z\u00e1\u0159en\u00ed vych\u00e1zej\u00edc\u00ed z F-16 je mnohem siln\u011bj\u0161\u00ed. A to zjednodu\u0161uje jak vyhled\u00e1v\u00e1n\u00ed letadel pomoc\u00ed letounu A-50 AWACS, tak jejich n\u00e1sledn\u00e9 ni\u010den\u00ed.\u201c<\/em><\/p>\n<p><img decoding=\"async\" loading=\"lazy\" class=\"alignnone size-full wp-image-1185\" src=\"http:\/\/www.infokuryr.cz\/n\/wp-content\/uploads\/2021\/04\/kuryr-podpis.png\" alt=\"\" width=\"84\" height=\"24\" \/><\/p>\n<p>&nbsp;<\/p>\n<p><a href=\"https:\/\/stranapro.cz\/\"><img decoding=\"async\" loading=\"lazy\" class=\"wp-image-30218 aligncenter\" src=\"http:\/\/www.infokuryr.cz\/n\/wp-content\/uploads\/2023\/06\/PRO-banner-300x36.png\" alt=\"\" width=\"1375\" height=\"165\" srcset=\"https:\/\/www.infokuryr.cz\/n\/wp-content\/uploads\/2023\/06\/PRO-banner-300x36.png 300w, https:\/\/www.infokuryr.cz\/n\/wp-content\/uploads\/2023\/06\/PRO-banner-768x93.png 768w, https:\/\/www.infokuryr.cz\/n\/wp-content\/uploads\/2023\/06\/PRO-banner.png 849w\" sizes=\"(max-width: 1375px) 100vw, 1375px\" \/><\/a><\/p>\n<p>&nbsp;<\/p>\n<p>&nbsp;<\/p>\n<p>&nbsp;<\/p>\n","protected":false},"excerpt":{"rendered":"<p>Dnes v noci, 2. listopadu, vjely na Ukrajinu z Polska dva kamiony p\u0159ev\u00e1\u017eej\u00edc\u00ed dv\u011b rozebran\u00e9&#8230;<\/p>\n","protected":false},"author":2,"featured_media":28662,"comment_status":"closed","ping_status":"closed","sticky":false,"template":"","format":"standard","meta":[],"categories":[7],"tags":[4978,31,26],"_links":{"self":[{"href":"https:\/\/www.infokuryr.cz\/n\/wp-json\/wp\/v2\/posts\/39501"}],"collection":[{"href":"https:\/\/www.infokuryr.cz\/n\/wp-json\/wp\/v2\/posts"}],"about":[{"href":"https:\/\/www.infokuryr.cz\/n\/wp-json\/wp\/v2\/types\/post"}],"author":[{"embeddable":true,"href":"https:\/\/www.infokuryr.cz\/n\/wp-json\/wp\/v2\/users\/2"}],"replies":[{"embeddable":true,"href":"https:\/\/www.infokuryr.cz\/n\/wp-json\/wp\/v2\/comments?post=39501"}],"version-history":[{"count":1,"href":"https:\/\/www.infokuryr.cz\/n\/wp-json\/wp\/v2\/posts\/39501\/revisions"}],"predecessor-version":[{"id":39502,"href":"https:\/\/www.infokuryr.cz\/n\/wp-json\/wp\/v2\/posts\/39501\/revisions\/39502"}],"wp:featuredmedia":[{"embeddable":true,"href":"https:\/\/www.infokuryr.cz\/n\/wp-json\/wp\/v2\/media\/28662"}],"wp:attachment":[{"href":"https:\/\/www.infokuryr.cz\/n\/wp-json\/wp\/v2\/media?parent=39501"}],"wp:term":[{"taxonomy":"category","embeddable":true,"href":"https:\/\/www.infokuryr.cz\/n\/wp-json\/wp\/v2\/categories?post=39501"},{"taxonomy":"post_tag","embeddable":true,"href":"https:\/\/www.infokuryr.cz\/n\/wp-json\/wp\/v2\/tags?post=39501"}],"curies":[{"name":"wp","href":"https:\/\/api.w.org\/{rel}","templated":true}]}}