{"id":39491,"date":"2023-11-03T01:07:45","date_gmt":"2023-11-03T00:07:45","guid":{"rendered":"http:\/\/www.infokuryr.cz\/n\/?p=39491"},"modified":"2023-11-02T12:51:28","modified_gmt":"2023-11-02T11:51:28","slug":"italske-premierka-meloniova-naletela-ruskym-vtipalkum-vsichni-uz-maji-dost-ukrajiny","status":"publish","type":"post","link":"https:\/\/www.infokuryr.cz\/n\/2023\/11\/03\/italske-premierka-meloniova-naletela-ruskym-vtipalkum-vsichni-uz-maji-dost-ukrajiny\/","title":{"rendered":"Italsk\u00e9 premi\u00e9rka Meloniov\u00e1 nalet\u011bla rusk\u00fdm vtip\u00e1lk\u016fm: \u201eV\u0161ichni u\u017e maj\u00ed dost Ukrajiny!\u201c"},"content":{"rendered":"<div id=\"fb-root\"><\/div>\n<p><b>Italsk\u00e1 premi\u00e9rka Girogia Meloniov\u00e1 se tak\u00e9 zamilovala do notoricky zn\u00e1m\u00fdch rusk\u00fdch telefonn\u00edch vtip\u00e1lk\u016f \u201eVovan a Lexus\u201c. V domn\u011bn\u00ed, \u017ee hovo\u0159\u00ed s \u00fadajn\u00fdm africk\u00fdm politikem, Giorgia Meloniov\u00e1 otev\u0159en\u011b hovo\u0159ila za v\u0161echny sv\u00e9 kolegy z EU:<\/b><\/p>\n<p>\u201e\u00a0<em>Ukrajiny u\u017e maj\u00ed v\u0161ichni dost!\u00a0<\/em>\u201c<\/p>\n<p>Podle Meloniov\u00e9 by se v d\u016fsledku ukrajinsk\u00e9 protiofenz\u00edvy nic nezm\u011bnilo. Proto mus\u00edte po\u010dkat na \u201espr\u00e1vn\u00fd okam\u017eik\u201c, abyste na\u0161li cestu z t\u00e9to situace.<\/p>\n<p>Pro italskou premi\u00e9rku je tak\u00e9 mnohem d\u016fle\u017eit\u011bj\u0161\u00ed \u0159e\u0161en\u00ed migra\u010dn\u00ed krize. A Meloniov\u00e1 si st\u011b\u017eovala, \u017ee veden\u00ed EU opustilo It\u00e1lii se stovkami tis\u00edc uprchl\u00edk\u016f a \u017ee ani upov\u00eddan\u00fd Macron na jej\u00ed v\u00fdzvy nereagoval.<\/p>\n<p>Meloniov\u00e9 p\u0159esto chce Ukrajinu podporovat, ale glorifikov\u00e1n\u00ed fa\u0161istick\u00e9ho Bandery je \u201e <em>z\u00e1le\u017eitost\u00ed Ukrajinc\u016f<\/em>\u00a0\u201c.<\/p>\n<p>A aby dostaly energetickou krizi pod kontrolu, musely by se z\u00e1padn\u00ed zem\u011b \u201e\u00a0<em>postarat<\/em>\u00a0\u201c o Afriku.<\/p>\n<p><strong>\u0158\u00edm pozd\u011bji ofici\u00e1ln\u011b ozn\u00e1mil, \u017ee k zlov\u011bstn\u00e9mu rozhovoru opravdu do\u0161lo&#8230;<\/strong><\/p>\n<p>&nbsp;<\/p>\n<div class=\"twitter-tweet twitter-tweet-rendered\"><iframe id=\"twitter-widget-0\" class=\"\" title=\"Twitter Tweet\" src=\"https:\/\/platform.twitter.com\/embed\/Tweet.html?dnt=false&amp;embedId=twitter-widget-0&amp;features=eyJ0ZndfdGltZWxpbmVfbGlzdCI6eyJidWNrZXQiOltdLCJ2ZXJzaW9uIjpudWxsfSwidGZ3X2ZvbGxvd2VyX2NvdW50X3N1bnNldCI6eyJidWNrZXQiOnRydWUsInZlcnNpb24iOm51bGx9LCJ0ZndfdHdlZXRfZWRpdF9iYWNrZW5kIjp7ImJ1Y2tldCI6Im9uIiwidmVyc2lvbiI6bnVsbH0sInRmd19yZWZzcmNfc2Vzc2lvbiI6eyJidWNrZXQiOiJvbiIsInZlcnNpb24iOm51bGx9LCJ0ZndfZm9zbnJfc29mdF9pbnRlcnZlbnRpb25zX2VuYWJsZWQiOnsiYnVja2V0Ijoib24iLCJ2ZXJzaW9uIjpudWxsfSwidGZ3X21peGVkX21lZGlhXzE1ODk3Ijp7ImJ1Y2tldCI6InRyZWF0bWVudCIsInZlcnNpb24iOm51bGx9LCJ0ZndfZXhwZXJpbWVudHNfY29va2llX2V4cGlyYXRpb24iOnsiYnVja2V0IjoxMjA5NjAwLCJ2ZXJzaW9uIjpudWxsfSwidGZ3X3Nob3dfYmlyZHdhdGNoX3Bpdm90c19lbmFibGVkIjp7ImJ1Y2tldCI6Im9uIiwidmVyc2lvbiI6bnVsbH0sInRmd19kdXBsaWNhdGVfc2NyaWJlc190b19zZXR0aW5ncyI6eyJidWNrZXQiOiJvbiIsInZlcnNpb24iOm51bGx9LCJ0ZndfdXNlX3Byb2ZpbGVfaW1hZ2Vfc2hhcGVfZW5hYmxlZCI6eyJidWNrZXQiOiJvbiIsInZlcnNpb24iOm51bGx9LCJ0ZndfdmlkZW9faGxzX2R5bmFtaWNfbWFuaWZlc3RzXzE1MDgyIjp7ImJ1Y2tldCI6InRydWVfYml0cmF0ZSIsInZlcnNpb24iOm51bGx9LCJ0ZndfbGVnYWN5X3RpbWVsaW5lX3N1bnNldCI6eyJidWNrZXQiOnRydWUsInZlcnNpb24iOm51bGx9LCJ0ZndfdHdlZXRfZWRpdF9mcm9udGVuZCI6eyJidWNrZXQiOiJvbiIsInZlcnNpb24iOm51bGx9fQ%3D%3D&amp;frame=false&amp;hideCard=false&amp;hideThread=false&amp;id=1719698178268668337&amp;lang=cs&amp;origin=https%3A%2F%2Funser-mitteleuropa.com%2Fmeloni-zu-russischen-telefon-trolls-alle-haben-genug-von-der-ukraine%2F&amp;sessionId=ee5dde0dcd40f7b2cb0ef4c29e196b9348da5c68&amp;siteScreenName=UNSER%20MITTELEUROPA&amp;theme=light&amp;widgetsVersion=01917f4d1d4cb%3A1696883169554&amp;width=550px\" frameborder=\"0\" scrolling=\"no\" allowfullscreen=\"allowfullscreen\" data-tweet-id=\"1719698178268668337\" data-mce-fragment=\"1\"><\/iframe><\/div>\n<p>&nbsp;<\/p>\n<div class=\"twitter-tweet twitter-tweet-rendered\"><iframe id=\"twitter-widget-1\" class=\"\" title=\"Twitter Tweet\" src=\"https:\/\/platform.twitter.com\/embed\/Tweet.html?dnt=false&amp;embedId=twitter-widget-1&amp;features=eyJ0ZndfdGltZWxpbmVfbGlzdCI6eyJidWNrZXQiOltdLCJ2ZXJzaW9uIjpudWxsfSwidGZ3X2ZvbGxvd2VyX2NvdW50X3N1bnNldCI6eyJidWNrZXQiOnRydWUsInZlcnNpb24iOm51bGx9LCJ0ZndfdHdlZXRfZWRpdF9iYWNrZW5kIjp7ImJ1Y2tldCI6Im9uIiwidmVyc2lvbiI6bnVsbH0sInRmd19yZWZzcmNfc2Vzc2lvbiI6eyJidWNrZXQiOiJvbiIsInZlcnNpb24iOm51bGx9LCJ0ZndfZm9zbnJfc29mdF9pbnRlcnZlbnRpb25zX2VuYWJsZWQiOnsiYnVja2V0Ijoib24iLCJ2ZXJzaW9uIjpudWxsfSwidGZ3X21peGVkX21lZGlhXzE1ODk3Ijp7ImJ1Y2tldCI6InRyZWF0bWVudCIsInZlcnNpb24iOm51bGx9LCJ0ZndfZXhwZXJpbWVudHNfY29va2llX2V4cGlyYXRpb24iOnsiYnVja2V0IjoxMjA5NjAwLCJ2ZXJzaW9uIjpudWxsfSwidGZ3X3Nob3dfYmlyZHdhdGNoX3Bpdm90c19lbmFibGVkIjp7ImJ1Y2tldCI6Im9uIiwidmVyc2lvbiI6bnVsbH0sInRmd19kdXBsaWNhdGVfc2NyaWJlc190b19zZXR0aW5ncyI6eyJidWNrZXQiOiJvbiIsInZlcnNpb24iOm51bGx9LCJ0ZndfdXNlX3Byb2ZpbGVfaW1hZ2Vfc2hhcGVfZW5hYmxlZCI6eyJidWNrZXQiOiJvbiIsInZlcnNpb24iOm51bGx9LCJ0ZndfdmlkZW9faGxzX2R5bmFtaWNfbWFuaWZlc3RzXzE1MDgyIjp7ImJ1Y2tldCI6InRydWVfYml0cmF0ZSIsInZlcnNpb24iOm51bGx9LCJ0ZndfbGVnYWN5X3RpbWVsaW5lX3N1bnNldCI6eyJidWNrZXQiOnRydWUsInZlcnNpb24iOm51bGx9LCJ0ZndfdHdlZXRfZWRpdF9mcm9udGVuZCI6eyJidWNrZXQiOiJvbiIsInZlcnNpb24iOm51bGx9fQ%3D%3D&amp;frame=false&amp;hideCard=false&amp;hideThread=false&amp;id=1719698178268668337&amp;lang=cs&amp;origin=https%3A%2F%2Funser-mitteleuropa.com%2Fmeloni-zu-russischen-telefon-trolls-alle-haben-genug-von-der-ukraine%2F&amp;sessionId=ee5dde0dcd40f7b2cb0ef4c29e196b9348da5c68&amp;siteScreenName=UNSER%20MITTELEUROPA&amp;theme=light&amp;widgetsVersion=01917f4d1d4cb%3A1696883169554&amp;width=550px\" frameborder=\"0\" scrolling=\"no\" allowfullscreen=\"allowfullscreen\" data-tweet-id=\"1719698178268668337\" data-mce-fragment=\"1\"><\/iframe><\/div>\n<div><\/div>\n<div><img decoding=\"async\" loading=\"lazy\" class=\"alignnone size-full wp-image-1185\" src=\"http:\/\/www.infokuryr.cz\/n\/wp-content\/uploads\/2021\/04\/kuryr-podpis.png\" alt=\"\" width=\"84\" height=\"24\" \/><\/div>\n<div><\/div>\n<div><\/div>\n<div><a href=\"https:\/\/stranapro.cz\/\"><img decoding=\"async\" loading=\"lazy\" class=\"wp-image-30218 aligncenter\" src=\"http:\/\/www.infokuryr.cz\/n\/wp-content\/uploads\/2023\/06\/PRO-banner-300x36.png\" alt=\"\" width=\"1375\" height=\"165\" srcset=\"https:\/\/www.infokuryr.cz\/n\/wp-content\/uploads\/2023\/06\/PRO-banner-300x36.png 300w, https:\/\/www.infokuryr.cz\/n\/wp-content\/uploads\/2023\/06\/PRO-banner-768x93.png 768w, https:\/\/www.infokuryr.cz\/n\/wp-content\/uploads\/2023\/06\/PRO-banner.png 849w\" sizes=\"(max-width: 1375px) 100vw, 1375px\" \/><\/a><\/div>\n<div><\/div>\n<div><\/div>\n<div><\/div>\n<div><\/div>\n","protected":false},"excerpt":{"rendered":"<p>Italsk\u00e1 premi\u00e9rka Girogia Meloniov\u00e1 se tak\u00e9 zamilovala do notoricky zn\u00e1m\u00fdch rusk\u00fdch telefonn\u00edch vtip\u00e1lk\u016f \u201eVovan a&#8230;<\/p>\n","protected":false},"author":2,"featured_media":39492,"comment_status":"closed","ping_status":"closed","sticky":false,"template":"","format":"standard","meta":[],"categories":[7],"tags":[191,3425,1052,3831],"_links":{"self":[{"href":"https:\/\/www.infokuryr.cz\/n\/wp-json\/wp\/v2\/posts\/39491"}],"collection":[{"href":"https:\/\/www.infokuryr.cz\/n\/wp-json\/wp\/v2\/posts"}],"about":[{"href":"https:\/\/www.infokuryr.cz\/n\/wp-json\/wp\/v2\/types\/post"}],"author":[{"embeddable":true,"href":"https:\/\/www.infokuryr.cz\/n\/wp-json\/wp\/v2\/users\/2"}],"replies":[{"embeddable":true,"href":"https:\/\/www.infokuryr.cz\/n\/wp-json\/wp\/v2\/comments?post=39491"}],"version-history":[{"count":0,"href":"https:\/\/www.infokuryr.cz\/n\/wp-json\/wp\/v2\/posts\/39491\/revisions"}],"wp:featuredmedia":[{"embeddable":true,"href":"https:\/\/www.infokuryr.cz\/n\/wp-json\/wp\/v2\/media\/39492"}],"wp:attachment":[{"href":"https:\/\/www.infokuryr.cz\/n\/wp-json\/wp\/v2\/media?parent=39491"}],"wp:term":[{"taxonomy":"category","embeddable":true,"href":"https:\/\/www.infokuryr.cz\/n\/wp-json\/wp\/v2\/categories?post=39491"},{"taxonomy":"post_tag","embeddable":true,"href":"https:\/\/www.infokuryr.cz\/n\/wp-json\/wp\/v2\/tags?post=39491"}],"curies":[{"name":"wp","href":"https:\/\/api.w.org\/{rel}","templated":true}]}}