{"id":39418,"date":"2023-11-02T01:10:11","date_gmt":"2023-11-02T00:10:11","guid":{"rendered":"https:\/\/www.infokuryr.cz\/n\/?p=39418"},"modified":"2023-11-01T16:12:48","modified_gmt":"2023-11-01T15:12:48","slug":"zakon-o-digitalnich-sluzbach-a-cenzura-ohrozuji-demokracii-verejnost-se-musi-branit","status":"publish","type":"post","link":"https:\/\/www.infokuryr.cz\/n\/2023\/11\/02\/zakon-o-digitalnich-sluzbach-a-cenzura-ohrozuji-demokracii-verejnost-se-musi-branit\/","title":{"rendered":"Z\u00e1kon o digit\u00e1ln\u00edch slu\u017eb\u00e1ch a cenzura ohro\u017euj\u00ed demokracii: Ve\u0159ejnost se mus\u00ed br\u00e1nit"},"content":{"rendered":"<div id=\"fb-root\"><\/div>\n<p><strong>Postupuj\u00edc\u00ed cenzura omezuje svobodu projevu a ohro\u017euje demokracii.\u00a0Kontroverzn\u00ed z\u00e1kon EU o digit\u00e1ln\u00edch slu\u017eb\u00e1ch je v tomto kontextu nebezpe\u010dn\u00fdm n\u00e1strojem: od jeho implementace na hlavn\u00edch webov\u00fdch platform\u00e1ch ji\u017e do\u0161lo k v\u00fdrazn\u00e9mu n\u00e1r\u016fstu cenzurn\u00edch opat\u0159en\u00ed.\u00a0Na z\u00e1klad\u011b \u201e\u00a0<a href=\"https:\/\/report24.news\/westminster-declaration-journalisten-wissenschaftler-und-kuenstler-kaempfen-fuer-meinungsfreiheit\/\">Westminstersk\u00e9 deklarace<\/a>\u00a0\u201c nese iniciativa GGI odpov\u011bdnost nejen vl\u00e1d a spole\u010dnost\u00ed BigTech, ale tak\u00e9 ve\u0159ejnosti: Je na n\u00e1s v\u0161ech, abychom bojovali s klimatem netolerance a znovu umo\u017enili atmosf\u00e9ru svobody projevu, kde debata je sp\u00ed\u0161e v\u00edtan\u00e1 ne\u017e ob\u00e1van\u00e1.<\/strong><\/p>\n<h2 class=\"wp-block-heading\">Westminstersk\u00e1 deklarace 2023 \u2013 z\u00e1kladn\u00ed pr\u00e1va a svoboda projevu<\/h2>\n<p><em>Tiskov\u00e1 zpr\u00e1va\u00a0<a href=\"https:\/\/ggi-initiative.at\/wp\/pm-68-westminster-erklarung-2023\/\" target=\"_blank\" rel=\"noreferrer noopener\">iniciativy GGI<\/a> ze dne 31. \u0159\u00edjna 2023<\/em><\/p>\n<p><strong>Westminstersk\u00e1 deklarace, kterou v l\u00e9t\u011b 2023 podepsalo 141 p\u0159\u00edznivc\u016f, se stav\u00ed proti cenzu\u0159e a vyz\u00fdv\u00e1 k pr\u00e1vu na svobodu projevu.\u00a0Evropsk\u00fd z\u00e1kon o digit\u00e1ln\u00edch slu\u017eb\u00e1ch (DSA) je pova\u017eov\u00e1n za zvl\u00e1\u0161tn\u00ed hrozbu pro tento z\u00e1kon kv\u016fli jeho z\u00e1kladn\u00ed sv\u00e9voli.\u00a0Cenzura nen\u00ed pot\u0159eba, nejlep\u0161\u00edm prost\u0159edkem proti dezinformac\u00edm a dezinformac\u00edm je otev\u0159en\u00fd a svobodn\u00fd diskurz.\u00a0Vl\u00e1dy, nevl\u00e1dn\u00ed organizace a technologick\u00e9 spole\u010dnosti jsou \u017e\u00e1d\u00e1ny, aby respektovaly pr\u00e1vo na svobodu projevu.\u00a0Ob\u010dansk\u00e1 spole\u010dnost je vyz\u00fdv\u00e1na, aby pracovala na ochran\u011b sv\u00fdch demokratick\u00fdch pr\u00e1v.\u00a0Iniciativa GGI tyto po\u017eadavky podporuje.<\/strong><\/p>\n<h3 class=\"wp-block-heading\"><span style=\"font-size: 18pt;\">Pozad\u00ed<\/span><\/h3>\n<p>V \u010dervnu 2023 se v Lond\u00fdn\u011b se\u0161li zast\u00e1nci svobody projevu a sepsali a podepsali Westminsterskou deklaraci.\u00a0[1]<\/p>\n<p>Mezi tyto lidi pat\u0159\u00ed Jay Bhattacharya, Martin Kulldorf a Sunetra Gupta, inici\u00e1to\u0159i Velk\u00e9 Barringtonsk\u00e9 deklarace;\u00a0Robert a Jill Maloneovi, pr\u016fkopn\u00edci a kritici platformy mRNA;\u00a0Matt Taibi, Michael Shellenberger a Lee Fang, report\u00e9\u0159i nechvaln\u011b zn\u00e1m\u00fdch soubor\u016f na Twitteru.\u00a0<strong>Jde v podstat\u011b o to,\u00a0\u00a0<em>kdo je kdo<\/em> \u00a0z t\u011bch, kte\u0159\u00ed byli v posledn\u00edch letech cenzurov\u00e1ni, zdiskreditov\u00e1ni a stali se ter\u010dem \u010dasto pochybn\u00fdch \u201eov\u011b\u0159ova\u010d\u016f fakt\u016f\u201c kv\u016fli kritick\u00fdm ot\u00e1zk\u00e1m ohledn\u011b sou\u010dasn\u00fdch narativ\u016f.<\/strong><\/p>\n<p>N\u00ed\u017ee stru\u010dn\u011b popisujeme nebezpe\u010d\u00ed, kter\u00e1 p\u0159edstavuje\u00a0\u00a0<em>z\u00e1kon EU o digit\u00e1ln\u00edch slu\u017eb\u00e1ch<\/em>\u00a0\u00a0(DSA) a obsah Westminstersk\u00e9 deklarace.<\/p>\n<h3 class=\"wp-block-heading\"><span style=\"font-size: 18pt;\">Z\u00e1kon o digit\u00e1ln\u00edch slu\u017eb\u00e1ch jako n\u00e1stroj cenzury?<\/span><\/h3>\n<p>DSA bude platit jako na\u0159\u00edzen\u00ed EU ve v\u0161ech \u010dlensk\u00fdch st\u00e1tech EU od 17. \u00fanora 2024.\u00a0Jeho \u010d\u00e1sti jsou ji\u017e v platnosti od 25. srpna 2023.\u00a0Nov\u00e9 p\u0159edpisy se spolu se\u00a0\u00a0<em>z\u00e1konem o digit\u00e1ln\u00edch trz\u00edch<\/em>\u00a0\u00a0(DMA) maj\u00ed st\u00e1t jak\u00fdmsi celoevropsk\u00fdm z\u00e1kladn\u00edm z\u00e1konem pro internet.\u00a0To plat\u00ed pro v\u0161echny digit\u00e1ln\u00ed slu\u017eby, kter\u00e9 spot\u0159ebitel\u016fm poskytuj\u00ed zbo\u017e\u00ed, slu\u017eby nebo obsah.\u00a0<strong>Pro aktu\u00e1ln\u011b 19 tzv.\u00a0\u00a0<em>gatekeeper\u016f<\/em>\u00a0, kte\u0159\u00ed maj\u00ed m\u011bs\u00ed\u010dn\u00ed dosah p\u0159es 45 milion\u016f u\u017eivatel\u016f, jako je Google, Amazon, X, Facebook nebo TikTok, plat\u00ed speci\u00e1ln\u00ed pravidla.\u00a0Tyto velk\u00e9 online platformy maj\u00ed v\u016f\u010di \u00fa\u0159ad\u016fm komplexn\u00ed informa\u010dn\u00ed povinnosti.\u00a0<\/strong>[2]<\/p>\n<p>Z\u00e1kon o digit\u00e1ln\u00edch slu\u017eb\u00e1ch usnad\u0148uje odstra\u0148ov\u00e1n\u00ed \u201eneleg\u00e1ln\u00edho obsahu\u201c a m\u00e1 chr\u00e1nit u\u017eivatele p\u0159ed nen\u00e1vist\u00ed a dezinformacemi.\u00a0<strong>Probl\u00e9m je v tom, \u017ee ani nen\u00e1vistn\u00e9 projevy, ani dezinformace nejsou \u010dist\u011b pr\u00e1vn\u00ed kategorie, ale sp\u00ed\u0161e podl\u00e9haj\u00ed subjektivn\u00edmu hodnocen\u00ed.\u00a0<\/strong>Kdo rozhoduje o tom, co jsou dezinformace?\u00a0Mo\u017enosti ob\u010dan\u016f vzn\u00e9st n\u00e1mitku proti nepodlo\u017een\u00e9mu omezen\u00ed svobody projevu jsou v\u0161ak omezen\u00e9 a zdlouhav\u00e9.<\/p>\n<p><a href=\"https:\/\/stranapro.cz\/\"><img decoding=\"async\" loading=\"lazy\" class=\"wp-image-30218 aligncenter\" src=\"http:\/\/www.infokuryr.cz\/n\/wp-content\/uploads\/2023\/06\/PRO-banner-300x36.png\" alt=\"\" width=\"1383\" height=\"166\" srcset=\"https:\/\/www.infokuryr.cz\/n\/wp-content\/uploads\/2023\/06\/PRO-banner-300x36.png 300w, https:\/\/www.infokuryr.cz\/n\/wp-content\/uploads\/2023\/06\/PRO-banner-768x93.png 768w, https:\/\/www.infokuryr.cz\/n\/wp-content\/uploads\/2023\/06\/PRO-banner.png 849w\" sizes=\"(max-width: 1383px) 100vw, 1383px\" \/><\/a><\/p>\n<p><strong>DSA je ji\u017e \u010d\u00e1ste\u010dn\u011b implementov\u00e1n na hlavn\u00edch platform\u00e1ch.\u00a0Od t\u00e9 doby je cenzura st\u00e1le patrn\u011bj\u0161\u00ed.\u00a0<\/strong>Na\u0161e zku\u0161enosti s cenzurou (zejm\u00e9na s Facebookem) dokumentujeme na vlastn\u00ed str\u00e1nce a douf\u00e1me, \u017ee se na\u0161i v\u00e1\u017een\u00ed \u010dten\u00e1\u0159i pod\u011bl\u00ed o sv\u00e9 vlastn\u00ed zku\u0161enosti.\u00a0[3]<\/p>\n<p>Pr\u00e1vo na svobodu projevu je zakotveno i samotnou EU v Listin\u011b z\u00e1kladn\u00edch pr\u00e1v Evropsk\u00e9 unie, \u010dl. 11.\u00a0[4]<\/p>\n<h3 class=\"wp-block-heading\"><span style=\"font-size: 18pt;\">Svoboda projevu jako nejlep\u0161\u00ed ochrana p\u0159ed dezinformacemi<\/span><\/h3>\n<p><strong>Kdy\u017e je svoboda projevu ozna\u010dena jako \u201edezinformace\u201c nebo \u201edezinformace\u201c, na\u0161e demokracie je ohro\u017eena.\u00a0<\/strong>Cenzo\u0159i soci\u00e1ln\u00edch s\u00edt\u00ed postupn\u011b uml\u010duj\u00ed nep\u0159\u00edjemn\u00e9 n\u00e1zory.\u00a0Podporuj\u00ed je v tom takzvan\u00ed \u201eodborn\u00edci na dezinformace\u201c a \u201eov\u011b\u0159ovatel\u00e9 fakt\u016f\u201c ve star\u0161\u00edch m\u00e9di\u00edch, kte\u0159\u00ed do zna\u010dn\u00e9 m\u00edry opustili \u017eurnalistick\u00e9 hodnoty debaty a intelektu\u00e1ln\u00ed debaty.\u00a0Propojen\u00ed mezi vl\u00e1dami, m\u00e9dii a technologick\u00fdmi spole\u010dnostmi shrnuje pod zvu\u010dn\u00fd n\u00e1zev\u00a0\u00a0<em>cenzurn\u011b-pr\u016fmyslov\u00fd komplex<\/em>\u00a0\u00a0.<\/p>\n<p>M\u00e1me pr\u00e1vo na r\u016fznorod\u00e9, nefiltrovan\u00e9 informace.\u00a0Svoboda projevu a informac\u00ed je nezciziteln\u00e9 pr\u00e1vo a nevy\u017eaduje \u201epovolen\u00ed\u201c shora.\u00a0<strong>Ochrana pr\u00e1va na svobodu projevu se net\u00fdk\u00e1 pouze n\u00e1zor\u016f, se kter\u00fdmi souhlas\u00edme, ale zejm\u00e9na mus\u00edme chr\u00e1nit i n\u00e1zory, se kter\u00fdmi nesouhlas\u00edme.\u00a0<\/strong>Pouze ve\u0159ejn\u011b lze tyto n\u00e1zory sly\u0161et a n\u00e1le\u017eit\u011b je zpochybnit.\u00a0Svoboda projevu je na\u0161\u00ed nejlep\u0161\u00ed obranou proti dezinformac\u00edm.<\/p>\n<p><strong>Cenzura ve jm\u00e9nu \u201eochrany demokracie\u201c obrac\u00ed syst\u00e9m zastupov\u00e1n\u00ed, kter\u00fd by m\u011bl b\u00fdt zdola nahoru, na syst\u00e9m ideologick\u00e9 kontroly shora dol\u016f.\u00a0<\/strong>Tato cenzura zas\u00e9v\u00e1 ned\u016fv\u011bru, podporuje radikalizaci a delegitimizuje demokratick\u00fd proces.<\/p>\n<h3 class=\"wp-block-heading\"><span style=\"font-size: 18pt;\">Z\u00e1v\u011br<\/span><\/h3>\n<p>Na z\u00e1klad\u011b deklarace auto\u0159i vzn\u00e1\u0161ej\u00ed t\u0159i po\u017eadavky, se kter\u00fdmi iniciativa GGI t\u00edmto souhlas\u00ed.<\/p>\n<ul>\n<li>Vl\u00e1dy a mezin\u00e1rodn\u00ed organizace jsou vyz\u00fdv\u00e1ny, aby dost\u00e1ly sv\u00e9 odpov\u011bdnosti v\u016f\u010di lidem a respektovaly \u010dl\u00e1nek 19 \u2013 Pr\u00e1vo na svobodu projevu \u2013 V\u0161eobecn\u00e9 deklarace lidsk\u00fdch pr\u00e1v (UDHR).<\/li>\n<li>Technologick\u00e9 spole\u010dnosti se vyz\u00fdvaj\u00ed, aby se zav\u00e1zaly k ochran\u011b digit\u00e1ln\u00ed ve\u0159ejnosti v souladu s \u010dl\u00e1nkem 19 UDHR a aby se zdr\u017eely politicky motivovan\u00e9 cenzury, cenzury nesouhlasn\u00fdch hlas\u016f a cenzury politick\u00fdch n\u00e1zor\u016f.<\/li>\n<li>Ve\u0159ejnost je rovn\u011b\u017e vyz\u00fdv\u00e1na, aby pracovala na prosazov\u00e1n\u00ed demokratick\u00fdch pr\u00e1v lid\u00ed.\u00a0Nesta\u010d\u00ed zm\u011bnit legislativu.\u00a0<strong>Mus\u00ed tam b\u00fdt atmosf\u00e9ra svobody projevu.\u00a0<\/strong>Je t\u0159eba odm\u00edtnout klima netolerance, kter\u00e9 podporuje autocenzuru a mnoha lidem zp\u016fsobuje zbyte\u010dn\u00e9 osobn\u00ed probl\u00e9my.\u00a0M\u00edsto strachu a dogmatismu mus\u00ed b\u00fdt mo\u017en\u00e9 a \u017e\u00e1douc\u00ed ot\u00e1zky a debaty.<\/li>\n<\/ul>\n<h4 class=\"wp-block-heading\"><span style=\"font-size: 18pt;\">Prameny<\/span><\/h4>\n<p>[1] Anonymn\u00ed.\u00a0<em>Westminstersk\u00e1 deklarace<\/em>\u00a0.\u00a0Westminstersk\u00e1 deklarace, 2023. online:\u00a0\u00a0<a href=\"https:\/\/westminsterdeclaration.org\/deutsch\" target=\"_blank\" rel=\"noreferrer noopener\">https:\/\/westminsterdeclaration.org\/deutsch<\/a><\/p>\n<p>[2] Albert J.\u00a0\u00a0<em>Pr\u016fvodce z\u00e1konem o digit\u00e1ln\u00edch slu\u017eb\u00e1ch<\/em>\u00a0.\u00a0AlgorithmWatch, 2023. online:\u00a0\u00a0<a href=\"https:\/\/algorithmwatch.org\/de\/dsa-erklaert\/\" target=\"_blank\" rel=\"noreferrer noopener\">https:\/\/algorithmwatch.org\/de\/dsa-erklaert<\/a><\/p>\n<p>[3] Anonymn\u00ed.\u00a0<em>Cenzura v Rakousku<\/em>\u00a0.\u00a0Zelen\u00e9 sdru\u017een\u00ed pro z\u00e1kladn\u00ed pr\u00e1va a svobodu informac\u00ed, 2023. online:\u00a0\u00a0<a href=\"https:\/\/ggi-initiative.at\/wp\/zensur-in-oesterreich\/\" target=\"_blank\" rel=\"noreferrer noopener\">https:\/\/ggi-initiative.at\/wp\/zensur-in-oesterreich<\/a><\/p>\n<p>[4] Evropsk\u00fd parlament, Rada a Komise.\u00a0<em>Listina z\u00e1kladn\u00edch pr\u00e1v Evropsk\u00e9 unie<\/em>\u00a0.\u00a0\u00da\u0159edn\u00ed v\u011bstn\u00edk Evropsk\u00fdch spole\u010denstv\u00ed, 2000. online:\u00a0\u00a0<a href=\"https:\/\/www.europarl.europa.eu\/charter\/pdf\/text_de.pdf\" target=\"_blank\" rel=\"noreferrer noopener\">https:\/\/www.europarl.europa.eu\/charter\/pdf\/text_de.pdf<\/a><\/p>\n<p>&nbsp;<\/p>\n<p>&nbsp;<\/p>\n","protected":false},"excerpt":{"rendered":"<p>Postupuj\u00edc\u00ed cenzura omezuje svobodu projevu a ohro\u017euje demokracii.\u00a0Kontroverzn\u00ed z\u00e1kon EU o digit\u00e1ln\u00edch slu\u017eb\u00e1ch je v&#8230;<\/p>\n","protected":false},"author":2,"featured_media":24568,"comment_status":"closed","ping_status":"closed","sticky":false,"template":"","format":"standard","meta":[],"categories":[7],"tags":[63,169,41,279,276,553],"_links":{"self":[{"href":"https:\/\/www.infokuryr.cz\/n\/wp-json\/wp\/v2\/posts\/39418"}],"collection":[{"href":"https:\/\/www.infokuryr.cz\/n\/wp-json\/wp\/v2\/posts"}],"about":[{"href":"https:\/\/www.infokuryr.cz\/n\/wp-json\/wp\/v2\/types\/post"}],"author":[{"embeddable":true,"href":"https:\/\/www.infokuryr.cz\/n\/wp-json\/wp\/v2\/users\/2"}],"replies":[{"embeddable":true,"href":"https:\/\/www.infokuryr.cz\/n\/wp-json\/wp\/v2\/comments?post=39418"}],"version-history":[{"count":0,"href":"https:\/\/www.infokuryr.cz\/n\/wp-json\/wp\/v2\/posts\/39418\/revisions"}],"wp:featuredmedia":[{"embeddable":true,"href":"https:\/\/www.infokuryr.cz\/n\/wp-json\/wp\/v2\/media\/24568"}],"wp:attachment":[{"href":"https:\/\/www.infokuryr.cz\/n\/wp-json\/wp\/v2\/media?parent=39418"}],"wp:term":[{"taxonomy":"category","embeddable":true,"href":"https:\/\/www.infokuryr.cz\/n\/wp-json\/wp\/v2\/categories?post=39418"},{"taxonomy":"post_tag","embeddable":true,"href":"https:\/\/www.infokuryr.cz\/n\/wp-json\/wp\/v2\/tags?post=39418"}],"curies":[{"name":"wp","href":"https:\/\/api.w.org\/{rel}","templated":true}]}}