{"id":39368,"date":"2023-11-01T05:23:08","date_gmt":"2023-11-01T04:23:08","guid":{"rendered":"https:\/\/www.infokuryr.cz\/n\/?p=39368"},"modified":"2023-11-01T05:23:08","modified_gmt":"2023-11-01T04:23:08","slug":"bolivie-prerusila-diplomaticke-styky-s-izraelem-kvuli-konfliktu-v-gaze","status":"publish","type":"post","link":"https:\/\/www.infokuryr.cz\/n\/2023\/11\/01\/bolivie-prerusila-diplomaticke-styky-s-izraelem-kvuli-konfliktu-v-gaze\/","title":{"rendered":"Bol\u00edvie p\u0159eru\u0161ila diplomatick\u00e9 styky s Izraelem kv\u016fli konfliktu v Gaze"},"content":{"rendered":"<div id=\"fb-root\"><\/div>\n<p><span style=\"font-size: 18pt;\"><strong>Bol\u00edvie obvinila Izrael ze \u201ezlo\u010din\u016f proti lidskosti\u201c<\/strong><\/span><\/p>\n<p><span>Bol\u00edvijsk\u00e1 vl\u00e1da v \u00fater\u00fd ozn\u00e1mila, \u017ee p\u0159eru\u0161uje diplomatick\u00e9 vztahy s Izraelem kv\u016fli jeho vojensk\u00e9 operaci v Gaze a \u00fadajn\u00fdm v\u00e1le\u010dn\u00fdm zlo\u010din\u016fm proti Palestinc\u016fm.<\/span><\/p>\n<p><em><span>&#8222;Bol\u00edvie se rozhodla p\u0159eru\u0161it diplomatick\u00e9 vztahy se st\u00e1tem Izrael v odm\u00edtnut\u00ed a odsouzen\u00ed agresivn\u00ed a nep\u0159im\u011b\u0159en\u00e9 izraelsk\u00e9 vojensk\u00e9 ofenzivy prob\u00edhaj\u00edc\u00ed v p\u00e1smu Gazy,&#8220; uvedl na tiskov\u00e9<\/span><\/em><span>\u00a0konferenci podle agentury AP n\u00e1m\u011bstek ministra zahrani\u010d\u00ed Freddy Mamani.<\/span><\/p>\n<p><span>\u00da\u0159aduj\u00edc\u00ed ministryn\u011b zahrani\u010d\u00ed Maria Nela Prada obvinila Izrael ze\u00a0<\/span><em><span>\u201ezlo\u010din\u016f proti lidskosti\u201c<\/span><\/em><span>\u00a0proti Palestinc\u016fm v Gaze a vyzvala izraelskou vl\u00e1du, aby\u00a0<\/span><em><span>\u201ezastavila \u00fatoky v p\u00e1smu Gazy, kter\u00e9 ji\u017e m\u011bly za n\u00e1sledek tis\u00edce civiln\u00edch ob\u011bt\u00ed a nucen\u00e9 vys\u00eddlen\u00ed Palestinc\u016f. \u201c<\/span><\/em><\/p>\n<p><span>Po\u017eadovala tak\u00e9 ukon\u010den\u00ed izraelsk\u00e9 blok\u00e1dy Gazy, kter\u00e1\u00a0<\/span><em><span>\u201ebr\u00e1n\u00ed vstupu potravin, vody a dal\u0161\u00edch prvk\u016f nezbytn\u00fdch pro \u017eivot\u201c, co\u017e<\/span><\/em><span>\u00a0je v rozporu s mezin\u00e1rodn\u00edm humanit\u00e1rn\u00edm pr\u00e1vem.<\/span><\/p>\n<div class=\"read-more large\" data-has-alias=\"\"><a href=\"https:\/\/stranapro.cz\/\"><img decoding=\"async\" loading=\"lazy\" class=\"wp-image-30218 aligncenter\" src=\"http:\/\/www.infokuryr.cz\/n\/wp-content\/uploads\/2023\/06\/PRO-banner-300x36.png\" alt=\"\" width=\"1367\" height=\"164\" srcset=\"https:\/\/www.infokuryr.cz\/n\/wp-content\/uploads\/2023\/06\/PRO-banner-300x36.png 300w, https:\/\/www.infokuryr.cz\/n\/wp-content\/uploads\/2023\/06\/PRO-banner-768x93.png 768w, https:\/\/www.infokuryr.cz\/n\/wp-content\/uploads\/2023\/06\/PRO-banner.png 849w\" sizes=\"(max-width: 1367px) 100vw, 1367px\" \/><\/a><\/div>\n<p><span>Tento krok n\u00e1sleduje po pond\u011bln\u00edm setk\u00e1n\u00ed prezidenta Luise Arce s palestinsk\u00fdm velvyslancem v La Paz Mahm\u00fadem Elalwanim.\u00a0<\/span><\/p>\n<p><span>Bol\u00edvie p\u0159eru\u0161ila vztahy s Izraelem kv\u016fli Gaze ji\u017e jednou, v roce 2009, za vl\u00e1dy prezidenta Evo Moralese.\u00a0Diplomatick\u00e9 vztahy byly obnoveny proamerickou vl\u00e1dou, kter\u00e1 v roce 2019 svrhla Moralese, a z\u016fstaly i pot\u00e9, co se strana b\u00fdval\u00e9ho prezidenta \u2013 veden\u00e1 Arcem \u2013 vr\u00e1tila k moci koncem roku 2020.\u00a0<\/span><\/p>\n<p><span>Morales v \u00fater\u00fd ve\u010der na X (d\u0159\u00edve Twitter) kritizoval vl\u00e1du za to, \u017ee trvalo t\u0159i roky, ne\u017e znovu p\u0159eru\u0161ila vztahy s Izraelem, a u\u010dinila tak pouze pod tlakem ve\u0159ejnosti.\u00a0<\/span><\/p>\n<p><em><span>&#8222;To nesta\u010d\u00ed, Bol\u00edvie mus\u00ed prohl\u00e1sit Izrael za teroristick\u00fd st\u00e1t a podat st\u00ed\u017enost k Mezin\u00e1rodn\u00edmu trestn\u00edmu soudu,&#8220;<\/span><\/em><span>\u00a0dodal b\u00fdval\u00fd prezident, kter\u00fd minul\u00fd m\u011bs\u00edc ozn\u00e1mil, \u017ee Arce vyzve na \u00fa\u0159ad v roce 2025.<\/span><\/p>\n<p><span>Izrael vyhl\u00e1sil v\u00e1lku Hamasu po invazi palestinsk\u00e9 militantn\u00ed skupiny 7. \u0159\u00edjna, kter\u00e1 si vy\u017e\u00e1dala \u017eivoty 1400 Izraelc\u016f, v\u010detn\u011b mnoha civilist\u016f.\u00a0P\u0159edstavitel\u00e9 Gazy uvedli, \u017ee v n\u00e1sleduj\u00edc\u00edch t\u00fddnech bylo izraelsk\u00fdmi leteck\u00fdmi a d\u011blost\u0159eleck\u00fdmi \u00fatoky zabito v\u00edce ne\u017e 8500 Palestinc\u016f.<\/span><\/p>\n<p><img decoding=\"async\" loading=\"lazy\" class=\"alignnone size-full wp-image-1185\" src=\"http:\/\/www.infokuryr.cz\/n\/wp-content\/uploads\/2021\/04\/kuryr-podpis.png\" alt=\"\" width=\"84\" height=\"24\" \/><\/p>\n<p>&nbsp;<\/p>\n<p>&nbsp;<\/p>\n<p>&nbsp;<\/p>\n","protected":false},"excerpt":{"rendered":"<p>Bol\u00edvie obvinila Izrael ze \u201ezlo\u010din\u016f proti lidskosti\u201c Bol\u00edvijsk\u00e1 vl\u00e1da v \u00fater\u00fd ozn\u00e1mila, \u017ee p\u0159eru\u0161uje diplomatick\u00e9&#8230;<\/p>\n","protected":false},"author":2,"featured_media":39369,"comment_status":"closed","ping_status":"closed","sticky":false,"template":"","format":"standard","meta":[],"categories":[7],"tags":[6187,3086,107],"_links":{"self":[{"href":"https:\/\/www.infokuryr.cz\/n\/wp-json\/wp\/v2\/posts\/39368"}],"collection":[{"href":"https:\/\/www.infokuryr.cz\/n\/wp-json\/wp\/v2\/posts"}],"about":[{"href":"https:\/\/www.infokuryr.cz\/n\/wp-json\/wp\/v2\/types\/post"}],"author":[{"embeddable":true,"href":"https:\/\/www.infokuryr.cz\/n\/wp-json\/wp\/v2\/users\/2"}],"replies":[{"embeddable":true,"href":"https:\/\/www.infokuryr.cz\/n\/wp-json\/wp\/v2\/comments?post=39368"}],"version-history":[{"count":0,"href":"https:\/\/www.infokuryr.cz\/n\/wp-json\/wp\/v2\/posts\/39368\/revisions"}],"wp:featuredmedia":[{"embeddable":true,"href":"https:\/\/www.infokuryr.cz\/n\/wp-json\/wp\/v2\/media\/39369"}],"wp:attachment":[{"href":"https:\/\/www.infokuryr.cz\/n\/wp-json\/wp\/v2\/media?parent=39368"}],"wp:term":[{"taxonomy":"category","embeddable":true,"href":"https:\/\/www.infokuryr.cz\/n\/wp-json\/wp\/v2\/categories?post=39368"},{"taxonomy":"post_tag","embeddable":true,"href":"https:\/\/www.infokuryr.cz\/n\/wp-json\/wp\/v2\/tags?post=39368"}],"curies":[{"name":"wp","href":"https:\/\/api.w.org\/{rel}","templated":true}]}}