{"id":39367,"date":"2023-11-01T05:20:04","date_gmt":"2023-11-01T04:20:04","guid":{"rendered":"https:\/\/www.infokuryr.cz\/n\/?p=39367"},"modified":"2023-11-01T05:20:04","modified_gmt":"2023-11-01T04:20:04","slug":"sef-fbi-se-trapi-moznymi-utoky-v-usa-inspirovanymi-hamasem","status":"publish","type":"post","link":"https:\/\/www.infokuryr.cz\/n\/2023\/11\/01\/sef-fbi-se-trapi-moznymi-utoky-v-usa-inspirovanymi-hamasem\/","title":{"rendered":"\u0160\u00e9f FBI se tr\u00e1p\u00ed mo\u017en\u00fdmi \u00fatoky v USA inspirovan\u00fdmi Hamasem"},"content":{"rendered":"<div id=\"fb-root\"><\/div>\n<p><span style=\"font-size: 18pt;\"><strong>Christopher Wray varoval z\u00e1konod\u00e1rce, \u017ee krize v Izraeli zvy\u0161uje riziko, \u017ee se Ameri\u010dan\u00e9 stanou ter\u010dem<\/strong><\/span><\/p>\n<p><span>\u0158editel FBI Christopher Wray \u0159ekl americk\u00fdm z\u00e1konod\u00e1rc\u016fm, \u017ee vid\u00ed zv\u00fd\u0161en\u00e9 riziko teroristick\u00fdch pl\u00e1n\u016f na americk\u00e9 p\u016fd\u011b ze strany jednotlivc\u016f nebo skupin, kter\u00e9 mohou b\u00fdt inspirov\u00e1ny \u00fatoky Hamasu proti Izraeli.<\/span><\/p>\n<p><em><span>\u201eZji\u0161\u0165ujeme, \u017ee akce Hamasu a jeho spojenc\u016f poslou\u017e\u00ed jako inspirace, jakou jsme nevid\u011bli od doby, kdy ISIS p\u0159ed n\u011bkolika lety zah\u00e1jil takzvan\u00fd chal\u00edf\u00e1t,\u201c \u0159ekl Wray v \u00fater\u00fd na sly\u0161en\u00ed ve V\u00fdboru pro vnit\u0159n\u00ed bezpe\u010dnost Sen\u00e1tu<\/span><\/em><span>\u00a0. .\u00a0<\/span><em><span>&#8222;V posledn\u00edch n\u011bkolika t\u00fddnech n\u011bkolik zahrani\u010dn\u00edch teroristick\u00fdch organizac\u00ed vyzvalo k \u00fatok\u016fm proti Ameri\u010dan\u016fm a Z\u00e1padu.&#8220;<\/span><\/em><\/p>\n<p><span>Wray se vyj\u00e1d\u0159il, kdy\u017e izraelsk\u00e9 s\u00edly eskalovaly svou invazi do Gazy v reakci na \u00fatoky ze 7. \u0159\u00edjna militanty Hamasu, kte\u0159\u00ed zabili odhadem 1400 lid\u00ed a stovky dal\u0161\u00edch vzali jako rukojm\u00ed.\u00a0V\u00edce ne\u017e 8500 Palestinc\u016f bylo zabito, \u00fadajn\u011b v\u010detn\u011b nejm\u00e9n\u011b 50, kdy\u017e izraelsk\u00fd n\u00e1let za\u00fato\u010dil na velitele Hamasu v uprchlick\u00e9m t\u00e1bo\u0159e D\u017eabal\u00eda v Gaze.<\/span><\/p>\n<p><span>Alespo\u0148 n\u011bkter\u00e9 hrozby proti z\u00e1jm\u016fm USA poch\u00e1zej\u00ed od skupin, kter\u00e9 se sna\u017e\u00ed odplatit za podporu Washingtonu Izraeli.\u00a0Jen za posledn\u00ed dva t\u00fddny do\u0161lo k 27 \u00fatok\u016fm dron\u016f a raket na americk\u00e9 vojensk\u00e9 z\u00e1kladny v Ir\u00e1ku a S\u00fdrii.\u00a0Pentagon obvinil milice sponzorovan\u00e9 \u00cdr\u00e1nem, kter\u00fd podporuje Ham\u00e1s finan\u010dn\u011b i politicky.<\/span><\/p>\n<p><a href=\"https:\/\/stranapro.cz\/\"><img decoding=\"async\" loading=\"lazy\" class=\"wp-image-30218 aligncenter\" src=\"http:\/\/www.infokuryr.cz\/n\/wp-content\/uploads\/2023\/06\/PRO-banner-300x36.png\" alt=\"\" width=\"1367\" height=\"164\" srcset=\"https:\/\/www.infokuryr.cz\/n\/wp-content\/uploads\/2023\/06\/PRO-banner-300x36.png 300w, https:\/\/www.infokuryr.cz\/n\/wp-content\/uploads\/2023\/06\/PRO-banner-768x93.png 768w, https:\/\/www.infokuryr.cz\/n\/wp-content\/uploads\/2023\/06\/PRO-banner.png 849w\" sizes=\"(max-width: 1367px) 100vw, 1367px\" \/><\/a><\/p>\n<p><em><span>\u201eTady ve Spojen\u00fdch st\u00e1tech je na\u0161\u00edm bezprost\u0159edn\u00edm z\u00e1jmem, \u017ee n\u00e1siln\u00ed extr\u00e9mist\u00e9 \u2013 jednotlivci nebo mal\u00e9 skupiny \u2013 budou \u010derpat inspiraci z ud\u00e1lost\u00ed na Bl\u00edzk\u00e9m v\u00fdchod\u011b, aby provedli \u00fatoky proti Ameri\u010dan\u016fm, kte\u0159\u00ed \u017eij\u00ed v jejich ka\u017edodenn\u00edm \u017eivot\u011b,\u201c \u0159ekl Wray Sen\u00e1tu<\/span><\/em><span>\u00a0. v\u00fdbor.\u00a0Dodal:\u00a0<\/span><em><span>\u201eSkute\u010dnost je takov\u00e1, \u017ee hrozba terorismu byla po cel\u00fd rok 2023 zv\u00fd\u0161ena, ale pokra\u010duj\u00edc\u00ed v\u00e1lka na Bl\u00edzk\u00e9m v\u00fdchod\u011b zv\u00fd\u0161ila hrozbu \u00fatoku proti Ameri\u010dan\u016fm ve Spojen\u00fdch st\u00e1tech na \u201ejinou \u00farove\u0148\u201c.<\/span><\/em><\/p>\n<p><span>Wray \u0159ekl, \u017ee FBI nem\u00e1 \u017e\u00e1dn\u00e9 n\u00e1znaky, \u017ee by Ham\u00e1s m\u011bl v \u00famyslu nebo schopnosti prov\u00e1d\u011bt operace uvnit\u0159 USA.\u00a0\u0158ekl v\u0161ak, \u017ee agentura nevylou\u010dila mo\u017enost, \u017ee Hamas nebo jin\u00e1 zahrani\u010dn\u00ed teroristick\u00e1 organizace m\u016f\u017ee zneu\u017e\u00edt v\u00e1lku k \u00fatok\u016fm na c\u00edle na americk\u00e9 p\u016fd\u011b.<\/span><\/p>\n<p><span>FBI prov\u00e1d\u00ed prob\u00edhaj\u00edc\u00ed vy\u0161et\u0159ov\u00e1n\u00ed n\u011bkolika osob v USA, kter\u00e9 jsou spojeny s Hamasem, \u0159ekl Wray.\u00a0Historicky se takov\u00ed jednotlivci pod\u00edleli na usnad\u0148ov\u00e1n\u00ed nebo financov\u00e1n\u00ed operac\u00ed skupiny v z\u00e1mo\u0159\u00ed, dodal, ale agentura posuzuje, jak se hrozba m\u016f\u017ee vyvinout, aby zahrnovala \u00fatoky uvnit\u0159 USA.<\/span><\/p>\n<p><span>Republik\u00e1n\u0161t\u00ed z\u00e1konod\u00e1rci, jako je sen\u00e1tor Roger Marshall z Kansasu, varovali, \u017ee ne\u00fasp\u011bchy administrativy prezidenta Joea Bidena p\u0159i zabezpe\u010den\u00ed hranic USA vystavily Ameri\u010dany v\u011bt\u0161\u00edmu riziku teroristick\u00fdch \u00fatok\u016f.<\/span><\/p>\n<p><span>Ve fisk\u00e1ln\u00edm roce feder\u00e1ln\u00ed vl\u00e1dy, kter\u00fd skon\u010dil 30. z\u00e1\u0159\u00ed, agenti americk\u00e9 pohrani\u010dn\u00ed str\u00e1\u017ee narazili na 172 migrant\u016f, kte\u0159\u00ed byli ozna\u010deni na n\u00e1rodn\u00edm seznamu terorist\u016f.\u00a0Ve srovn\u00e1n\u00ed se t\u0159emi podobn\u00fdmi setk\u00e1n\u00edmi b\u011bhem posledn\u00edho cel\u00e9ho fisk\u00e1ln\u00edho roku b\u00fdval\u00e9ho prezidenta Donalda Trumpa v \u00fa\u0159adu.<\/span><\/p>\n<p><img decoding=\"async\" loading=\"lazy\" class=\"alignnone size-full wp-image-1185\" src=\"http:\/\/www.infokuryr.cz\/n\/wp-content\/uploads\/2021\/04\/kuryr-podpis.png\" alt=\"\" width=\"84\" height=\"24\" \/><\/p>\n<p>&nbsp;<\/p>\n<p>&nbsp;<\/p>\n","protected":false},"excerpt":{"rendered":"<p>Christopher Wray varoval z\u00e1konod\u00e1rce, \u017ee krize v Izraeli zvy\u0161uje riziko, \u017ee se Ameri\u010dan\u00e9 stanou ter\u010dem&#8230;<\/p>\n","protected":false},"author":2,"featured_media":38288,"comment_status":"closed","ping_status":"closed","sticky":false,"template":"","format":"standard","meta":[],"categories":[7],"tags":[160,347,36,37],"_links":{"self":[{"href":"https:\/\/www.infokuryr.cz\/n\/wp-json\/wp\/v2\/posts\/39367"}],"collection":[{"href":"https:\/\/www.infokuryr.cz\/n\/wp-json\/wp\/v2\/posts"}],"about":[{"href":"https:\/\/www.infokuryr.cz\/n\/wp-json\/wp\/v2\/types\/post"}],"author":[{"embeddable":true,"href":"https:\/\/www.infokuryr.cz\/n\/wp-json\/wp\/v2\/users\/2"}],"replies":[{"embeddable":true,"href":"https:\/\/www.infokuryr.cz\/n\/wp-json\/wp\/v2\/comments?post=39367"}],"version-history":[{"count":0,"href":"https:\/\/www.infokuryr.cz\/n\/wp-json\/wp\/v2\/posts\/39367\/revisions"}],"wp:featuredmedia":[{"embeddable":true,"href":"https:\/\/www.infokuryr.cz\/n\/wp-json\/wp\/v2\/media\/38288"}],"wp:attachment":[{"href":"https:\/\/www.infokuryr.cz\/n\/wp-json\/wp\/v2\/media?parent=39367"}],"wp:term":[{"taxonomy":"category","embeddable":true,"href":"https:\/\/www.infokuryr.cz\/n\/wp-json\/wp\/v2\/categories?post=39367"},{"taxonomy":"post_tag","embeddable":true,"href":"https:\/\/www.infokuryr.cz\/n\/wp-json\/wp\/v2\/tags?post=39367"}],"curies":[{"name":"wp","href":"https:\/\/api.w.org\/{rel}","templated":true}]}}