{"id":39365,"date":"2023-11-01T05:11:06","date_gmt":"2023-11-01T04:11:06","guid":{"rendered":"https:\/\/www.infokuryr.cz\/n\/?p=39365"},"modified":"2023-11-01T05:11:06","modified_gmt":"2023-11-01T04:11:06","slug":"vysoky-predstavitel-osn-rezignuje-kvuli-tomu-ze-organ-nedokazal-zastavit-genocidu-palestincu","status":"publish","type":"post","link":"https:\/\/www.infokuryr.cz\/n\/2023\/11\/01\/vysoky-predstavitel-osn-rezignuje-kvuli-tomu-ze-organ-nedokazal-zastavit-genocidu-palestincu\/","title":{"rendered":"Vysok\u00fd p\u0159edstavitel OSN rezignuje kv\u016fli tomu, \u017ee org\u00e1n nedok\u00e1zal zastavit \u201egenocidu\u201c Palestinc\u016f"},"content":{"rendered":"<div id=\"fb-root\"><\/div>\n<p><span style=\"font-size: 18pt;\"><strong>Craig Mokhiber prohl\u00e1sil, \u017ee organizace \u201ese vzdala moci USA\u201c a ustoupila \u201eizraelsk\u00e9 lobby<\/strong><\/span><\/p>\n<p><span>\u0158editel \u00da\u0159adu OSN pro lidsk\u00e1 pr\u00e1va (OHCHR) v New Yorku Craig Mokhiber rezignoval na sv\u016fj post s odkazem na to, \u017ee org\u00e1n nedok\u00e1zal \u0159\u00e1dn\u011b \u0159e\u0161it izraelsko-palestinskou krizi.\u00a0M\u00edsto toho, aby d\u011blala svou pr\u00e1ci, OSN se\u00a0<\/span><em><span>\u201evzdala moci USA\u201c<\/span><\/em><span>\u00a0a ustoupila\u00a0<\/span><em><span>\u201eizraelsk\u00e9 lobby\u201c,<\/span><\/em><span>\u00a0zat\u00edmco\u00a0<\/span><em><span>\u201eevropsk\u00fd, etnonacionalistick\u00fd, osadnick\u00fd koloni\u00e1ln\u00ed projekt v Palestin\u011b vstoupil do sv\u00e9 posledn\u00ed f\u00e1ze\u201c<\/span><\/em><span>\u00a0, argumentoval vysok\u00fd \u00fa\u0159edn\u00edk.<\/span><\/p>\n<p><em><span>\u201eOp\u011bt vid\u00edme, jak se n\u00e1m p\u0159ed o\u010dima odv\u00edj\u00ed genocida, a organizace, kter\u00e9 slou\u017e\u00edme, se zd\u00e1 b\u00fdt bezmocn\u00e1 ji zastavit,\u201c<\/span><\/em><span>\u00a0uvedl Mokhiber v dopise vysok\u00e9mu komisa\u0159i OSN pro lidsk\u00e1 pr\u00e1va Volkeru Turkovi, kter\u00fd byl zve\u0159ejn\u011bn v \u00fater\u00fd.<\/span><\/p>\n<p><span>\u00da\u0159edn\u00edk p\u0159\u00edmo popsal prob\u00edhaj\u00edc\u00ed izraelskou akci v p\u00e1smu Gazy jako\u00a0<\/span><em><span>\u201egenocidu\u201c<\/span><\/em><span>\u00a0a uznal, \u017ee toto slovo\u00a0<\/span><em><span>\u201eje \u010dasto p\u0159edm\u011btem politick\u00e9ho zneu\u017e\u00edv\u00e1n\u00ed\u201c.<\/span><\/em><\/p>\n<p><a href=\"https:\/\/stranapro.cz\/\"><img decoding=\"async\" loading=\"lazy\" class=\"wp-image-30218 aligncenter\" src=\"http:\/\/www.infokuryr.cz\/n\/wp-content\/uploads\/2023\/06\/PRO-banner-300x36.png\" alt=\"\" width=\"1375\" height=\"165\" srcset=\"https:\/\/www.infokuryr.cz\/n\/wp-content\/uploads\/2023\/06\/PRO-banner-300x36.png 300w, https:\/\/www.infokuryr.cz\/n\/wp-content\/uploads\/2023\/06\/PRO-banner-768x93.png 768w, https:\/\/www.infokuryr.cz\/n\/wp-content\/uploads\/2023\/06\/PRO-banner.png 849w\" sizes=\"(max-width: 1375px) 100vw, 1375px\" \/><\/a><\/p>\n<p><em><span>&#8222;Ale sou\u010dasn\u00e9 masov\u00e9 vyvra\u017e\u010fov\u00e1n\u00ed palestinsk\u00e9ho lidu, zako\u0159en\u011bn\u00e9 v etno-nacionalistick\u00e9 koloni\u00e1ln\u00ed ideologii osadn\u00edk\u016f&#8230; nenech\u00e1v\u00e1 \u017e\u00e1dn\u00fd prostor pro pochybnosti nebo debatu,&#8220;<\/span><\/em><span>\u00a0argumentoval Mokhiber.<\/span><\/p>\n<p><em><strong><span>Toto je u\u010debnicov\u00fd p\u0159\u00edpad genocidy.\u00a0Evropsk\u00fd, etno-nacionalistick\u00fd, osadnick\u00fd koloni\u00e1ln\u00ed projekt v Palestin\u011b vstoupil do sv\u00e9 z\u00e1v\u011bre\u010dn\u00e9 f\u00e1ze, sm\u011brem k urychlen\u00e9mu zni\u010den\u00ed posledn\u00edch zbytk\u016f domorod\u00e9ho palestinsk\u00e9ho \u017eivota v Palestin\u011b.<\/span><\/strong><\/em><\/p>\n<p><span>Vl\u00e1dy USA, Spojen\u00e9ho kr\u00e1lovstv\u00ed a\u00a0<\/span><em><span>\u201evelk\u00e9 \u010d\u00e1sti Evropy jsou pln\u011b spoluvinny na stra\u0161n\u00e9m \u00fatoku\u201c, a<\/span><\/em><span>\u00a0to nejen pouh\u00fdm nepln\u011bn\u00edm sv\u00fdch mezin\u00e1rodn\u00edch z\u00e1vazk\u016f, ale tak\u00e9\u00a0<\/span><em><span>\u201eaktivn\u00edm vyzbrojov\u00e1n\u00edm \u00fatoku, poskytov\u00e1n\u00edm ekonomick\u00e9 a zpravodajsk\u00e9 podpory a poskytov\u00e1n\u00edm politick\u00e9 a diplomatick\u00e9 kryt\u00ed izraelsk\u00fdch zv\u011brstev,\u201c<\/span><\/em><span>\u00a0prohl\u00e1sil Mokhiber.\u00a0\u201e Kryt\u00ed\u00a0<\/span><em><span>\u201c<\/span><\/em><span>\u00a0je d\u00e1le pos\u00edleno\u00a0<\/span><em><span>\u201ez\u00e1padn\u00edmi korpor\u00e1tn\u00edmi m\u00e9dii, st\u00e1le v\u00edce zachycovan\u00fdmi a soused\u00edc\u00edmi se st\u00e1ty\u201c,<\/span><\/em><span>\u00a0kter\u00e1\u00a0<\/span><em><span>\u201eneust\u00e1le dehumanizuj\u00ed Palestince, aby usnadnili genocidu, a vys\u00edlaj\u00ed propagandu v\u00e1lky a obhajobu n\u00e1rodnostn\u00ed, rasov\u00e9 nebo n\u00e1bo\u017eensk\u00e9 nen\u00e1visti\u201c.<\/span><\/em><span>\u00a0zd\u016fraznil.<\/span><\/p>\n<div class=\"rtcode\">\n<div class=\"twitter-tweet twitter-tweet-rendered\"><iframe id=\"twitter-widget-0\" class=\"\" title=\"Twitter Tweet\" src=\"https:\/\/platform.twitter.com\/embed\/Tweet.html?creatorScreenName=RT_com&amp;dnt=false&amp;embedId=twitter-widget-0&amp;features=eyJ0ZndfdGltZWxpbmVfbGlzdCI6eyJidWNrZXQiOltdLCJ2ZXJzaW9uIjpudWxsfSwidGZ3X2ZvbGxvd2VyX2NvdW50X3N1bnNldCI6eyJidWNrZXQiOnRydWUsInZlcnNpb24iOm51bGx9LCJ0ZndfdHdlZXRfZWRpdF9iYWNrZW5kIjp7ImJ1Y2tldCI6Im9uIiwidmVyc2lvbiI6bnVsbH0sInRmd19yZWZzcmNfc2Vzc2lvbiI6eyJidWNrZXQiOiJvbiIsInZlcnNpb24iOm51bGx9LCJ0ZndfZm9zbnJfc29mdF9pbnRlcnZlbnRpb25zX2VuYWJsZWQiOnsiYnVja2V0Ijoib24iLCJ2ZXJzaW9uIjpudWxsfSwidGZ3X21peGVkX21lZGlhXzE1ODk3Ijp7ImJ1Y2tldCI6InRyZWF0bWVudCIsInZlcnNpb24iOm51bGx9LCJ0ZndfZXhwZXJpbWVudHNfY29va2llX2V4cGlyYXRpb24iOnsiYnVja2V0IjoxMjA5NjAwLCJ2ZXJzaW9uIjpudWxsfSwidGZ3X3Nob3dfYmlyZHdhdGNoX3Bpdm90c19lbmFibGVkIjp7ImJ1Y2tldCI6Im9uIiwidmVyc2lvbiI6bnVsbH0sInRmd19kdXBsaWNhdGVfc2NyaWJlc190b19zZXR0aW5ncyI6eyJidWNrZXQiOiJvbiIsInZlcnNpb24iOm51bGx9LCJ0ZndfdXNlX3Byb2ZpbGVfaW1hZ2Vfc2hhcGVfZW5hYmxlZCI6eyJidWNrZXQiOiJvbiIsInZlcnNpb24iOm51bGx9LCJ0ZndfdmlkZW9faGxzX2R5bmFtaWNfbWFuaWZlc3RzXzE1MDgyIjp7ImJ1Y2tldCI6InRydWVfYml0cmF0ZSIsInZlcnNpb24iOm51bGx9LCJ0ZndfbGVnYWN5X3RpbWVsaW5lX3N1bnNldCI6eyJidWNrZXQiOnRydWUsInZlcnNpb24iOm51bGx9LCJ0ZndfdHdlZXRfZWRpdF9mcm9udGVuZCI6eyJidWNrZXQiOiJvbiIsInZlcnNpb24iOm51bGx9fQ%3D%3D&amp;frame=false&amp;hideCard=false&amp;hideThread=false&amp;id=1719359440162263493&amp;lang=cs&amp;origin=https%3A%2F%2Fswentr.site%2Fnews%2F586302-un-official-gaza-resignation%2F&amp;sessionId=6ffa313a0b1f3eb5fb0cd0817ad5935871e3a9b0&amp;siteScreenName=RT_com&amp;theme=light&amp;widgetsVersion=01917f4d1d4cb%3A1696883169554&amp;width=550px\" frameborder=\"0\" scrolling=\"no\" allowfullscreen=\"allowfullscreen\" data-tweet-id=\"1719359440162263493\" data-mce-fragment=\"1\"><\/iframe><\/div>\n<\/div>\n<p><span>Mokhiber v\u011b\u0159\u00ed, \u017ee OSN m\u011bla d\u0159\u00edve\u00a0<\/span><em><span>\u201eprincipy\u201c<\/span><\/em><span>\u00a0a\u00a0<\/span><em><span>\u201eautoritu\u201c zako\u0159en\u011bn\u00e9 v\u00a0<\/span><\/em><em><span>\u201eintegrit\u011b\u201c<\/span><\/em><span>\u00a0t\u011bla ,\u00a0jako nap\u0159\u00edklad b\u011bhem apartheidu v Ji\u017en\u00ed Africe, ale v pr\u016fb\u011bhu let v\u0161echno v\u00fd\u0161e uveden\u00e9 ztratila.\u00a0OSN opakovan\u011b nedok\u00e1zala zastavit genocidy, poznamenal Mokhiber, p\u0159i\u010dem\u017e jako p\u0159\u00edklad uv\u00e1d\u00ed ud\u00e1losti ve Rwand\u011b a Bosn\u011b, genocidu jez\u00edd\u016f ze strany Isl\u00e1msk\u00e9ho st\u00e1tu (IS, d\u0159\u00edve ISIS) a Rohing\u016f v Myanmaru.<\/span><\/p>\n<p><em><span>\u201eV posledn\u00edch desetilet\u00edch se kl\u00ed\u010dov\u00e9 \u010d\u00e1sti OSN vzdaly moci USA a strachu z izraelsk\u00e9 lobby, aby opustily tyto principy a ustoupily od samotn\u00e9ho mezin\u00e1rodn\u00edho pr\u00e1va.\u00a0Touto opu\u0161t\u011bnost\u00ed jsme ztratili hodn\u011b, v neposledn\u00ed \u0159ad\u011b na\u0161i vlastn\u00ed glob\u00e1ln\u00ed d\u016fv\u011bryhodnost.\u00a0Ale palestinsk\u00fd lid utrp\u011bl nejv\u011bt\u0161\u00ed ztr\u00e1ty v d\u016fsledku na\u0161ich selh\u00e1n\u00ed,\u201c<\/span><\/em><span>\u00a0prohl\u00e1sil.<\/span><\/p>\n<p><span>K n\u00e1prav\u011b situace by se OSN m\u011bla\u00a0<\/span><em><span>\u201epou\u010dit z principi\u00e1ln\u00edho postoje, kter\u00fd v posledn\u00edch dnech zaujala m\u011bsta po cel\u00e9m sv\u011bt\u011b, kdy\u017e se masy lid\u00ed stav\u00ed proti genocid\u011b, i kdy\u017e jim hroz\u00ed bit\u00ed a zat\u010den\u00ed,\u201c navrhl<\/span><\/em><span>\u00a0.\u00a0Krom\u011b toho vyzval org\u00e1n, aby upustil od\u00a0<\/span><em><span>\u201eiluzorn\u00edho dvoust\u00e1tn\u00edho \u0159e\u0161en\u00ed\u201c,<\/span><\/em><span>\u00a0obhajuj\u00edc\u00edho vytvo\u0159en\u00ed\u00a0<\/span><em><span>\u201ejedin\u00e9ho, \u200b\u200bdemokratick\u00e9ho, sekul\u00e1rn\u00edho st\u00e1tu v cel\u00e9 historick\u00e9 Palestin\u011b\u201c,<\/span><\/em><span>\u00a0kter\u00fd by zajistil\u00a0<\/span><em><span>\u201edemont\u00e1\u017e\u201c<\/span><\/em><span>\u00a0Izraele. \u00fa\u0159edn\u00edkem jako\u00a0<\/span><em><span>\u201ehluboce rasistick\u00fd, osadnicko-koloni\u00e1ln\u00ed projekt\u201c.<\/span><\/em><\/p>\n<p><img decoding=\"async\" loading=\"lazy\" class=\"alignnone size-full wp-image-1185\" src=\"http:\/\/www.infokuryr.cz\/n\/wp-content\/uploads\/2021\/04\/kuryr-podpis.png\" alt=\"\" width=\"84\" height=\"24\" \/><\/p>\n<p>&nbsp;<\/p>\n<p>&nbsp;<\/p>\n","protected":false},"excerpt":{"rendered":"<p>Craig Mokhiber prohl\u00e1sil, \u017ee organizace \u201ese vzdala moci USA\u201c a ustoupila \u201eizraelsk\u00e9 lobby \u0158editel \u00da\u0159adu&#8230;<\/p>\n","protected":false},"author":2,"featured_media":2754,"comment_status":"closed","ping_status":"closed","sticky":false,"template":"","format":"standard","meta":[],"categories":[7],"tags":[178,107,186,312,6186,1081,37],"_links":{"self":[{"href":"https:\/\/www.infokuryr.cz\/n\/wp-json\/wp\/v2\/posts\/39365"}],"collection":[{"href":"https:\/\/www.infokuryr.cz\/n\/wp-json\/wp\/v2\/posts"}],"about":[{"href":"https:\/\/www.infokuryr.cz\/n\/wp-json\/wp\/v2\/types\/post"}],"author":[{"embeddable":true,"href":"https:\/\/www.infokuryr.cz\/n\/wp-json\/wp\/v2\/users\/2"}],"replies":[{"embeddable":true,"href":"https:\/\/www.infokuryr.cz\/n\/wp-json\/wp\/v2\/comments?post=39365"}],"version-history":[{"count":0,"href":"https:\/\/www.infokuryr.cz\/n\/wp-json\/wp\/v2\/posts\/39365\/revisions"}],"wp:featuredmedia":[{"embeddable":true,"href":"https:\/\/www.infokuryr.cz\/n\/wp-json\/wp\/v2\/media\/2754"}],"wp:attachment":[{"href":"https:\/\/www.infokuryr.cz\/n\/wp-json\/wp\/v2\/media?parent=39365"}],"wp:term":[{"taxonomy":"category","embeddable":true,"href":"https:\/\/www.infokuryr.cz\/n\/wp-json\/wp\/v2\/categories?post=39365"},{"taxonomy":"post_tag","embeddable":true,"href":"https:\/\/www.infokuryr.cz\/n\/wp-json\/wp\/v2\/tags?post=39365"}],"curies":[{"name":"wp","href":"https:\/\/api.w.org\/{rel}","templated":true}]}}