{"id":3926,"date":"2021-08-09T03:22:40","date_gmt":"2021-08-09T01:22:40","guid":{"rendered":"http:\/\/www.infokuryr.cz\/n\/?p=3926"},"modified":"2021-08-09T03:22:40","modified_gmt":"2021-08-09T01:22:40","slug":"po-sudetonemeckem-sjezdu-se-daniel-herman-ucastnil-dalsiho-nemeckeho-dychanku-v-praze","status":"publish","type":"post","link":"https:\/\/www.infokuryr.cz\/n\/2021\/08\/09\/po-sudetonemeckem-sjezdu-se-daniel-herman-ucastnil-dalsiho-nemeckeho-dychanku-v-praze\/","title":{"rendered":"Po sudeton\u011bmeck\u00e9m sjezdu se Daniel Herman \u00fa\u010dastnil dal\u0161\u00edho n\u011bmeck\u00e9ho d\u00fdch\u00e1nku\u2026 V Praze"},"content":{"rendered":"<div id=\"fb-root\"><\/div>\n<p><strong>B\u00fdval\u00fd ministr kultury Daniel Herman na sv\u00e9m blogu promluvil o \u010desko-n\u011bmeck\u00e9m pikniku na Vy\u0161ehrad\u011b v Praze. Ten byl po\u0159\u00e1d\u00e1n n\u011bmeckou spolkovou Ackermann-Gemeinde a \u010desk\u00fdm Sdru\u017een\u00edm Ackermann-Gemeinde. B\u00fdval\u00fd politik byl v minulosti vyznamen\u00e1n nejvy\u0161\u0161\u00edm vyznamen\u00e1n\u00edm sudetsk\u00fdch N\u011bmc\u016f cenou Karla IV.<\/strong><\/p>\n<p>Herman se v srpnu z\u00fa\u010dastnil \u010desko-n\u011bmeck\u00e9ho pikniku na Vy\u0161ehrad\u011b. Podle jeho n\u00e1zoru jsou takov\u00e1 setk\u00e1n\u00ed d\u016fle\u017eit\u00e1.<\/p>\n<p>\u201eZku\u0161enosti s uzav\u0159en\u00edm hranic b\u011bhem koronavirov\u00e9 pandemie a s t\u00edm souvisej\u00edc\u00ed vz\u00e1jemn\u00e9 odcizen\u00ed mezi na\u0161imi zem\u011bmi, kter\u00e9 jsme p\u0159i tom pro\u017eili, jsou st\u00e1le je\u0161t\u011b \u010derstv\u00e9. Jsme p\u0159esv\u011bd\u010deni o tom, \u017ee jsou zapot\u0159eb\u00ed setk\u00e1n\u00ed!\u201c\u00a0napsal\u00a0na sv\u00e9m blogu na Aktu\u00e1ln\u011b s t\u00edm, \u017ee d\u016fle\u017eit\u00e1 jsou \u201eotev\u0159en\u00e1 setk\u00e1n\u00ed a otev\u0159en\u00e9 hranice\u201c. Podle jeho n\u00e1zoru je p\u0159eshrani\u010dn\u00ed v\u00fdm\u011bna n\u00e1zor\u016f a zku\u0161enost\u00ed \u201esou\u010d\u00e1st\u00ed podstaty na\u0161eho evropsk\u00e9ho spole\u010denstv\u00ed\u201c.<\/p>\n<p>Daniel Herman v blogu uvedl, \u017ee podporuje v\u00fduku jazyka sousedn\u00ed zem\u011b (N\u011bmecka \u2013 red.), aby mohla b\u00fdt prov\u00e1d\u011bna mezikulturn\u00ed v\u00fdm\u011bna. Rozmanitost p\u0159itom b\u00fdval\u00fd ministr ch\u00e1pe jako obohacen\u00ed.<\/p>\n<p>\u201eJsou zapot\u0159eb\u00ed setk\u00e1n\u00ed posiluj\u00edc\u00ed evropsk\u00e9 pov\u011bdom\u00ed. Mottem Evropsk\u00e9 unie je \u201ejednota v rozmanitosti\u201c. EU je tak\u00e9 garantem m\u00edru a svobody. V sousedn\u00edch regionech EU, stejn\u011b jako i v jin\u00fdch \u010d\u00e1stech sv\u011bta, prob\u00edhaj\u00ed\u00a0v\u00e1le\u010dn\u00e9\u00a0konflikty a \u010dasto doch\u00e1z\u00ed k poru\u0161ov\u00e1n\u00ed z\u00e1kladn\u00ed lidsk\u00fdch pr\u00e1v. My Evropan\u00e9 mus\u00edme projevit v\u011bt\u0161\u00ed solidaritu s pron\u00e1sledovan\u00fdmi a utla\u010dovan\u00fdmi,\u201d mysl\u00ed si.<\/p>\n<p>Herman v z\u00e1v\u011bru sv\u00e9ho vyj\u00e1d\u0159en\u00ed na blogu uvedl, \u017ee on v r\u00e1mci spolku Ackermann-Gemeinde bude do budoucna usilovat o \u201esm\u00ed\u0159en\u00e9 a \u017eiv\u00e9 sousedstv\u00ed \u010cech\u016f a N\u011bmc\u016f\u201c, a p\u0159itom se \u201eanga\u017eovat pro svobodnou a sjednocenou Evropu\u201c.<\/p>\n<p><strong>Cena Karla IV.<\/strong><\/p>\n<p>B\u00fdval\u00fd lidoveck\u00fd ministr kultury Daniel Herman se v \u010dervenci v Mnichov\u011b z\u00fa\u010dastnil sudeton\u011bmeck\u00e9ho sjezdu, kde si p\u0159evzal Evropskou cenu Karla IV. Jedn\u00e1 se o nejvy\u0161\u0161\u00ed vyznamen\u00e1n\u00ed sudetsk\u00fdch N\u011bmc\u016f.<\/p>\n<p>Cenu ud\u011blil Hermanovi \u0161\u00e9f sudetsk\u00fdch N\u011bmc\u016f\u00a0Bernd Posselt a slavnostn\u00edho p\u0159ed\u00e1n\u00ed se z\u00fa\u010dastnil i bavorsk\u00fd premi\u00e9r Markus S\u00f6der. Posselt ocenil Hermana za to, \u017ee je vzorem pro \u0159adu lid\u00ed, kte\u0159\u00ed se st\u00e1le je\u0161t\u011b boj\u00ed pod\u00edvat se na pravdu historie. Herman ve sv\u00e9m projevu varoval p\u0159ed prosazov\u00e1n\u00edm kr\u00e1tkodob\u00fdch n\u00e1rodn\u00edch c\u00edl\u016f na \u00fakor celoevropsk\u00e9 svobody.<\/p>\n<p>\u201eVyznamen\u00e1n\u00ed si velice cen\u00edm a ch\u00e1pu ho jako velkou podporu m\u00e9ho p\u0159\u00edsp\u011bvku pro n\u011bmecko-\u010desk\u00e9 porozum\u011bn\u00ed a p\u0159\u00e1telstv\u00ed mezi N\u011bmci a \u010cechy, pro bo\u0159en\u00ed p\u0159edsudk\u016f a pro prohlouben\u00ed dal\u0161\u00ed spolupr\u00e1ce,\u201d \u0159ekl tehdy Herman.<\/p>\n<p><a href=\"https:\/\/cz.sputniknews.com\/20210808\/po-sudetonemeckem-sjezdu-se-daniel-herman-ucastnil-dalsiho-nemeckeho-dychanku-v-praze-15427179.html\">ZDROJ<\/a><\/p>\n<p>&nbsp;<\/p>\n","protected":false},"excerpt":{"rendered":"<p>B\u00fdval\u00fd ministr kultury Daniel Herman na sv\u00e9m blogu promluvil o \u010desko-n\u011bmeck\u00e9m pikniku na Vy\u0161ehrad\u011b v&#8230;<\/p>\n","protected":false},"author":2,"featured_media":3480,"comment_status":"closed","ping_status":"closed","sticky":false,"template":"","format":"standard","meta":[],"categories":[6],"tags":[911,915,429],"_links":{"self":[{"href":"https:\/\/www.infokuryr.cz\/n\/wp-json\/wp\/v2\/posts\/3926"}],"collection":[{"href":"https:\/\/www.infokuryr.cz\/n\/wp-json\/wp\/v2\/posts"}],"about":[{"href":"https:\/\/www.infokuryr.cz\/n\/wp-json\/wp\/v2\/types\/post"}],"author":[{"embeddable":true,"href":"https:\/\/www.infokuryr.cz\/n\/wp-json\/wp\/v2\/users\/2"}],"replies":[{"embeddable":true,"href":"https:\/\/www.infokuryr.cz\/n\/wp-json\/wp\/v2\/comments?post=3926"}],"version-history":[{"count":0,"href":"https:\/\/www.infokuryr.cz\/n\/wp-json\/wp\/v2\/posts\/3926\/revisions"}],"wp:featuredmedia":[{"embeddable":true,"href":"https:\/\/www.infokuryr.cz\/n\/wp-json\/wp\/v2\/media\/3480"}],"wp:attachment":[{"href":"https:\/\/www.infokuryr.cz\/n\/wp-json\/wp\/v2\/media?parent=3926"}],"wp:term":[{"taxonomy":"category","embeddable":true,"href":"https:\/\/www.infokuryr.cz\/n\/wp-json\/wp\/v2\/categories?post=3926"},{"taxonomy":"post_tag","embeddable":true,"href":"https:\/\/www.infokuryr.cz\/n\/wp-json\/wp\/v2\/tags?post=3926"}],"curies":[{"name":"wp","href":"https:\/\/api.w.org\/{rel}","templated":true}]}}