{"id":39232,"date":"2023-10-30T03:28:56","date_gmt":"2023-10-30T02:28:56","guid":{"rendered":"http:\/\/www.infokuryr.cz\/n\/?p=39232"},"modified":"2023-10-30T03:28:56","modified_gmt":"2023-10-30T02:28:56","slug":"marek-adam-jak-nam-jejich-prezident-uderil-policek-na-hlavicku-aneb-chartistka-ci-rozvedcik-my-jsme-jedna-partaj","status":"publish","type":"post","link":"https:\/\/www.infokuryr.cz\/n\/2023\/10\/30\/marek-adam-jak-nam-jejich-prezident-uderil-policek-na-hlavicku-aneb-chartistka-ci-rozvedcik-my-jsme-jedna-partaj\/","title":{"rendered":"Marek Adam: Jak n\u00e1m \u201ejejich\u201c (p)rezident ude\u0159il pol\u00ed\u010dek na hlavi\u010dku aneb Chartistka \u010di rozv\u011bd\u010d\u00edk, my jsme jedna parta(j)!"},"content":{"rendered":"<div id=\"fb-root\"><\/div>\n<p>Tak a je to za n\u00e1mi! A bolelo to moc\u2026 Hlavn\u011b zdrav\u00fd selsk\u00fd rozum, ten p\u0159\u00edmo trp\u011bl a \u00fap\u011bl. Budeme se holt te\u010f muset v\u00edce d\u00edvat na Batmana a m\u00e9n\u011b po\u010d\u00edtat, kolikero \u201emetr\u016f\u201c m\u00e1 na\u0161e novodob\u00e1 spravedlnost. \u201eElita\u201c toti\u017e p\u0159ich\u00e1z\u00ed SPOLU!<\/p>\n<p>\u0160koda, \u017ee na\u0161ich doln\u00edch deset milion\u016f nemohlo b\u00fdt na t\u00e9to sl\u00e1v\u011b s\u00a0nimi. Generalissimus (p)rezident by jim vysv\u011btlil, \u017ee tomu \u0161patn\u011b rozum\u011bj\u00ed. \u017de to nejsp\u00ed\u0161 nebude o tom, daj\u00ed-li medaili \u010di nedaj\u00ed-li medaili, n\u00fdbr\u017e \u017ee \u201evoni jsou setsakramentsky mazan\u00ed\u201c!<\/p>\n<p>Oni chyt\u0159e pov\u011bd\u00ed, \u017ee mus\u00edme padnout a\u017e na dno, abychom zase mohli um\u011bt vst\u00e1t. Pane vachmajstr, Vy jste hlava! Vy dovedete uhodit h\u0159eb\u00ed\u010dek na hlavi\u010dku! A \u017ee to m\u00e1lem n\u00e1zorn\u011b p\u0159edvedli na jednom voj\u00e1\u010dkovi u\u017e na V\u00edtkov\u011b.<\/p>\n<p>\u201eToho Bohd\u00e1 nebude, abychom takov\u00e9 potomky m\u011bli!\u201c pravil rozzu\u0159en\u00fd Jan \u017di\u017eka k\u00a0opil\u00e9mu malom\u011b\u0161\u0165\u00e1kovi z \u201ebrou\u010dki\u00e1dy\u201c Svatopluka \u010cecha. Autor aby se nej\u010dko po\u0159\u00e1dn\u011b zastyd\u011bl, \u017ee se nejmenuje rad\u011bji Evropan, jak n\u00e1m \u201esoudruh gener\u00e1l z\u00a0NATO\u201c, agent 107, v\u00a0sobotu ve\u010der vy\u0165al jeden v\u00fdchovn\u00fd pol\u00ed\u010dek\u2026<\/p>\n<p>Ty jeden \u010dech\u00e1\u010dku, Ty si snad mysl\u00ed\u0161, \u017ee 28. \u0159\u00edjen bude\u0161 slavit jenom s\u00a0vlajkou sv\u00e9ho st\u00e1tu?! Kdo to jakt\u011b\u017eiv vid\u011bl, aby jejich (p)rezidentu n\u011bkdo netleskal\u2026 (!) Kdy\u017e u\u017e se P\u00e1vkovi poradci tolik nad\u0159eli, aby n\u011bjak\u00fd <em>dezol\u00e1tus clausus <\/em>jejich jener\u00e1lovi nezatleskal! To u\u017e si dovolujou p\u0159esp\u0159\u00edli\u0161! Tohle se pov\u00ed a\u017e do Brusele! Tohle si, euro-soudruzi, pov\u00edme jinde a jinak\u2026<\/p>\n<p>Na\u0161t\u011bst\u00ed \u201evl\u00e1da v\u011bc\u00ed jejich se jim zp\u011bt zas navr\u00e1tila\u201c, jak jim mohla zap\u011bt, respektive, v\u00a0dob\u011b, kdy jejich generalissimus byl na \u0161kolen\u00ed, jak \u0161kodit imperialist\u016fm, vlastn\u011b nemohla zap\u011bt, ta jejich Charta, pardon, Marta.<\/p>\n<p>J\u00f3, Marta, j\u00f3 Marta, Martu zn\u00e1 cel\u00e1 parta(j)!<\/p>\n<p>Ale te\u010f u\u017e zase m\u016f\u017ee zap\u011bt, a to nejen jim, ale i jejich kamar\u00e1d\u00ed\u010dk\u016fm. A v\u0161em t\u011bm n\u00f3bl \u201esoudruh\u016fm far\u00e1\u0159\u016fm\u201c, co to nemohli p\u0159ijmout od toho nefe\u0161n\u00fdho, \u201ene-aku(nd)r\u00e1tn\u00edho\u201c p\u0159edch\u016fdce.<\/p>\n<p>Ale to oni moc dob\u0159e v\u011bd\u00ed, nebo\u0165 jsou, jak se \u0159\u00edk\u00e1, \u0159\u00e1dn\u011b uv\u011bdom\u011bl\u00ed. \u201eJejich komunista\u201c je toti\u017e \u00fapln\u011b jin\u00fd \u201elevel\u201c ne\u017e ten \u201en\u00e1\u0161 komunista\u201c, jejich je toti\u017e \u201elep\u0161o\u010dlov\u011bk\u201c, zat\u00edmco ten n\u00e1\u0161 pr\u00fd byl jen hulv\u00e1tsk\u00fd vulg\u00e1rn\u00ed \u201evep\u0159o\u010dlov\u011bk\u201c\u2026 Jak ostatn\u011b moud\u0159e pravil ten jejich Kalousek, \u201ekn\u00ed\u017ee m\u00e1 p\u0159eci k\u00a0lidu bl\u00ed\u017ee\u201c a \u201eMy\u201c se te\u010f jdeme historicky znemo\u017enit a zru\u0161\u00edme celou OSN a zak\u00e1\u017eeme \u201echcim\u00edry\u201c.<\/p>\n<p>Palack\u00fd se hr\u016fzou obrac\u00ed v\u00a0hrob\u011b, a j\u00e1 \u201ekletbu z\u016fstavuji tob\u011b\u201c, za to, \u017ees mi zv\u016fli d\u00e1vala, leopard\u00ed st\u00edha\u010dko F-35! Ale jedno se jim za trumf ponechat mus\u00ed, oni nau\u010dili i ateistu &#8211; obr\u00e1tit se k\u00a0P\u00e1nubohu:<\/p>\n<p><strong><em>\u201eZa co, Panebo\u017ee, za co, trest\u00e1\u0161 tento prost\u00fd lid???!!\u201c \u00a0<\/em><\/strong><\/p>\n<p><img decoding=\"async\" loading=\"lazy\" class=\"wp-image-39233 aligncenter\" src=\"http:\/\/www.infokuryr.cz\/n\/wp-content\/uploads\/2023\/10\/Resized_IMG-20231027-WA0022-206x300.jpeg\" alt=\"\" width=\"584\" height=\"850\" srcset=\"https:\/\/www.infokuryr.cz\/n\/wp-content\/uploads\/2023\/10\/Resized_IMG-20231027-WA0022-206x300.jpeg 206w, https:\/\/www.infokuryr.cz\/n\/wp-content\/uploads\/2023\/10\/Resized_IMG-20231027-WA0022.jpeg 625w\" sizes=\"(max-width: 584px) 100vw, 584px\" \/><\/p>\n<p>Marek Adam<\/p>\n<p>&nbsp;<\/p>\n<p>&nbsp;<\/p>\n<p><a href=\"https:\/\/stranapro.cz\/\"><img decoding=\"async\" loading=\"lazy\" class=\"wp-image-30218 aligncenter\" src=\"http:\/\/www.infokuryr.cz\/n\/wp-content\/uploads\/2023\/06\/PRO-banner-300x36.png\" alt=\"\" width=\"1358\" height=\"163\" srcset=\"https:\/\/www.infokuryr.cz\/n\/wp-content\/uploads\/2023\/06\/PRO-banner-300x36.png 300w, https:\/\/www.infokuryr.cz\/n\/wp-content\/uploads\/2023\/06\/PRO-banner-768x93.png 768w, https:\/\/www.infokuryr.cz\/n\/wp-content\/uploads\/2023\/06\/PRO-banner.png 849w\" sizes=\"(max-width: 1358px) 100vw, 1358px\" \/><\/a><\/p>\n<p>&nbsp;<\/p>\n<p>&nbsp;<\/p>\n<p>&nbsp;<\/p>\n<p>&nbsp;<\/p>\n<p>&nbsp;<\/p>\n","protected":false},"excerpt":{"rendered":"<p>Tak a je to za n\u00e1mi! A bolelo to moc\u2026 Hlavn\u011b zdrav\u00fd selsk\u00fd rozum, ten&#8230;<\/p>\n","protected":false},"author":2,"featured_media":18406,"comment_status":"closed","ping_status":"closed","sticky":false,"template":"","format":"standard","meta":[],"categories":[6],"tags":[2286,6173,1173],"_links":{"self":[{"href":"https:\/\/www.infokuryr.cz\/n\/wp-json\/wp\/v2\/posts\/39232"}],"collection":[{"href":"https:\/\/www.infokuryr.cz\/n\/wp-json\/wp\/v2\/posts"}],"about":[{"href":"https:\/\/www.infokuryr.cz\/n\/wp-json\/wp\/v2\/types\/post"}],"author":[{"embeddable":true,"href":"https:\/\/www.infokuryr.cz\/n\/wp-json\/wp\/v2\/users\/2"}],"replies":[{"embeddable":true,"href":"https:\/\/www.infokuryr.cz\/n\/wp-json\/wp\/v2\/comments?post=39232"}],"version-history":[{"count":0,"href":"https:\/\/www.infokuryr.cz\/n\/wp-json\/wp\/v2\/posts\/39232\/revisions"}],"wp:featuredmedia":[{"embeddable":true,"href":"https:\/\/www.infokuryr.cz\/n\/wp-json\/wp\/v2\/media\/18406"}],"wp:attachment":[{"href":"https:\/\/www.infokuryr.cz\/n\/wp-json\/wp\/v2\/media?parent=39232"}],"wp:term":[{"taxonomy":"category","embeddable":true,"href":"https:\/\/www.infokuryr.cz\/n\/wp-json\/wp\/v2\/categories?post=39232"},{"taxonomy":"post_tag","embeddable":true,"href":"https:\/\/www.infokuryr.cz\/n\/wp-json\/wp\/v2\/tags?post=39232"}],"curies":[{"name":"wp","href":"https:\/\/api.w.org\/{rel}","templated":true}]}}