{"id":39225,"date":"2023-10-30T01:11:23","date_gmt":"2023-10-30T00:11:23","guid":{"rendered":"http:\/\/www.infokuryr.cz\/n\/?p=39225"},"modified":"2023-10-29T17:25:51","modified_gmt":"2023-10-29T16:25:51","slug":"jindrich-kulhavy-jak-na-nizke-preference","status":"publish","type":"post","link":"https:\/\/www.infokuryr.cz\/n\/2023\/10\/30\/jindrich-kulhavy-jak-na-nizke-preference\/","title":{"rendered":"Jind\u0159ich Kulhav\u00fd: Jak na n\u00edzk\u00e9 preference?"},"content":{"rendered":"<div id=\"fb-root\"><\/div>\n<p><span class=\"anotation\">St\u00e1tn\u00ed sv\u00e1tek v\u011bnovan\u00fd zalo\u017een\u00ed \u010ceskoslovenska, a t\u00edm i samostatn\u00e9ho st\u00e1tu p\u0159\u00edmo v\u00a0srdci Evropy, se stal uk\u00e1zkou ignorace sou\u010dasn\u00fdch politick\u00fdch p\u0159edstavitel\u016f. Zat\u00edmco ti nejvy\u0161\u0161\u00ed se p\u0159edh\u00e1n\u011bli ve hran\u00e9m vlastenectv\u00ed pod n\u00e1rodn\u00ed vlajkou, v\u011bt\u0161ina komun\u00e1ln\u00edch politik\u016f v\u00fdznamn\u00fd den ignorovala a kdysi automaticky uskute\u010d\u0148ovan\u00e1 v\u00fdzdoba m\u011bst a obc\u00ed prost\u011b chyb\u011bla. Na ni\u017e\u0161\u00ed \u00farovni u\u017e si elity tedy ani na vlastenectv\u00ed nehraj\u00ed. Prezident Pavel vzd\u00e1vaj\u00edc\u00ed se nahlas spole\u010dn\u011b s\u00a0Kalouskem pr\u00e1va na \u010desk\u00e9 veto p\u0159i rozhodov\u00e1n\u00ed v\u00a0Bruselu o n\u00e1rodn\u00edch z\u00e1le\u017eitostech u\u017e jen zatlouk\u00e1 jeden z\u00a0posledn\u00edch h\u0159eb\u00ed\u010dk\u016f do v\u00edka rakve, v\u00a0n\u00ed\u017e le\u017e\u00ed samostatn\u00fd a hrd\u00fd \u010desk\u00fd st\u00e1t.<\/span><\/p>\n<div id=\"pagetext\">\n<p>\u00a0 Paradoxem nakonec z\u016fstalo i ka\u017edoro\u010dn\u00ed p\u0159ed\u00e1v\u00e1n\u00ed vyznamen\u00e1n\u00ed a \u0159\u00e1d\u016f na Pra\u017esk\u00e9m hradu, kdy jm\u00e9na mnoh\u00fdch vzbuzovala rozpaky a\u017e odpor. Petr Pavel nijak nep\u0159ekvapil a rozd\u00e1val \u0159\u00e1dy jako na b\u011b\u017e\u00edc\u00edm p\u00e1su p\u0159edev\u0161\u00edm liber\u00e1ln\u011b sm\u00fd\u0161lej\u00edc\u00edm jedinc\u016fm. U takov\u00e9ho Rychetsk\u00e9ho \u0161lo doslova o z\u00e1m\u011brn\u00fd v\u00fdsm\u011bch parlamentn\u00ed opozici. A u bratr\u016f Ma\u0161\u00edn\u016f, u nich\u017e bylo na\u010dasov\u00e1n\u00ed premi\u00e9ry filmu Brat\u0159i popisuj\u00edc\u00ed pon\u011bkud tenden\u010dn\u011b jejich \u00faprk z\u00a0komunisty ovl\u00e1dan\u00e9 republiky doslova slad\u011bn\u00e9 s\u00a0v\u011bnov\u00e1n\u00edm st\u00e1tn\u00edho vyznamen\u00e1n\u00ed, se musel pousm\u00e1t snad ka\u017ed\u00fd. Nejde o to, \u017ee Ma\u0161\u00ednov\u00e9 opustili zemi, to bylo v\u00a0t\u00e9 dob\u011b pochopiteln\u00e9, sp\u00ed\u0161e \u0161lo o zp\u016fsob a agresivitu. Kauza bratr\u016f Ma\u0161\u00edn\u016f je na samostatnou diskuzi, maj\u00ed sv\u00e9 obh\u00e1jce i kritiky, ov\u0161em aby dostali \u0159\u00e1d od b\u00fdval\u00e9ho komunistick\u00e9ho vojensk\u00e9ho rozv\u011bd\u010d\u00edka, to u\u017e je biz\u00e1r. Jen\u017ee \u010ce\u0161i u\u017e asi snesou v\u0161e a ztratili smysl pro realitu. I d\u00edky tomu m\u00e1me obsazen\u00ed Hradu a obou komor Parlamentu \u010cR takov\u00e9, jak\u00e9 m\u00e1me.<\/p>\n<p><a href=\"https:\/\/stranapro.cz\/\"><img decoding=\"async\" loading=\"lazy\" class=\"wp-image-30218 aligncenter\" src=\"http:\/\/www.infokuryr.cz\/n\/wp-content\/uploads\/2023\/06\/PRO-banner-300x36.png\" alt=\"\" width=\"1358\" height=\"163\" srcset=\"https:\/\/www.infokuryr.cz\/n\/wp-content\/uploads\/2023\/06\/PRO-banner-300x36.png 300w, https:\/\/www.infokuryr.cz\/n\/wp-content\/uploads\/2023\/06\/PRO-banner-768x93.png 768w, https:\/\/www.infokuryr.cz\/n\/wp-content\/uploads\/2023\/06\/PRO-banner.png 849w\" sizes=\"(max-width: 1358px) 100vw, 1358px\" \/><\/a><\/p>\n<p>I p\u0159es naivitu a jistou hloupost \u010desk\u00e9ho n\u00e1roda kles\u00e1 popularita vl\u00e1dn\u00ed P\u011btikoalice a samotn\u00e9ho premi\u00e9ra Fialy. V\u00a0sou\u010dasn\u00e9 dob\u011b jsou preference vl\u00e1dn\u00edch stran v\u00a0sou\u010dtu cca na 35%, co\u017e nezn\u00ed a\u017e p\u0159\u00edli\u0161 optimisticky. ODS a Pir\u00e1ti maj\u00ed dohromady kolem 23%, na zb\u00fdvaj\u00edc\u00ed koali\u010dn\u00ed strany tak p\u0159ipad\u00e1 12%, co\u017e zna\u010d\u00ed cosi o tom, \u017ee by se za ur\u010dit\u00fdch okolnost\u00ed nemusely v\u016fbec dostat do Sn\u011bmovny. Samotn\u00fd Fiala se dostal v\u00a0oblib\u011b na historick\u00e9 dvouprocentn\u00ed minimum. V\u00a0jist\u00e9m rozhovoru s\u00a0p\u0159edsedkyn\u00ed Top09 Adamovou Pekarovou na ot\u00e1zku na to, jak cht\u011bj\u00ed v\u00a0koalici \u0159e\u0161it kritickou situaci, odpov\u011bd\u011bla v\u00a0sou\u010dasnosti nejv\u00fd\u0161e postaven\u00e1 \u017eena v\u00a0zemi velmi jasn\u011b. Nad\u011bji vid\u00ed v\u00a0prosazen\u00ed koresponden\u010dn\u00edho zp\u016fsobu voleb. Je tedy na m\u00edst\u011b ot\u00e1zka, kam t\u00edm m\u00ed\u0159\u00ed? Pod\u00edv\u00e1me li se na to logicky, pak v\u00edcem\u00e9n\u011b p\u0159izn\u00e1v\u00e1, \u017ee jedinou \u0161anc\u00ed pro sou\u010dasnou vl\u00e1dnouc\u00ed koalici nen\u00ed ud\u011blat pro vzestup \u0161anc\u00ed a preferenc\u00ed n\u011bco s\u00a0tristn\u00edm zp\u016fsobem hospoda\u0159en\u00ed, ale prioritou z\u016fst\u00e1v\u00e1 nastolit takov\u00fd syst\u00e9m voleb, kde by bylo mo\u017eno zmanipulovat rozhodnut\u00ed voli\u010d\u016f. Koresponden\u010dn\u00ed hlasy maj\u00ed toti\u017ev tomto sm\u011bru \u00a0plno v\u00fdhod a jsou k\u00a0tomu doslova p\u0159eur\u010den\u00e9.<\/p>\n<p>O zp\u016fsobu, kter\u00fdm parlamentn\u00ed stoosmi\u010dkov\u00e1 v\u011bt\u0161ina zach\u00e1z\u00ed s\u00a0opozic\u00ed, si m\u016f\u017eeme myslet sv\u00e9. Dosud snad nikdy tak v\u00fdrazn\u011b neignorovala ,,v\u00edt\u011bzn\u00e1\u201c skvadra p\u0159i jedn\u00e1n\u00edch poslanc\u016f sv\u00e9 oponenty. Jejich uml\u010dov\u00e1n\u00ed, zkracov\u00e1n\u00ed programu a \u010dasu na p\u0159\u00edsp\u011bvky je v\u00a0souladu s\u00a0dal\u0161\u00edm chov\u00e1n\u00edm P\u011btikoalice. P\u0159esto\u017ee se k\u00a0moci dostala i d\u00edky p\u0159edvolebn\u00edmu z\u00e1sahu \u00dastavn\u00edho soudu veden\u00e9ho tehdy nyn\u00ed \u0159\u00e1dem obdarovan\u00fdm Rychetsk\u00fdm, jinak by Pekarov\u00e1 Adamov\u00e1 mo\u017en\u00e1 v\u00a0Parlamentu ani nebyla a Pir\u00e1ti ve vl\u00e1d\u011b u\u017e v\u016fbec ne, v\u00edt\u011bzn\u00e9 ANO odm\u00edt\u00e1 v\u00edcem\u00e9n\u011b vn\u00edmat a SPD ignoruje \u00fapln\u011b. Z\u00e1jmy a n\u00e1zory opozice zastupuj\u00edc\u00ed t\u00e9m\u011b\u0159 polovinu n\u00e1roda jsou pro P\u011btikolku otravn\u00fdm bzu\u010den\u00edm kom\u00e1ra p\u0159edur\u010den\u00e9ho k\u00a0pl\u00e1cnut\u00ed. Jen\u017ee nic netrv\u00e1 v\u011b\u010dn\u011b a v\u00a0dal\u0161\u00edm volebn\u00edm obdob\u00ed to m\u016f\u017ee znamenat jistou pomstu jak od voli\u010d\u016f, tak i od stran, kter\u00e9 z\u00edskaj\u00ed p\u0159evahu. A p\u0159iznejme si, \u017ee Fiala &amp; spol. si \u0159\u00edkaj\u00ed o sadu trestn\u00edch ozn\u00e1men\u00ed podan\u00fdch na n\u011b za formu hospoda\u0159en\u00ed v\u00a0\u010cesk\u00e9 republice.<\/p>\n<p>Koresponden\u010dn\u00ed volby maj\u00ed potenci\u00e1l dostat v\u0161e v\u00fd\u0161e uveden\u00e9 do p\u0159\u00edzniv\u011bj\u0161\u00edch \u010d\u00edsel pro ty, kdo budou po\u010d\u00edtat hlasy. K\u00a0s\u010d\u00edt\u00e1n\u00ed jsou p\u0159edur\u010deny zp\u016fsoby umo\u017e\u0148uj\u00edc\u00ed z\u00a0cel\u00fdch voleb ud\u011blat fra\u0161ku. To Pekarov\u00e1 Adamov\u00e1 dob\u0159e v\u00ed a ve sv\u00e9m vysok\u00e9m stupni idiocie u\u017e ani neskr\u00fdv\u00e1, kam sm\u011b\u0159uj\u00ed opat\u0159en\u00ed p\u0159ed dal\u0161\u00edmi parlamentn\u00edmi volbami. Manipulace s\u00a0hlasy ,,z\u00edskan\u00fdmi ze zahrani\u010d\u00ed\u201c by tak doplnily i ty l\u00edstky voli\u010d\u016f neochotn\u00fdch se v\u00a0\u010cech\u00e1ch a na Morav\u011b z\u00a0r\u016fzn\u00fdch d\u016fvod\u016f dostavit se k\u00a0volebn\u00edm urn\u00e1m. O tom, jak se d\u00e1 nav\u00fd\u0161it jejich po\u010det, nen\u00ed t\u0159eba diskutovat, ostatn\u011b americk\u00e9 prezidentsk\u00e9 volby jsou toho d\u016fkazem, nav\u00edc s\u010d\u00edtac\u00ed stroje maj\u00ed sv\u016fj software a dok\u00e1\u017eou d\u011blat ,,z\u00e1zraky\u201c. V\u0161ichni si pamatujeme Bidenovu k\u0159ivku. A t\u00edm se i vysv\u011btluje, pro\u010d je zaveden\u00ed koresponden\u010dn\u00edch voleb prioritou P\u011btikoalice. Po lhan\u00ed a hran\u00e9m sebeuspokojen\u00ed tak na \u0159adu p\u0159ijdou podvody. A to u\u017e na\u0165uk\u00e1vaj\u00ed mo\u017enost d\u00e1t volebn\u00ed pr\u00e1vo \u0161estn\u00e1ctilet\u00fdm ml\u00e1de\u017en\u00edk\u016fm. Pocit, \u017ee v\u011bt\u0161ina v\u00a0Parlamentu je z\u00e1\u0161titou bezuzdn\u00e9ho syst\u00e9mu vl\u00e1dnut\u00ed, z\u00a0Pekarov\u00e9 Adamov\u00e9 \u010d\u00ed\u0161\u00ed na sto hon\u016f. Prosazuj\u00ed si v\u0161e, co si usmysl\u00ed. Jak dlouho je\u0161t\u011b? A kdy se kone\u010dn\u011b vzep\u0159e p\u0159edvolebn\u00edmi sliby oblbnut\u00e1 ulice?<\/p>\n<p><a href=\"https:\/\/www.inadhled.live\/zajimavosti\/jak-na-nizke-preference-\/\">Jind\u0159ich Kulhav\u00fd<\/a><\/p>\n<p><img decoding=\"async\" loading=\"lazy\" class=\"alignnone size-medium wp-image-22653\" src=\"http:\/\/www.infokuryr.cz\/n\/wp-content\/uploads\/2023\/02\/jindra-kulhavy-221x300.jpg\" alt=\"\" width=\"221\" height=\"300\" srcset=\"https:\/\/www.infokuryr.cz\/n\/wp-content\/uploads\/2023\/02\/jindra-kulhavy-221x300.jpg 221w, https:\/\/www.infokuryr.cz\/n\/wp-content\/uploads\/2023\/02\/jindra-kulhavy.jpg 311w\" sizes=\"(max-width: 221px) 100vw, 221px\" \/><\/p>\n<p>&nbsp;<\/p>\n<p>&nbsp;<\/p>\n<\/div>\n","protected":false},"excerpt":{"rendered":"<p>St\u00e1tn\u00ed sv\u00e1tek v\u011bnovan\u00fd zalo\u017een\u00ed \u010ceskoslovenska, a t\u00edm i samostatn\u00e9ho st\u00e1tu p\u0159\u00edmo v\u00a0srdci Evropy, se stal&#8230;<\/p>\n","protected":false},"author":2,"featured_media":39226,"comment_status":"closed","ping_status":"closed","sticky":false,"template":"","format":"standard","meta":[],"categories":[6],"tags":[29,727,6172,27],"_links":{"self":[{"href":"https:\/\/www.infokuryr.cz\/n\/wp-json\/wp\/v2\/posts\/39225"}],"collection":[{"href":"https:\/\/www.infokuryr.cz\/n\/wp-json\/wp\/v2\/posts"}],"about":[{"href":"https:\/\/www.infokuryr.cz\/n\/wp-json\/wp\/v2\/types\/post"}],"author":[{"embeddable":true,"href":"https:\/\/www.infokuryr.cz\/n\/wp-json\/wp\/v2\/users\/2"}],"replies":[{"embeddable":true,"href":"https:\/\/www.infokuryr.cz\/n\/wp-json\/wp\/v2\/comments?post=39225"}],"version-history":[{"count":0,"href":"https:\/\/www.infokuryr.cz\/n\/wp-json\/wp\/v2\/posts\/39225\/revisions"}],"wp:featuredmedia":[{"embeddable":true,"href":"https:\/\/www.infokuryr.cz\/n\/wp-json\/wp\/v2\/media\/39226"}],"wp:attachment":[{"href":"https:\/\/www.infokuryr.cz\/n\/wp-json\/wp\/v2\/media?parent=39225"}],"wp:term":[{"taxonomy":"category","embeddable":true,"href":"https:\/\/www.infokuryr.cz\/n\/wp-json\/wp\/v2\/categories?post=39225"},{"taxonomy":"post_tag","embeddable":true,"href":"https:\/\/www.infokuryr.cz\/n\/wp-json\/wp\/v2\/tags?post=39225"}],"curies":[{"name":"wp","href":"https:\/\/api.w.org\/{rel}","templated":true}]}}