{"id":39224,"date":"2023-10-30T01:02:59","date_gmt":"2023-10-30T00:02:59","guid":{"rendered":"http:\/\/www.infokuryr.cz\/n\/?p=39224"},"modified":"2023-10-29T17:21:23","modified_gmt":"2023-10-29T16:21:23","slug":"lubomir-man-nase-ministryne-strileni-navrhla-abychom-vystoupili-z-osn-pani-mullerova","status":"publish","type":"post","link":"https:\/\/www.infokuryr.cz\/n\/2023\/10\/30\/lubomir-man-nase-ministryne-strileni-navrhla-abychom-vystoupili-z-osn-pani-mullerova\/","title":{"rendered":"Lubom\u00edr Man: Na\u0161e ministryn\u011b st\u0159\u00edlen\u00ed navrhla, abychom vystoupili z OSN, pan\u00ed M\u00fcllerov\u00e1?"},"content":{"rendered":"<div id=\"fb-root\"><\/div>\n<p>\u201eNepov\u00eddejte milostpane. A to jako ta \u010cernochov\u00e1? A kde nebo kdy to navrhla?\u201c<\/p>\n<p>\u201eNa soci\u00e1ln\u00ed s\u00edti X v sobotu ve\u010der. \u010cili hned druh\u00fd den potom, co Valn\u00e9 shrom\u00e1\u017ed\u011bn\u00ed OSN velkou v\u011bt\u0161inou hlas\u016f schv\u00e1lilo rezoluci vyz\u00fdvaj\u00edc\u00ed k humanit\u00e1rn\u00edm p\u0159\u00edm\u011b\u0159\u00ed mezi Ham\u00e1sem a Izraelem\u201c.<\/p>\n<p>\u201eA to jako jde, vystoupit z OSN? J\u00e1 myslela, \u017ee b\u00fdt v n\u00ed je\u00a0 povinn\u00e9\u201c.<\/p>\n<p>\u201eTak to nem\u016f\u017eu slou\u017eit, pan\u00ed M\u00fcllerov\u00e1. V\u00edm, \u017ee se do OSN nov\u00e9 st\u00e1ty hl\u00e1s\u00ed, ale nev\u00edm, jestli se z OSN d\u00e1 taky vystoupit. Mo\u017en\u00e1 \u017ee jo, ale nevzpom\u00edn\u00e1m si, \u017ee bych o takov\u00e9m p\u0159\u00edpadu kdy sly\u0161el\u201c.<\/p>\n<p>\u201eAno, je to asi moc vz\u00e1cn\u00e9, to vystoupen\u00ed, \u017ee pane \u0160vejk. Ale vlastn\u011b pro\u010d bychom to pr\u00e1v\u011b proto neud\u011blali, \u017ee ano? Aspo\u0144 by se o n\u00e1s v\u00edc mluvilo. V\u017edy\u0165 jinak o n\u00e1s dnes nezakr\u00e1kor\u00e1 u\u017e ani ten havran\u201c.<\/p>\n<p>\u201eMoment! Te\u010f jste mo\u017en\u00e1 klepla h\u0159eb\u00ed\u010dek na hlavi\u010dku, pan\u00ed dom\u00e1c\u00ed. Proto\u017ee j\u00e1 si od r\u00e1na \u0159\u00edk\u00e1m, pro\u010d na n\u00e1s ta\u00a0 \u010cernochov\u00e1 ten nesmysl s vystoupen\u00edm z OSN vytasila, a vy jste m\u011b te\u010f p\u0159inutila dumat nad t\u00edm, jestli to nen\u00ed proto, \u017ee u\u017e 24 hodin nebyla na obrazovce, v rozhlase a ani v novin\u00e1ch\u201c.<\/p>\n<p>\u201eJo, tohle je v\u00e1\u017en\u00e1 nemoc, milostpane. Sly\u0161ela jsem o jedn\u00e9 ubo\u017ea\u010dce z Vinohrad, \u017ee se vrhla pod lokomotivu jenom proto, aby se o n\u00ed psalo. Ale je\u0161t\u011b t\u011bsn\u011b p\u0159edt\u00edm napsala do novin, \u017ee si p\u0159eje, aby zpr\u00e1vu o jej\u00edm konci doprovodili jej\u00edm cel\u00fdm jm\u00e9nem a neodbyli to jenom zkratkou\u201c.<\/p>\n<p>\u201eNo byla pe\u010dliv\u00e1, to je v\u0161echno. Ale ani se nept\u00e1te, pan\u00ed dom\u00e1c\u00ed, co se t\u00e9 na\u0161\u00ed ministryni na OSN tak nel\u00edb\u00ed, \u017ee navrhuje, abychom j\u00ed dali sbohem\u201c<\/p>\n<p>\u201eNo tak toho bych byla opravdu \u017e\u00e1doucna, pane \u0160vejk. Mluvte!\u201c.<\/p>\n<p>\u201eNel\u00edb\u00ed se j\u00ed ta rezoluce Valn\u00e9ho shrom\u00e1\u017ed\u011bn\u00ed OSN, o kter\u00e9 jsem u\u017e mluvil.. No ta, co vyz\u00fdv\u00e1 k humanit\u00e1rn\u00edmu p\u0159\u00edm\u011b\u0159\u00ed mezi Ham\u00e1sem a Izraelem\u201c.<\/p>\n<p>\u201eAle to je p\u0159ece dob\u0159e, aby bylo to p\u0159\u00edm\u011b\u0159\u00ed, ne? Lep\u0161\u00ed, ne\u017e aby se tam lidi, natla\u010deni pr\u00fd v t\u00e9 Gaze jeden na druh\u00e9ho jak sardinky, por\u00e1\u017eeli h\u016f\u0159 ne\u017e dobytek, jak je tomu dneska. Tak co se j\u00ed na tom p\u0159\u00edm\u011b\u0159\u00ed tak nel\u00edb\u00ed?\u201c<\/p>\n<p>\u201eVyzn\u00e1v\u00e1 asi z\u00e1sadu, \u017ee kdy\u017e jste mi dali na dr\u017eku, mus\u00edte vydr\u017eet, kdy\u017e jich dostanete deset\u00a0 zp\u00e1tky. V\u00edte ale j\u00e1 si mysl\u00edm, \u017ee o tohle j\u00ed ani tak moc nejde. Podle m\u011b ji hlavn\u011b zdrtilo samo to hlasov\u00e1n\u00ed. To, \u017ee ze 193 zem\u00ed sv\u011bta hlasovalo pro humanit\u00e1rn\u00ed p\u0159\u00edm\u011b\u0159\u00ed 120 zem\u00ed, 45 zem\u00ed se hlasov\u00e1n\u00ed zdr\u017eelo a jenom 14 zem\u00ed, mezi nimi i my, hlasovalo proti humanit\u011b. A \u017ee mezi t\u011bmi 14 protihumanit\u00e1rn\u00edmi zem\u011bmi byly vedle n\u00e1s, Izraele, USA, Rakouska, Ma\u010farska a Chorvatska u\u017e jenom tak m\u00e1lo proslul\u00e9 zem\u011b jako Marshallovy ostrovy, Mikron\u00e9sie, Republika Nauru, Papua nov\u00e1 Guinea, Paraguay a Tongo\u201c.<\/p>\n<p>\u201eNo jo, tak te\u010f u\u017e ch\u00e1pu, \u017ee se t\u00e9 d\u00e1m\u011b z tak m\u00e1lo vzne\u0161en\u00e9 spole\u010dnosti ud\u011blaly pup\u00ednky po t\u011ble. Ale \u0159eknu jen jedno. Bude si muset zvykat\u201c.<\/p>\n<p><em>Lubom\u00edr Man\u00a0\u00a0\u00a0<\/em><\/p>\n<p><em><img decoding=\"async\" loading=\"lazy\" class=\"alignnone size-full wp-image-860\" src=\"http:\/\/www.infokuryr.cz\/n\/wp-content\/uploads\/2021\/04\/lub_man.jpg\" alt=\"\" width=\"143\" height=\"200\" \/><\/em><\/p>\n<p>&nbsp;<\/p>\n<p><a href=\"https:\/\/stranapro.cz\/\"><em><img decoding=\"async\" loading=\"lazy\" class=\"wp-image-30218 aligncenter\" src=\"http:\/\/www.infokuryr.cz\/n\/wp-content\/uploads\/2023\/06\/PRO-banner-300x36.png\" alt=\"\" width=\"1358\" height=\"163\" srcset=\"https:\/\/www.infokuryr.cz\/n\/wp-content\/uploads\/2023\/06\/PRO-banner-300x36.png 300w, https:\/\/www.infokuryr.cz\/n\/wp-content\/uploads\/2023\/06\/PRO-banner-768x93.png 768w, https:\/\/www.infokuryr.cz\/n\/wp-content\/uploads\/2023\/06\/PRO-banner.png 849w\" sizes=\"(max-width: 1358px) 100vw, 1358px\" \/><\/em><\/a><\/p>\n<p>&nbsp;<\/p>\n<p>&nbsp;<\/p>\n<p><em>\u00a0\u00a0\u00a0\u00a0<\/em><\/p>\n","protected":false},"excerpt":{"rendered":"<p>\u201eNepov\u00eddejte milostpane. A to jako ta \u010cernochov\u00e1? A kde nebo kdy to navrhla?\u201c \u201eNa soci\u00e1ln\u00ed&#8230;<\/p>\n","protected":false},"author":2,"featured_media":26346,"comment_status":"closed","ping_status":"closed","sticky":false,"template":"","format":"standard","meta":[],"categories":[6],"tags":[2334,29,186],"_links":{"self":[{"href":"https:\/\/www.infokuryr.cz\/n\/wp-json\/wp\/v2\/posts\/39224"}],"collection":[{"href":"https:\/\/www.infokuryr.cz\/n\/wp-json\/wp\/v2\/posts"}],"about":[{"href":"https:\/\/www.infokuryr.cz\/n\/wp-json\/wp\/v2\/types\/post"}],"author":[{"embeddable":true,"href":"https:\/\/www.infokuryr.cz\/n\/wp-json\/wp\/v2\/users\/2"}],"replies":[{"embeddable":true,"href":"https:\/\/www.infokuryr.cz\/n\/wp-json\/wp\/v2\/comments?post=39224"}],"version-history":[{"count":0,"href":"https:\/\/www.infokuryr.cz\/n\/wp-json\/wp\/v2\/posts\/39224\/revisions"}],"wp:featuredmedia":[{"embeddable":true,"href":"https:\/\/www.infokuryr.cz\/n\/wp-json\/wp\/v2\/media\/26346"}],"wp:attachment":[{"href":"https:\/\/www.infokuryr.cz\/n\/wp-json\/wp\/v2\/media?parent=39224"}],"wp:term":[{"taxonomy":"category","embeddable":true,"href":"https:\/\/www.infokuryr.cz\/n\/wp-json\/wp\/v2\/categories?post=39224"},{"taxonomy":"post_tag","embeddable":true,"href":"https:\/\/www.infokuryr.cz\/n\/wp-json\/wp\/v2\/tags?post=39224"}],"curies":[{"name":"wp","href":"https:\/\/api.w.org\/{rel}","templated":true}]}}