{"id":39210,"date":"2023-10-30T01:07:02","date_gmt":"2023-10-30T00:07:02","guid":{"rendered":"http:\/\/www.infokuryr.cz\/n\/?p=39210"},"modified":"2023-10-29T16:31:24","modified_gmt":"2023-10-29T15:31:24","slug":"my-ceska-republika-prezili-jsme-havla-prezijem-i-pavla-ale","status":"publish","type":"post","link":"https:\/\/www.infokuryr.cz\/n\/2023\/10\/30\/my-ceska-republika-prezili-jsme-havla-prezijem-i-pavla-ale\/","title":{"rendered":"My, \u010cesk\u00e1 republika: p\u0159e\u017eili jsme Havla, p\u0159e\u017eijem i Pavla. Ale&#8230;"},"content":{"rendered":"<div id=\"fb-root\"><\/div>\n<div class=\"introtext\">\n<p><span style=\"font-size: 14pt;\"><strong>K projevu se d\u00e1 \u0159\u00edct, \u017ee byl. Pouze se neshodneme s p\u0159\u00e1teli, zda to psal \u017e\u00e1k \u0161est\u00e9, \u010di sedm\u00e9 t\u0159\u00eddy. Vize? Nula. Trapn\u00e9 a uboh\u00e9. J\u00e1, Pavel, bur\u0161 Bruselu a Ukrajiny. Prost\u011b n\u011bco bezv\u00fdznamn\u00e9ho, co se rozplyne. Ale to hlavn\u00ed poselstv\u00ed je jinde.<\/strong><\/span><\/p>\n<\/div>\n<div class=\"fulltext\">\n<h1><span class=\"x193iq5w xeuugli x13faqbe x1vvkbs x1xmvt09 x1lliihq x1s928wv xhkezso x1gmr53x x1cpjm7i x1fgarty x1943h6x xudqn12 x3x7a5m x6prxxf xvq8zen xo1l8bm xzsf02u x1yc453h\" dir=\"auto\">Memento Mori<\/span><\/h1>\n<p>Po roce 1968 jsme m\u011bli v \u00fact\u011b Martu Kubi\u0161ovou, pra\u017esk\u00e9 Flamengo, kdy v\u011bt\u0161ina kapely pak utekla na z\u00e1pad, aby mohla hr\u00e1t, jako Erno \u0161ediv\u00fd, \u010di Kulh\u00e1nek, alias Guma v \u010dele s \u00fadajn\u00fdm protikomunistick\u00fdm zp\u011bv\u00e1kem Mi\u0161\u00edkem, kter\u00fd zde z\u016fstal. Nebo Chartu 77.\u00a0<strong>Za jakou cenu si hr\u00e1li na perzekuovan\u00e9 jsme poznali dnes.<\/strong><\/p>\n<p>Marta Kubi\u0161ov\u00e1 si hr\u00e1la na ikonu proti komunist\u016fm. Proto\u017ee zazp\u00edvala jednu p\u00edsni\u010dku. Protibol\u0161evickou. K\u0159iv\u00e1 p\u00e1te\u0159 a hnus.<\/p>\n<p><img decoding=\"async\" class=\"aligncenter\" src=\"https:\/\/www.skrytapravda.cz\/images\/blogy\/805\/2023\/10%C5%99%C3%ADjen\/kubisov%C3%A1_793f4.webp\" alt=\"kubisov\u00e1 793f4\" \/><\/p>\n<p>B\u00fdval\u00fd bol\u0161evik Pavel p\u0159edal vyznamen\u00e1n\u00ed Vladim\u00edru Mi\u0161\u00edkovi,\u00a0hudebn\u00edkovi, zp\u011bv\u00e1kovi a kytaristovi, \u00fadajn\u011b perzekuovan\u00e9mu komunistick\u00fdm re\u017eimem. A nyn\u00ed se p\u0159ed n\u00edm tetel\u00ed. Ubo\u017e\u00e1k.<\/p>\n<p>Hanba mus\u00ed ml\u00e1tit ubohou Kant\u016frkovou, kter\u00e1 se patol\u00edzalsky klan\u011bla p\u0159ed bol\u0161evikem, dosazen\u00fdm na prezidenta: vyznamen\u00e1n\u00ed Ev\u011b Kant\u016frkov\u00e9,\u00a0prozai\u010dce \u00fadajn\u011b perzekuovan\u00e9 komunistick\u00fdm re\u017eimem a signat\u00e1\u0159ce Charty 77.<\/p>\n<p><img decoding=\"async\" class=\"aligncenter\" src=\"https:\/\/www.skrytapravda.cz\/images\/blogy\/805\/2023\/10%C5%99%C3%ADjen\/Charta_77_357a4.webp\" alt=\"Charta 77 357a4\" \/><\/p>\n<p>Je mi na zvracen\u00ed, kdy\u017e dnes berou vyznamen\u00e1n\u00ed od bol\u0161evika agenta P\u00e1vka, kter\u00fd byl\u00a0<strong>dosazen<\/strong>\u00a0jako prezident Pavel po\u00a0<strong>vy\u0159azen\u00ed<\/strong>\u00a0v\u0161ech dal\u0161\u00edch kandid\u00e1t\u016f.<\/p>\n<p>A kdy\u017e pak p\u0159eb\u00edr\u00e1 vyznamen\u00e1n\u00ed z rukou tohoto \u010dlov\u011bka mluv\u010d\u00ed Charty 77, najednou vid\u00edme, jak v pozad\u00ed byly v\u0161echny k\u0159iv\u00e9 p\u00e1te\u0159e propojen\u00e9 a \u017ee Charta 77 byla jen fra\u0161ka o navr\u00e1cen\u00ed majetk\u016f a nikoliv o st\u00e1tu zvan\u00e9m \u010ceskoslovensko &#8211; \u010cesk\u00e1 republika.<\/p>\n<table>\n<tbody>\n<tr>\n<td><span style=\"font-size: 18pt;\"><strong>Slova prezidenta V\u00e1clava Klause vytesat do kamene<\/strong><\/span><\/p>\n<p>(Parafr\u00e1ze) Na v\u00fdro\u010d\u00ed st\u00e1tu bych si nedovolil nep\u0159ij\u00edt na Pra\u017esk\u00fd hrad. To nen\u00ed o podava\u010di vyznamen\u00e1n\u00ed, ale o \u010desk\u00e9 st\u00e1tnosti. Nebo odej\u00edt jako nen\u00e1vistn\u00e1 N\u011bmcov\u00e1, co\u017e je ur\u00e1\u017eka st\u00e1tu, nikoliv osoby d\u00e1vaj\u00edc\u00ed vyznamen\u00e1n\u00ed. (<em>Po \u0161a\u0161k\u00e1rn\u011b, kdy ode\u0161li po projevu prezidenta Zemana trapn\u00ed politici<\/em>) Ale po projevu chameleona Pavla ani zd\u00e1nliv\u00e9 tlesknut\u00ed. A to vyjad\u0159ovalo pohrd\u00e1n\u00ed s t\u00edmto \u010dlov\u011bkem s k\u0159ivou p\u00e1te\u0159\u00ed.<\/p>\n<p><span style=\"font-size: 18pt;\"><strong>Pan prezident V\u00e1clav Klaus je skute\u010dn\u00fd st\u00e1tn\u00edk a tento odpad mu nesah\u00e1 ani po kotn\u00edky.<\/strong><\/span><\/td>\n<\/tr>\n<\/tbody>\n<\/table>\n<p>P.S. Ostatn\u00ed p\u0159ebran\u00e1 vyznamen\u00e1n\u00ed asi nikomu ned\u011blaj\u00ed probl\u00e9my: byli navr\u017eeni kandid\u00e1ti a ocen\u011bn\u00ed v\u011bt\u0161inou dle z\u00e1sluhy a spravedliv\u011b p\u0159evzali. To nebyl disent a \u00fadajn\u011b perzekuovan\u00e1 opozice proti totalit\u011b.<\/p>\n<h2><strong>A nejd\u016fle\u017eit\u011bj\u0161\u00ed poselstv\u00ed t.\u010d. 28.10.2023:<\/strong><\/h2>\n<p><strong>Miroslav Mare\u010dek &#8211; hladovk\u00e1\u0159 a Karel Kryl.<\/strong>\u00a0Oba zem\u0159eli p\u0159ed\u010dasn\u011b. Zoufalstv\u00fdm nad t\u011bmito zv\u011brstvy, kter\u00e9 tu\u0161ili d\u0159\u00edv, ne\u017e my. To zv\u011brstvo a k\u0159iv\u00e9 p\u00e1te\u0159e neunesli. Havel ud\u011blal z Mare\u010dka, kter\u00fd je obvinil z paktov\u00e1n\u00ed s bol\u0161eviky skoro bl\u00e1zna a lid Havlovi uv\u011b\u0159il. Miroslav Mare\u010dek byl vyhl\u00e1\u0161en za bl\u00e1zna a Karel Kryl za psychicky naru\u0161en\u00e9ho jako v roce 1969<strong>\u00a0Palach<\/strong>, kter\u00fd se up\u00e1lil pr\u00e1v\u011b proti okupaci a lhostejnosti n\u00e1roda k t\u011bmto zv\u011brstv\u016fm.<\/p>\n<p><strong>A\u017e se vr\u00e1t\u00ed svoboda do na\u0161ich luh\u016f a h\u00e1j\u016f<\/strong>,\u00a0pros\u00edm, aby posmrtn\u00e9 nejvy\u0161\u0161\u00ed \u010desk\u00e9 vyznamen\u00e1n\u00ed dostali pr\u00e1v\u011b tito t\u0159i:\u00a0<strong>Miroslav Mare\u010dek, Karel Kryl a Jan Palach.<\/strong><\/p>\n<p><em>S \u00factou k nim\u00a0<a href=\"https:\/\/www.skrytapravda.cz\/z-domova\/1524-my-ceska-republika-prezili-jsme-havla-prezijem-i-pavla-ale\">Petr Pokorn\u00fd<\/a><\/em><\/p>\n<\/div>\n<p>&nbsp;<\/p>\n<p><a href=\"https:\/\/stranapro.cz\/\"><img decoding=\"async\" loading=\"lazy\" class=\"wp-image-30218 aligncenter\" src=\"http:\/\/www.infokuryr.cz\/n\/wp-content\/uploads\/2023\/06\/PRO-banner-300x36.png\" alt=\"\" width=\"1367\" height=\"164\" srcset=\"https:\/\/www.infokuryr.cz\/n\/wp-content\/uploads\/2023\/06\/PRO-banner-300x36.png 300w, https:\/\/www.infokuryr.cz\/n\/wp-content\/uploads\/2023\/06\/PRO-banner-768x93.png 768w, https:\/\/www.infokuryr.cz\/n\/wp-content\/uploads\/2023\/06\/PRO-banner.png 849w\" sizes=\"(max-width: 1367px) 100vw, 1367px\" \/><\/a><\/p>\n<p>&nbsp;<\/p>\n<p>&nbsp;<\/p>\n<p>&nbsp;<\/p>\n","protected":false},"excerpt":{"rendered":"<p>K projevu se d\u00e1 \u0159\u00edct, \u017ee byl. Pouze se neshodneme s p\u0159\u00e1teli, zda to psal&#8230;<\/p>\n","protected":false},"author":2,"featured_media":39211,"comment_status":"closed","ping_status":"closed","sticky":false,"template":"","format":"standard","meta":[],"categories":[6],"tags":[29,3662,122],"_links":{"self":[{"href":"https:\/\/www.infokuryr.cz\/n\/wp-json\/wp\/v2\/posts\/39210"}],"collection":[{"href":"https:\/\/www.infokuryr.cz\/n\/wp-json\/wp\/v2\/posts"}],"about":[{"href":"https:\/\/www.infokuryr.cz\/n\/wp-json\/wp\/v2\/types\/post"}],"author":[{"embeddable":true,"href":"https:\/\/www.infokuryr.cz\/n\/wp-json\/wp\/v2\/users\/2"}],"replies":[{"embeddable":true,"href":"https:\/\/www.infokuryr.cz\/n\/wp-json\/wp\/v2\/comments?post=39210"}],"version-history":[{"count":1,"href":"https:\/\/www.infokuryr.cz\/n\/wp-json\/wp\/v2\/posts\/39210\/revisions"}],"predecessor-version":[{"id":39212,"href":"https:\/\/www.infokuryr.cz\/n\/wp-json\/wp\/v2\/posts\/39210\/revisions\/39212"}],"wp:featuredmedia":[{"embeddable":true,"href":"https:\/\/www.infokuryr.cz\/n\/wp-json\/wp\/v2\/media\/39211"}],"wp:attachment":[{"href":"https:\/\/www.infokuryr.cz\/n\/wp-json\/wp\/v2\/media?parent=39210"}],"wp:term":[{"taxonomy":"category","embeddable":true,"href":"https:\/\/www.infokuryr.cz\/n\/wp-json\/wp\/v2\/categories?post=39210"},{"taxonomy":"post_tag","embeddable":true,"href":"https:\/\/www.infokuryr.cz\/n\/wp-json\/wp\/v2\/tags?post=39210"}],"curies":[{"name":"wp","href":"https:\/\/api.w.org\/{rel}","templated":true}]}}