{"id":39188,"date":"2023-10-29T05:00:15","date_gmt":"2023-10-29T04:00:15","guid":{"rendered":"http:\/\/www.infokuryr.cz\/n\/?p=39188"},"modified":"2023-10-29T05:00:15","modified_gmt":"2023-10-29T04:00:15","slug":"statni-terorizmus-izrael-hrozi-znicenim-muskova-starlinku","status":"publish","type":"post","link":"https:\/\/www.infokuryr.cz\/n\/2023\/10\/29\/statni-terorizmus-izrael-hrozi-znicenim-muskova-starlinku\/","title":{"rendered":"St\u00e1tn\u00ed terorizmus: Izrael hroz\u00ed zni\u010den\u00edm Muskova Starlinku"},"content":{"rendered":"<div id=\"fb-root\"><\/div>\n<p><span style=\"font-size: 18pt;\"><strong>Elon Musk sl\u00edbil, \u017ee pom\u016f\u017ee humanit\u00e1rn\u00edm organizac\u00edm z\u016fstat ve spojen\u00ed uprost\u0159ed informa\u010dn\u00edho v\u00fdpadku v Gaze<\/strong><\/span><\/p>\n<p><span>Izraelsk\u00fd ministr komunikac\u00ed Shlomo Kahri sl\u00edbil, \u017ee\u00a0<\/span><em><span>\u201eIzrael pou\u017eije v\u0161echny prost\u0159edky, kter\u00e9 m\u00e1 k dispozici, aby bojoval\u201c s<\/span><\/em><span>\u00a0pl\u00e1novan\u00fdm poskytnut\u00edm internetov\u00e9ho p\u0159\u00edstupu Starlink do Gazy gener\u00e1ln\u00edm \u0159editelem SpaceX Elonem Muskem.<\/span><\/p>\n<p><em><span>\u201eHamas to vyu\u017eije k teroristick\u00fdm aktivit\u00e1m,\u201c<\/span><\/em><span>\u00a0tvrdil Kahri v p\u0159\u00edsp\u011bvku na X (d\u0159\u00edve Twitter) a dodal, \u017ee\u00a0<\/span><em><span>\u201eo tom nen\u00ed pochyb, my to v\u00edme a Musk to v\u00ed\u201c.<\/span><\/em><\/p>\n<p><span>Technologick\u00fd miliard\u00e1\u0159 v reakci na to \u0159ekl, \u017ee\u00a0<\/span><em><span>\u201enen\u00ed tak naivn\u00ed\u201c,<\/span><\/em><span>\u00a0vysv\u011btlil, jak by navrhovan\u00e9 sch\u00e9ma fungovalo, a z\u00e1rove\u0148 sl\u00edbil, \u017ee\u00a0<\/span><em><span>\u201eprovede bezpe\u010dnostn\u00ed kontrolu s americkou i izraelskou vl\u00e1dou, ne\u017e zapne by\u0165 jen jedin\u00fd termin\u00e1l\u201c.<\/span><\/em><\/p>\n<p><em><span>&#8222;Podle m\u00e9ho p\u0159\u00edsp\u011bvku se \u017e\u00e1dn\u00fd termin\u00e1l Starlink nepokusil p\u0159ipojit z Gazy.&#8220;\u00a0Pokud tak u\u010din\u00edme, p\u0159ijmeme mimo\u0159\u00e1dn\u00e1 opat\u0159en\u00ed, abychom potvrdili, \u017ee se pou\u017e\u00edv\u00e1 *pouze* z \u010dist\u011b humanit\u00e1rn\u00edch d\u016fvod\u016f,\u201c<\/span><\/em><span>\u00a0\u0159ekl Musk.<\/span><\/p>\n<p><a href=\"https:\/\/stranapro.cz\/\"><img decoding=\"async\" loading=\"lazy\" class=\"wp-image-30218 aligncenter\" src=\"http:\/\/www.infokuryr.cz\/n\/wp-content\/uploads\/2023\/06\/PRO-banner-300x36.png\" alt=\"\" width=\"1367\" height=\"164\" srcset=\"https:\/\/www.infokuryr.cz\/n\/wp-content\/uploads\/2023\/06\/PRO-banner-300x36.png 300w, https:\/\/www.infokuryr.cz\/n\/wp-content\/uploads\/2023\/06\/PRO-banner-768x93.png 768w, https:\/\/www.infokuryr.cz\/n\/wp-content\/uploads\/2023\/06\/PRO-banner.png 849w\" sizes=\"(max-width: 1367px) 100vw, 1367px\" \/><\/a><\/p>\n<p><span>D\u0159\u00edve v sobotu Musk \u0159ekl, \u017ee otev\u0159e satelitn\u00ed s\u00ed\u0165 Starlink\u00a0<\/span><em><span>\u201emezin\u00e1rodn\u011b uzn\u00e1van\u00fdm humanit\u00e1rn\u00edm organizac\u00edm\u201c<\/span><\/em><span>\u00a0p\u016fsob\u00edc\u00edm v Gaze pot\u00e9, co vlna izraelsk\u00fdch n\u00e1let\u016f p\u0159eru\u0161ila posledn\u00ed telefonn\u00ed a internetov\u00e9 spojen\u00ed enkl\u00e1vy s vn\u011bj\u0161\u00edm sv\u011btem.<\/span><\/p>\n<p><span>Internetov\u00e9 a mobiln\u00ed slu\u017eby p\u0159estaly v Gaze fungovat v p\u00e1tek ve\u010der po vln\u011b izraelsk\u00fdch n\u00e1let\u016f.\u00a0V\u00fdpadek zp\u016fsobil, \u017ee zpravodajsk\u00e9 organizace a humanit\u00e1rn\u00ed skupiny se nemohly dostat ke sv\u00fdm pracovn\u00edk\u016fm, p\u0159i\u010dem\u017e Agentura OSN pro d\u011bti (UNICEF), Sv\u011btov\u00e1 zdravotnick\u00e1 organizace, L\u00e9ka\u0159i bez hranic, \u010cerven\u00fd k\u0159\u00ed\u017e a \u010cerven\u00fd p\u016flm\u011bs\u00edc nehl\u00e1sili \u017e\u00e1dn\u00fd kontakt se sv\u00fdmi zam\u011bstnanci.\u00a0RT Arabic tak\u00e9 do\u010dasn\u011b nemohla kontaktovat sv\u00e9 korespondenty a fotografy v Gaze.<\/span><\/p>\n<p><span>Musk\u016fv pl\u00e1n by znamenal podruh\u00e9, kdy nasadil Starlink do bojov\u00e9 z\u00f3ny.\u00a0Kr\u00e1tce po zah\u00e1jen\u00ed rusk\u00e9 vojensk\u00e9 operace na Ukrajin\u011b dodal technologick\u00fd magn\u00e1t Kyjevu termin\u00e1ly Starlink.\u00a0Upadl v\u0161ak v nemilost, kdy\u017e zak\u00e1zal ukrajinsk\u00e9 arm\u00e1d\u011b pou\u017e\u00edvat s\u00ed\u0165 k nav\u00e1d\u011bn\u00ed dronov\u00fdch \u00fatok\u016f na rusk\u00e9 lod\u011b v \u010cern\u00e9m mo\u0159i.<\/span><\/p>\n<p><img decoding=\"async\" loading=\"lazy\" class=\"alignnone size-full wp-image-1185\" src=\"http:\/\/www.infokuryr.cz\/n\/wp-content\/uploads\/2021\/04\/kuryr-podpis.png\" alt=\"\" width=\"84\" height=\"24\" \/><\/p>\n<p>&nbsp;<\/p>\n<p>&nbsp;<\/p>\n","protected":false},"excerpt":{"rendered":"<p>Elon Musk sl\u00edbil, \u017ee pom\u016f\u017ee humanit\u00e1rn\u00edm organizac\u00edm z\u016fstat ve spojen\u00ed uprost\u0159ed informa\u010dn\u00edho v\u00fdpadku v Gaze&#8230;<\/p>\n","protected":false},"author":2,"featured_media":14548,"comment_status":"closed","ping_status":"closed","sticky":false,"template":"","format":"standard","meta":[],"categories":[7],"tags":[107,485,3208,2703,2064],"_links":{"self":[{"href":"https:\/\/www.infokuryr.cz\/n\/wp-json\/wp\/v2\/posts\/39188"}],"collection":[{"href":"https:\/\/www.infokuryr.cz\/n\/wp-json\/wp\/v2\/posts"}],"about":[{"href":"https:\/\/www.infokuryr.cz\/n\/wp-json\/wp\/v2\/types\/post"}],"author":[{"embeddable":true,"href":"https:\/\/www.infokuryr.cz\/n\/wp-json\/wp\/v2\/users\/2"}],"replies":[{"embeddable":true,"href":"https:\/\/www.infokuryr.cz\/n\/wp-json\/wp\/v2\/comments?post=39188"}],"version-history":[{"count":0,"href":"https:\/\/www.infokuryr.cz\/n\/wp-json\/wp\/v2\/posts\/39188\/revisions"}],"wp:featuredmedia":[{"embeddable":true,"href":"https:\/\/www.infokuryr.cz\/n\/wp-json\/wp\/v2\/media\/14548"}],"wp:attachment":[{"href":"https:\/\/www.infokuryr.cz\/n\/wp-json\/wp\/v2\/media?parent=39188"}],"wp:term":[{"taxonomy":"category","embeddable":true,"href":"https:\/\/www.infokuryr.cz\/n\/wp-json\/wp\/v2\/categories?post=39188"},{"taxonomy":"post_tag","embeddable":true,"href":"https:\/\/www.infokuryr.cz\/n\/wp-json\/wp\/v2\/tags?post=39188"}],"curies":[{"name":"wp","href":"https:\/\/api.w.org\/{rel}","templated":true}]}}