{"id":39179,"date":"2023-10-29T01:16:58","date_gmt":"2023-10-28T23:16:58","guid":{"rendered":"http:\/\/www.infokuryr.cz\/n\/?p=39179"},"modified":"2023-10-28T17:56:40","modified_gmt":"2023-10-28T15:56:40","slug":"v-teheranu-zemrela-divka-z-niz-se-pokusili-udelat-novou-obet-tyranie","status":"publish","type":"post","link":"https:\/\/www.infokuryr.cz\/n\/2023\/10\/29\/v-teheranu-zemrela-divka-z-niz-se-pokusili-udelat-novou-obet-tyranie\/","title":{"rendered":"V Teher\u00e1nu zem\u0159ela d\u00edvka, z n\u00ed\u017e se pokusili ud\u011blat novou \u201eob\u011b\u0165 tyranie\u201c"},"content":{"rendered":"<div id=\"fb-root\"><\/div>\n<p class=\"lead\"><strong>16let\u00e1 studentka Armita Geravandov\u00e1 zem\u0159ela v nemocnici v hlavn\u00edm m\u011bst\u011b \u00cdr\u00e1nu po 28denn\u00edm k\u00f3matu.\u00a0Informovala o tom \u00edr\u00e1nsk\u00e1 agentura\u00a0<a href=\"https:\/\/www.irna.ir\/news\/85273203\/%D8%A2%D8%B1%D9%85%DB%8C%D8%AA%D8%A7-%DA%AF%D8%B1%D8%A7%D9%88%D9%86%D8%AF-%D8%AF%D8%B1%DA%AF%D8%B0%D8%B4%D8%AA\" target=\"_blank\" rel=\"noopener\">IRNA<\/a>\u00a0.<\/strong><\/p>\n<p><span>M\u00edstn\u00ed m\u00e9dia tak\u00e9 p\u0159ipom\u00ednaj\u00ed, \u017ee po\u010d\u00e1tkem \u0159\u00edjna d\u00edvka ztratila v\u011bdom\u00ed ve chv\u00edli, kdy byla \u00fadajn\u011b zadr\u017eena v teher\u00e1nsk\u00e9m metru za poru\u0161en\u00ed pravidel no\u0161en\u00ed hid\u017e\u00e1bu.<\/span><\/p>\n<p><span>Tento incident se mohl na \u00edr\u00e1nsk\u00e9 \u00fa\u0159ady extr\u00e9mn\u011b bolestn\u011b obr\u00e1tit.\u00a0P\u0159ipome\u0148me, \u017ee k podobn\u00e9mu incidentu do\u0161lo loni na podzim.\u00a0Smrt 22let\u00e9 <\/span><strong><span>Mahsy Aminihov\u00e9<\/span><\/strong><span>\u00a0pak vyvolala \u0161irok\u00fd ohlas .<\/span><\/p>\n<p><span>Podle n\u011bkter\u00fdch zpr\u00e1v d\u00edvka zem\u0159ela pot\u00e9, co byla zadr\u017eena mravnostn\u00ed polici\u00ed za nespr\u00e1vn\u00e9 no\u0161en\u00ed hid\u017e\u00e1bu.\u00a0Ofici\u00e1ln\u00ed p\u0159\u00ed\u010dinou smrti d\u00edvky byl infarkt.<\/span><\/p>\n<p><span>P\u0159\u00edbuzn\u00ed zesnul\u00e9 v\u0161ak tvrdili, \u017ee Machsa nem\u011bla \u017e\u00e1dn\u00e9 probl\u00e9my se srdcem ani zdrav\u00edm obecn\u011b. A o\u010dit\u00ed sv\u011bdci zase \u0159ekli, \u017ee d\u00edvka byla po zat\u010den\u00ed zbita v policejn\u00edm voze.<\/span><\/p>\n<p><span>Cel\u00fd tento p\u0159\u00edb\u011bh vedl k soci\u00e1ln\u00ed explozi, kter\u00e1 vy\u00fastila v dlouhotrvaj\u00edc\u00ed protesty p\u0159ech\u00e1zej\u00edc\u00ed v nepokoje.\u00a0K jejich potla\u010den\u00ed bylo dokonce nutn\u00e9 vyn\u00e9st\u00a0<\/span><a href=\"https:\/\/eadaily.com\/ru\/news\/2023\/01\/10\/strany-evropy-osudili-kazni-v-irane\" target=\"_blank\" rel=\"noopener\"><span>rozsudky smrti<\/span><\/a><span> nad nejaktivn\u011bj\u0161\u00edmi \u00fa\u010dastn\u00edky.<\/span><\/p>\n<p><span>Tentokr\u00e1t ale nov\u00fd \u201ehid\u017e\u00e1bov\u00fd p\u0159\u00edb\u011bh\u201c zjevn\u011b nevy\u0161el \u2013 v\u00fdvoj situace uk\u00e1zal, \u017ee \u00fa\u0159ady vyvodily z\u00e1v\u011br z minul\u00fdch nedostatk\u016f.\u00a0Tentokr\u00e1t se tedy \u201eaktivist\u016fm za lidsk\u00e1 pr\u00e1va\u201c nepoda\u0159ilo povzbudit lidi, aby zah\u00e1jili nov\u00e9 nepokoje.<\/span><\/p>\n<p><span>Jak se toho o omdlen\u00ed Armity Geravandov\u00e9 hodn\u011b v\u011bd\u011blo, st\u00e1tn\u00ed agentura IRNA okam\u017eit\u011b zve\u0159ejnila video z kamer v teher\u00e1nsk\u00e9m metru.<\/span><\/p>\n<p><span>Zobrazuj\u00ed studentku, jak vch\u00e1z\u00ed do vagonu metra, pot\u00e9 cestuj\u00edc\u00ed vynesou d\u00edvku v bezv\u011bdom\u00ed ven a kolem nen\u00ed vid\u011bt \u017e\u00e1dn\u00e1 policie.<\/span><\/p>\n<p><span>\u00cdr\u00e1nsk\u00e9 \u00fa\u0159ady tvrd\u00ed, \u017ee zkolabovala kv\u016fli n\u00edzk\u00e9mu krevn\u00edmu tlaku.\u00a0V televizi vystoupili i rodi\u010de a potvrdili ofici\u00e1ln\u00ed verzi.<\/span><\/p>\n<p><a href=\"https:\/\/hengaw.net\/en\/news\/2023\/10\/ambiguity-in-armitas-health-condition-and-excessive-pressure-from-government-authorities-on-her-family\" target=\"_blank\" rel=\"noopener\"><span>Provokat\u00e9\u0159i z Hengaw<\/span><\/a><span>\u00a0, kter\u00e1 se stav\u00ed jako \u201eOrganizace pro lidsk\u00e1 pr\u00e1va\u201c, z\u00e1rove\u0148\u00a0tvrd\u00ed, \u017ee d\u00edv\u010dini rodi\u010de poskytli rozhovor pod tlakem a \u017ee za jej\u00ed smrt mohou \u00edr\u00e1nsk\u00e9 zpravodajsk\u00e9 slu\u017eby.<\/span><\/p>\n<p><span>Je v\u0161ak z\u0159ejm\u00e9, \u017ee tentokr\u00e1t \u201eochr\u00e1nci pr\u00e1v\u201c nebyli schopni vyvolat nepokoje.\u00a0A to i p\u0159esto, \u017ee v \u00cdr\u00e1nu v \u010dervenci 2023 znovu za\u010daly pracovat hl\u00eddky mravnostn\u00ed policie. P\u0159edt\u00edm na t\u00e9m\u011b\u0159 dev\u011bt m\u011bs\u00edc\u016f zmizeli kv\u016fli masov\u00fdm protest\u016fm.<\/span><\/p>\n<p><img decoding=\"async\" loading=\"lazy\" class=\"alignnone size-full wp-image-1185\" src=\"http:\/\/www.infokuryr.cz\/n\/wp-content\/uploads\/2021\/04\/kuryr-podpis.png\" alt=\"\" width=\"84\" height=\"24\" \/><\/p>\n<p>&nbsp;<\/p>\n<p><a href=\"https:\/\/stranapro.cz\/\"><img decoding=\"async\" loading=\"lazy\" class=\"wp-image-30218 aligncenter\" src=\"http:\/\/www.infokuryr.cz\/n\/wp-content\/uploads\/2023\/06\/PRO-banner-300x36.png\" alt=\"\" width=\"1367\" height=\"164\" srcset=\"https:\/\/www.infokuryr.cz\/n\/wp-content\/uploads\/2023\/06\/PRO-banner-300x36.png 300w, https:\/\/www.infokuryr.cz\/n\/wp-content\/uploads\/2023\/06\/PRO-banner-768x93.png 768w, https:\/\/www.infokuryr.cz\/n\/wp-content\/uploads\/2023\/06\/PRO-banner.png 849w\" sizes=\"(max-width: 1367px) 100vw, 1367px\" \/><\/a><\/p>\n<p>&nbsp;<\/p>\n<p>&nbsp;<\/p>\n<p>&nbsp;<\/p>\n","protected":false},"excerpt":{"rendered":"<p>16let\u00e1 studentka Armita Geravandov\u00e1 zem\u0159ela v nemocnici v hlavn\u00edm m\u011bst\u011b \u00cdr\u00e1nu po 28denn\u00edm k\u00f3matu.\u00a0Informovala o&#8230;<\/p>\n","protected":false},"author":2,"featured_media":39180,"comment_status":"closed","ping_status":"closed","sticky":false,"template":"","format":"standard","meta":[],"categories":[7],"tags":[777,38,523],"_links":{"self":[{"href":"https:\/\/www.infokuryr.cz\/n\/wp-json\/wp\/v2\/posts\/39179"}],"collection":[{"href":"https:\/\/www.infokuryr.cz\/n\/wp-json\/wp\/v2\/posts"}],"about":[{"href":"https:\/\/www.infokuryr.cz\/n\/wp-json\/wp\/v2\/types\/post"}],"author":[{"embeddable":true,"href":"https:\/\/www.infokuryr.cz\/n\/wp-json\/wp\/v2\/users\/2"}],"replies":[{"embeddable":true,"href":"https:\/\/www.infokuryr.cz\/n\/wp-json\/wp\/v2\/comments?post=39179"}],"version-history":[{"count":1,"href":"https:\/\/www.infokuryr.cz\/n\/wp-json\/wp\/v2\/posts\/39179\/revisions"}],"predecessor-version":[{"id":39181,"href":"https:\/\/www.infokuryr.cz\/n\/wp-json\/wp\/v2\/posts\/39179\/revisions\/39181"}],"wp:featuredmedia":[{"embeddable":true,"href":"https:\/\/www.infokuryr.cz\/n\/wp-json\/wp\/v2\/media\/39180"}],"wp:attachment":[{"href":"https:\/\/www.infokuryr.cz\/n\/wp-json\/wp\/v2\/media?parent=39179"}],"wp:term":[{"taxonomy":"category","embeddable":true,"href":"https:\/\/www.infokuryr.cz\/n\/wp-json\/wp\/v2\/categories?post=39179"},{"taxonomy":"post_tag","embeddable":true,"href":"https:\/\/www.infokuryr.cz\/n\/wp-json\/wp\/v2\/tags?post=39179"}],"curies":[{"name":"wp","href":"https:\/\/api.w.org\/{rel}","templated":true}]}}