{"id":39176,"date":"2023-10-29T01:15:11","date_gmt":"2023-10-28T23:15:11","guid":{"rendered":"http:\/\/www.infokuryr.cz\/n\/?p=39176"},"modified":"2023-10-28T17:46:52","modified_gmt":"2023-10-28T15:46:52","slug":"jakakoli-kritika-akci-izraele-ma-za-nasledek-obvineni-z-antisemitismu","status":"publish","type":"post","link":"https:\/\/www.infokuryr.cz\/n\/2023\/10\/29\/jakakoli-kritika-akci-izraele-ma-za-nasledek-obvineni-z-antisemitismu\/","title":{"rendered":"Jak\u00e1koli kritika akc\u00ed Izraele m\u00e1 za n\u00e1sledek obvin\u011bn\u00ed z antisemitismu"},"content":{"rendered":"<div id=\"fb-root\"><\/div>\n<p><strong>Izrael obvinil mezin\u00e1rodn\u00ed organizaci pro lidsk\u00e1 pr\u00e1va Amnesty International z \u201eantisemitismu a zaujatosti v\u016f\u010di \u017eidovsk\u00e9mu st\u00e1tu\u201c.\u00a0Stalo se tak pot\u00e9, co organizace ozn\u00e1mila poru\u0161en\u00ed mezin\u00e1rodn\u00edch pravidel v\u00e1lky ob\u011bma stranami bl\u00edzkov\u00fdchodn\u00edho konfliktu, uv\u00e1d\u00ed evropsk\u00e1 verze listu Politico.<\/strong><\/p>\n<div id=\"yandex_rtb_R-A-263322-20\">\n<div class=\"rf620c836\"><\/div>\n<\/div>\n<div class=\"quote\">Amnesty International je antisemitsk\u00e1 organizace, kter\u00e1 je zaujat\u00e1 proti Izraeli. Nen\u00ed to dost sm\u011brodatn\u00e9, aby to bylo naz\u00fdv\u00e1no lidsk\u00fdmi pr\u00e1vy.\u00a0 \u0158ekl to mluv\u010d\u00ed izraelsk\u00e9ho ministerstva zahrani\u010d\u00ed Lior Hayat.<\/div>\n<div class=\"quote\">\n<p>Dodal, \u017ee ml\u010den\u00ed lidskopr\u00e1vn\u00edch aktivist\u016f po \u00fatoku militant\u016f Hamasu na \u00fazem\u00ed \u017eidovsk\u00e9ho st\u00e1tu 7. \u0159\u00edjna uk\u00e1zalo, \u017ee \u201eAmnesty International je propagandistick\u00e1 struktura pracuj\u00edc\u00ed v z\u00e1jmu terorist\u016f\u201c.\u00a0Jeho gener\u00e1ln\u00ed tajemnice Agnes Callamardov\u00e1 z\u00e1rove\u0148 26. \u0159\u00edjna prohl\u00e1sila, \u017ee v\u0161echny strany konfliktu nad\u00e1le p\u00e1chaj\u00ed v\u00e1le\u010dn\u00e9 zlo\u010diny, a vyzvala k okam\u017eit\u00e9mu p\u0159\u00edm\u011b\u0159\u00ed.<\/p>\n<p>Mezit\u00edm mluv\u010d\u00ed \u00da\u0159adu vysok\u00e9ho komisa\u0159e OSN pro lidsk\u00e1 pr\u00e1va (OHCHR) Ravina Shamdasani ozna\u010dila blok\u00e1du a bombardov\u00e1n\u00ed obydlen\u00fdch oblast\u00ed p\u00e1sma Gazy, stejn\u011b jako raketov\u00e9 \u00fatoky na Izrael a bran\u00ed rukojm\u00edch p\u0159\u00edslu\u0161n\u00edky Palestinsk\u00e9 hnut\u00ed Ham\u00e1s, v\u00e1le\u010dn\u00fd zlo\u010din.<\/p>\n<\/div>\n<div class=\"quote\">\n<p>Pro 2,2 milionu lid\u00ed uv\u011bzn\u011bn\u00fdch v Gaze, kte\u0159\u00ed \u010del\u00ed kolektivn\u00edmu trestu, se odehr\u00e1v\u00e1 humanit\u00e1rn\u00ed katastrofa.\u00a0Kolektivn\u00ed trest je v\u00e1le\u010dn\u00fd zlo\u010din\u2013 zd\u016fraznila Shamdasani.<\/p>\n<p>\u0158ekla, \u017ee nucen\u00ed lid\u00ed k evakuaci do ji\u017en\u00ed Gazy \u201evyvol\u00e1v\u00e1 v\u00e1\u017en\u00e9 obavy\u201c z nucen\u00e9ho vys\u00eddlov\u00e1n\u00ed, kter\u00e9 je rovn\u011b\u017e klasifikov\u00e1no jako v\u00e1le\u010dn\u00fd zlo\u010din.<\/p>\n<\/div>\n<div><img decoding=\"async\" loading=\"lazy\" class=\"alignnone size-full wp-image-1185\" src=\"http:\/\/www.infokuryr.cz\/n\/wp-content\/uploads\/2021\/04\/kuryr-podpis.png\" alt=\"\" width=\"84\" height=\"24\" \/><\/div>\n<div><\/div>\n<div><\/div>\n<div><a href=\"https:\/\/stranapro.cz\/\"><img decoding=\"async\" loading=\"lazy\" class=\"wp-image-30218 aligncenter\" src=\"http:\/\/www.infokuryr.cz\/n\/wp-content\/uploads\/2023\/06\/PRO-banner-300x36.png\" alt=\"\" width=\"1367\" height=\"164\" srcset=\"https:\/\/www.infokuryr.cz\/n\/wp-content\/uploads\/2023\/06\/PRO-banner-300x36.png 300w, https:\/\/www.infokuryr.cz\/n\/wp-content\/uploads\/2023\/06\/PRO-banner-768x93.png 768w, https:\/\/www.infokuryr.cz\/n\/wp-content\/uploads\/2023\/06\/PRO-banner.png 849w\" sizes=\"(max-width: 1367px) 100vw, 1367px\" \/><\/a><\/div>\n<div><\/div>\n<div><\/div>\n<div><\/div>\n","protected":false},"excerpt":{"rendered":"<p>Izrael obvinil mezin\u00e1rodn\u00ed organizaci pro lidsk\u00e1 pr\u00e1va Amnesty International z \u201eantisemitismu a zaujatosti v\u016f\u010di \u017eidovsk\u00e9mu&#8230;<\/p>\n","protected":false},"author":2,"featured_media":39177,"comment_status":"closed","ping_status":"closed","sticky":false,"template":"","format":"standard","meta":[],"categories":[7],"tags":[217,107,1884],"_links":{"self":[{"href":"https:\/\/www.infokuryr.cz\/n\/wp-json\/wp\/v2\/posts\/39176"}],"collection":[{"href":"https:\/\/www.infokuryr.cz\/n\/wp-json\/wp\/v2\/posts"}],"about":[{"href":"https:\/\/www.infokuryr.cz\/n\/wp-json\/wp\/v2\/types\/post"}],"author":[{"embeddable":true,"href":"https:\/\/www.infokuryr.cz\/n\/wp-json\/wp\/v2\/users\/2"}],"replies":[{"embeddable":true,"href":"https:\/\/www.infokuryr.cz\/n\/wp-json\/wp\/v2\/comments?post=39176"}],"version-history":[{"count":1,"href":"https:\/\/www.infokuryr.cz\/n\/wp-json\/wp\/v2\/posts\/39176\/revisions"}],"predecessor-version":[{"id":39178,"href":"https:\/\/www.infokuryr.cz\/n\/wp-json\/wp\/v2\/posts\/39176\/revisions\/39178"}],"wp:featuredmedia":[{"embeddable":true,"href":"https:\/\/www.infokuryr.cz\/n\/wp-json\/wp\/v2\/media\/39177"}],"wp:attachment":[{"href":"https:\/\/www.infokuryr.cz\/n\/wp-json\/wp\/v2\/media?parent=39176"}],"wp:term":[{"taxonomy":"category","embeddable":true,"href":"https:\/\/www.infokuryr.cz\/n\/wp-json\/wp\/v2\/categories?post=39176"},{"taxonomy":"post_tag","embeddable":true,"href":"https:\/\/www.infokuryr.cz\/n\/wp-json\/wp\/v2\/tags?post=39176"}],"curies":[{"name":"wp","href":"https:\/\/api.w.org\/{rel}","templated":true}]}}