{"id":39103,"date":"2023-10-28T01:07:38","date_gmt":"2023-10-27T23:07:38","guid":{"rendered":"http:\/\/www.infokuryr.cz\/n\/?p=39103"},"modified":"2023-10-27T17:19:12","modified_gmt":"2023-10-27T15:19:12","slug":"vznika-superstat-bez-jakehokoli-souhlasu-lidu-varuje-polsky-europoslanec-jacek-saryusz-wolski","status":"publish","type":"post","link":"https:\/\/www.infokuryr.cz\/n\/2023\/10\/28\/vznika-superstat-bez-jakehokoli-souhlasu-lidu-varuje-polsky-europoslanec-jacek-saryusz-wolski\/","title":{"rendered":"Vznik\u00e1 superst\u00e1t bez jak\u00e9hokoli souhlasu lidu, varuje polsk\u00fd europoslanec Jacek Saryusz-Wolski"},"content":{"rendered":"<div id=\"fb-root\"><\/div>\n<p><span style=\"font-size: 18pt;\"><strong>Ve\u0159ejnost si nem\u00e1 v\u0161imnout, \u017ee se chyst\u00e1 pu\u010d, \u017ee se ru\u0161\u00ed Evropsk\u00e1 unie jako spole\u010denstv\u00ed suver\u00e9nn\u00edch st\u00e1t\u016f a vznik\u00e1 superst\u00e1t bez jak\u00e9hokoli souhlasu lidu, \u0159\u00edk\u00e1 polsk\u00fd europoslanec Jacek Saryusz-Wolski<\/strong><\/span><\/p>\n<p><span>V\u00fdbor pro \u00fastavn\u00ed z\u00e1le\u017eitosti Evropsk\u00e9ho parlamentu p\u0159ijal 25. \u0159\u00edjna usnesen\u00ed se zpr\u00e1vou obsahuj\u00edc\u00ed dalekos\u00e1hl\u00e9 zm\u011bny smluv, kterou navrhla takzvan\u00e1 Verhofstadtova skupina, t\u00fdm veden\u00fd belgick\u00fdm eurofederalistou Guyem Verhofstadtem.<\/span><\/p>\n<p><span>Hlasov\u00e1n\u00ed v pl\u00e9nu je pl\u00e1nov\u00e1no na 22. listopadu a form\u00e1ln\u011b spust\u00ed proceduru zm\u011bny st\u00e1vaj\u00edc\u00edch smluv.<\/span><\/p>\n<p><span>Polsk\u00fd europoslanec Jacek Saryusz-Wolski, kter\u00fd byl do \u010dervence \u010dlenem t\u00e9to Verhofstadtsk\u00e9 skupiny, vysv\u011btluje v tomto exkluzivn\u00edm rozhovoru pro Remix News, pro\u010d tento nejnov\u011bj\u0161\u00ed pokus o p\u0159em\u011bnu Evropsk\u00e9 unie v nedemokratick\u00fd superst\u00e1t, kter\u00fd popisuje jako tich\u00fd pu\u010d s komunistick\u00fdmi ko\u0159eny , m\u00e1 re\u00e1lnou \u0161anci usp\u011bt, pokud nebude rychle zastavena.<\/span><\/p>\n<p><span>***<\/span><\/p>\n<p><strong><span>V Polsku byly volby a v\u00edme, \u017ee novou vl\u00e1du pravd\u011bpodobn\u011b sestav\u00ed Ob\u010dansk\u00e1 koalice spolu s T\u0159et\u00ed cestou a Novou levic\u00ed.\u00a0Znamen\u00e1 to, \u017ee Polsko nyn\u00ed podpo\u0159\u00ed dalekos\u00e1hl\u00e9 zm\u011bny unijn\u00edch smluv, kter\u00e9 v Evropsk\u00e9m parlamentu navrhuj\u00ed levice a st\u0159edopravice?<\/span><\/strong><\/p>\n<p><span>Rad\u011bji mluv\u00edm v podm\u00ednce, proto\u017ee ode dne\u0161ka je sestaven\u00ed vl\u00e1dy opozice pravd\u011bpodobn\u00e9, ale nen\u00ed to p\u0159edem dan\u00e9.\u00a0Pokud k tomu v\u0161ak dojde, je skute\u010dn\u011b pravdou, \u017ee ji\u017e nelze o\u010dek\u00e1vat, \u017ee Polsko bude blokovat tyto zm\u011bny ve zp\u016fsobu fungov\u00e1n\u00ed EU.<\/span><\/p>\n<p><span>Polsk\u00e1 opozice ve f\u00e1zi parlamentn\u00edch prac\u00ed tyto zm\u011bny podpo\u0159ila, a to jak prost\u0159ednictv\u00edm hlas\u016f z\u00e1stupc\u016f sv\u00fdch politick\u00fdch skupin v t\u00fdmu spoluzpravodaj\u016f zpr\u00e1vy, kter\u00e9mu famili\u00e9rn\u011b \u0159\u00edk\u00e1me Verhofstadtova skupina a kter\u00fd jsem opustil v \u010dervenci na protest a sv\u00fdmi hlasy ve v\u00fdboru pro \u00fastavn\u00ed z\u00e1le\u017eitosti a tak\u00e9 p\u0159i hlasov\u00e1n\u00ed v pl\u00e9nu.<\/span><\/p>\n<p><span>Pokud jde o hlasov\u00e1n\u00ed v pl\u00e9nu, ve\u00a0<\/span><a class=\"ek-link\" href=\"https:\/\/www.europarl.europa.eu\/doceo\/document\/AFCO-PR-746872_EN.pdf\"><span>Zpr\u00e1v\u011b o parlamentarismu, evropsk\u00e9m ob\u010danstv\u00ed a demokracii<\/span><\/a><span>\u00a0, kde byl pozm\u011b\u0148ovac\u00ed n\u00e1vrh eliminuj\u00edc\u00ed pr\u00e1vo veta \u010dlensk\u00fdch st\u00e1t\u016f, hlasovala opozice pro zru\u0161en\u00ed tohoto pr\u00e1va veta.<\/span><\/p>\n<p><span>P\u0159i hlasov\u00e1n\u00ed ve V\u00fdboru pro \u00fastavn\u00ed z\u00e1le\u017eitosti Evropsk\u00e9ho parlamentu dne 25. \u0159\u00edjna vyj\u00e1d\u0159ili z\u00e1stupci t\u011bchto polsk\u00fdch stran principi\u00e1ln\u00ed podporu tomuto pl\u00e1nu vytvo\u0159it superst\u00e1t a omezit roli \u010dlensk\u00fdch st\u00e1t\u016f na roli \u201eL\u00e4nder\u201c n\u011bmeck\u00e9ho typu. .\u201c<\/span><\/p>\n<p><span>Je tedy t\u00e9m\u011b\u0159 jist\u00e9, \u017ee pokud tyto t\u0159i strany sestav\u00ed v Polsku vl\u00e1du v \u010dele s Donaldem Tuskem, podpo\u0159\u00ed tyto zm\u011bny.<\/span><\/p>\n<p><strong><span>Za p\u0159edpokladu, \u017ee k tomu dojde, mohou tyto zm\u011bny zablokovat men\u0161\u00ed zem\u011b, jako je Ma\u010farsko a Slovensko, jejich\u017e nov\u00fd premi\u00e9r Robert Fico vyj\u00e1d\u0159il sv\u016fj ostr\u00fd odpor proti odstran\u011bn\u00ed pr\u00e1va veta?<\/span><\/strong><\/p>\n<p><span>Mus\u00edme vz\u00edt v \u00favahu zku\u0161enosti s \u00dastavn\u00ed smlouvou.\u00a0Odp\u016frc\u016f bylo mnoho a nakonec pod tlakem a vyd\u00edr\u00e1n\u00edm souhlasila i ta nejodoln\u011bj\u0161\u00ed Brit\u00e1nie.\u00a0Tato smlouva byla zablokov\u00e1na pouze dv\u011bma referendy, v Nizozemsku a ve Francii.\u00a0Teprve pot\u00e9 byla tato smlouva opu\u0161t\u011bna.\u00a0Nakonec v\u0161ak byla p\u0159ijata ve zkr\u00e1cen\u00e9 podob\u011b a p\u0159ejmenov\u00e1na na Lisabonskou smlouvu.\u00a0Historie \u00fastavn\u00ed smlouvy tedy dokazuje, \u017ee i ti nejodoln\u011bj\u0161\u00ed po \u010dase pod tlakem ustoup\u00ed a podvol\u00ed se.<\/span><\/p>\n<p><span>Zde je tlak velmi velk\u00fd a n\u00e1stroje, kter\u00e9 m\u00e1 Evropsk\u00e1 komise k dispozici, jsou mnohem siln\u011bj\u0161\u00ed ne\u017e v dob\u00e1ch snahy prosadit \u00dastavn\u00ed smlouvu.\u00a0Tehdy Komise nemohla blokovat finan\u010dn\u00ed prost\u0159edky, jak to d\u011bl\u00e1 dnes.\u00a0Nemohla postavit \u010dlensk\u00fd st\u00e1t ke zdi kv\u016fli vykonstruovan\u00fdm obvin\u011bn\u00edm t\u00fdkaj\u00edc\u00edm se nap\u0159\u00edklad takzvan\u00e9ho pr\u00e1vn\u00edho st\u00e1tu.<\/span><\/p>\n<p><span>Arzen\u00e1l vyd\u011bra\u010dsk\u00fdch a vyd\u011bra\u010dsk\u00fdch prost\u0159edk\u016f je dnes mnohem v\u011bt\u0161\u00ed a je aktivn\u011b vyu\u017e\u00edv\u00e1n.\u00a0Francouzka Marine Le Penov\u00e1 uvedla, \u017ee italsk\u00e1 premi\u00e9rka Giorgia Meloniov\u00e1 necht\u011bla hlasovat pro imigra\u010dn\u00ed a reloka\u010dn\u00ed bal\u00ed\u010dek, proto\u017ee v\u011b\u0159\u00ed, \u017ee je zapot\u0159eb\u00ed n\u00e1mo\u0159n\u00ed blok\u00e1da, nikoli tento typ ne\u00fa\u010dinn\u00e9ho opat\u0159en\u00ed.\u00a0Bylo j\u00ed v\u0161ak vyhro\u017eov\u00e1no, \u017ee bude zablokov\u00e1na tran\u0161e italsk\u00fdch fond\u016f pro obnovu, a podvolila se tlaku, proto\u017ee riskovala, jak v\u00edme, \u00fatok finan\u010dn\u00edch trh\u016f na It\u00e1lii.<\/span><\/p>\n<p><strong><span>Italov\u00e9 to skute\u010dn\u011b znaj\u00ed\u00a0<\/span><a href=\"https:\/\/rmx.news\/italy\/berlusconis-acquittal-in-bunga-bunga-case-reveals-how-western-interests-weaponized-italys-judicial-system-to-keep-conservatives-out-of-power\/\"><span>z roku 2011<\/span><\/a><span>\u00a0.\u00a0Ale \u0159ekl jste, \u017ee jste protestn\u00edm aktem\u00a0opustil takzvanou Verhofstadtovu skupinu, tedy t\u00fdm, kter\u00fd pracuje na\u00a0<\/span><a class=\"ek-link\" href=\"https:\/\/www.europarl.europa.eu\/doceo\/document\/AFCO-PR-746741_EN.pdf\"><span>zpr\u00e1v\u011b o n\u00e1vrz\u00edch Evropsk\u00e9ho parlamentu na zm\u011bnu smluv .\u00a0<\/span><\/a><span>Protestn\u00ed akt proti \u010demu?<\/span><\/strong><\/p>\n<p><span>Proti tomuto kone\u010dn\u00e9mu vzorci a nedostatku respektu k principu konsenzu.\u00a0Na zpr\u00e1v\u011b jsme pracovali od \u010dervence 2022 do \u010dervence 2023. Byly to stovky hodin jedn\u00e1n\u00ed.\u00a0Bylo zde \u0161est z\u00e1stupc\u016f \u0161esti politick\u00fdch skupin, v\u010detn\u011b m\u011b jm\u00e9nem skupiny Evropsk\u00fdch konzervativc\u016f a reformist\u016f (ECR).\u00a0Skupina Identity &amp; Democracy nebyla vpu\u0161t\u011bna dovnit\u0159.<\/span><\/p>\n<p><strong><span>Pro\u010d?<\/span><\/strong><\/p>\n<p><span>Toto je takzvan\u00e1 politika \u201ecordon sanitaire\u201c, kterou prosazuj\u00ed ostatn\u00ed skupiny, od st\u0159edoprav\u00e9 EPP po krajn\u00ed levici.\u00a0Pokud jde o \u0161est zpravodaj\u016f, Konference p\u0159edsed\u016f rozhodla, \u017ee bude \u0161est spoluzpravodaj\u016f, tj. bude platit z\u00e1sada konsensu.\u00a0To znamen\u00e1, \u017ee se o\u010dek\u00e1valo, \u017ee se v\u0161ichni shodnou na fin\u00e1ln\u00ed verzi.<\/span><\/p>\n<p><span>Jako jeden z t\u011bch \u0161esti spoluzpravodaj\u016f jsem protestoval proti r\u016fzn\u00fdm \u0159e\u0161en\u00edm, bohu\u017eel ne\u00fasp\u011b\u0161n\u011b.\u00a0Navrhl jsem jin\u00e1 \u0159e\u0161en\u00ed, jako je subsidi\u00e1rn\u00ed komora SDEU slo\u017een\u00e1 z p\u0159edsed\u016f n\u00e1rodn\u00edch \u00fastavn\u00edch soud\u016f nebo \u0159\u00edzen\u00ed s \u010dervenou kartou, kdy by polovina n\u00e1rodn\u00edch parlament\u016f mohla zastavit legislativu v Evropsk\u00e9 komisi atd.<\/span><\/p>\n<p><span>To v\u0161e bylo zam\u00edtnuto a z\u00e1sada \u201ekonsensu \u0161esti spoluzpravodaj\u016f\u201c byla zm\u011bn\u011bna na \u201ekonsensus m\u00ednus jedna\u201c.\u00a0Jin\u00fdmi slovy, p\u011bt dal\u0161\u00edch politick\u00fdch skupin se dohodlo na z\u00e1le\u017eitostech mezi sebou a ECR byla nakonec tak\u00e9 um\u00edst\u011bna mimo cordon sanitaire.\u00a0Proto jsem jm\u00e9nem sv\u00e9 skupiny pr\u00e1skl dve\u0159mi.<\/span><\/p>\n<p><strong><span>Evropsk\u00fd parlament ve sv\u00e9m n\u00e1vrhu usnesen\u00ed, kter\u00fd se zab\u00fdv\u00e1 pr\u00e1v\u011b t\u011bmito n\u00e1vrhy na zm\u011bny smluv, uv\u00e1d\u00ed jako zdroj t\u011bchto my\u0161lenek tzv. Konferenci o budoucnosti Evropy.\u00a0Neznamen\u00e1 to, \u017ee za t\u011bmito navrhovan\u00fdmi zm\u011bnami je demokratick\u00fd postup?\u00a0Byla to p\u0159ece ob\u010dansk\u00e1 konzultace, ne?<\/span><\/strong><\/p>\n<p><span>Rozhodn\u011b ne.<\/span><\/p>\n<p><span>Nejprve bych varoval p\u0159ed \u010dten\u00edm samotn\u00e9ho n\u00e1vrhu usnesen\u00ed, proto\u017ee jsem na vlastn\u00ed u\u0161i sly\u0161el, jak se mezi spoluzpravodaji \u0159\u00edkalo, \u017ee usnesen\u00ed m\u00e1 b\u00fdt formulov\u00e1no tak, aby skrylo ty nejradik\u00e1ln\u011bj\u0161\u00ed n\u00e1vrhy a p\u0159eskupilo aby ani v t\u00e1bo\u0159e on\u011bch p\u011bti politick\u00fdch skupin, od komunistick\u00e9 levice po Evropskou lidovou stranu, nevzbudily odpor.\u00a0Proto je samotn\u00e9 usnesen\u00ed \u201eodleh\u010denou\u201c verz\u00ed, verz\u00ed, kter\u00e1 je z\u00e1m\u011brn\u011b zfal\u0161ov\u00e1na, aby zakryla skute\u010dn\u00fd radikalismus toho, co je na 110 stran\u00e1ch zpr\u00e1vy.<\/span><\/p>\n<p><span>Pokud jde o Konferenci o budoucnosti Evropy, byla to jen p\u0159\u00edprava.\u00a0Se\u0161lo se na 800 z\u00e1stupc\u016f tzv. ob\u010dansk\u00e9 spole\u010dnosti.\u00a0Byli podrobeni kou\u010dov\u00e1n\u00ed a form\u00e1tov\u00e1ni s pomoc\u00ed nevl\u00e1dn\u00edch organizac\u00ed Sorosova typu, aby jim vlo\u017eili do \u00fast poselstv\u00ed, \u017ee bruselsk\u00fd establishment chce sly\u0161et \u0161ir\u0161\u00ed ve\u0159ejnost.\u00a0To nem\u011blo nic spole\u010dn\u00e9ho s ve\u0159ejnou konzultac\u00ed.\u00a0Byla to jen obrazovka, v\u00fdprava, pot\u011bmkinovsk\u00e1 vesnice postaven\u00e1 tak, aby bylo na co p\u0159ivol\u00e1vat.\u00a0Ve skute\u010dnosti byl obsah konference seps\u00e1n v kancel\u00e1\u0159\u00edch Evropsk\u00e9 komise a skupiny Spinelli.<\/span><\/p>\n<p><span>Stoj\u00ed za zm\u00ednku, \u017ee v usnesen\u00ed Evropsk\u00e9ho parlamentu se jeho auto\u0159i odvol\u00e1vaj\u00ed na manifest Ventotene Altiera Spinelliho, italsk\u00e9ho trockistick\u00e9ho komunisty.\u00a0Na prvn\u00edm m\u00edst\u011b je citov\u00e1n jeho manifest a na druh\u00e9m m\u00edst\u011b Schumanova deklarace.\u00a0To jasn\u011b ukazuje, \u017ee tato my\u0161lenka na zm\u011bnu smlouvy o EU m\u00e1 ko\u0159eny v komunistick\u00e9 marxistick\u00e9 vizi Evropy, kde se ru\u0161\u00ed n\u00e1rodn\u00ed st\u00e1ty a kde demokracie v podstat\u011b neexistuje.<\/span><\/p>\n<p><span>Sta\u010d\u00ed si p\u0159e\u010d\u00edst, co na toto t\u00e9ma napsal Spinelli.\u00a0Schuman prohla\u0161oval, \u017ee jeho my\u0161lenkou nebylo sdru\u017eovat zem\u011b, aby vytvo\u0159ily superst\u00e1t, a my\u0161lenka Unie jako superst\u00e1tu m\u00e1 sv\u016fj p\u016fvod v konceptech, kter\u00e9 Spinelli odhalil ve Ventotene Manifestu.<\/span><\/p>\n<p><span>\u0158\u00edk\u00e1, \u017ee \u201esvou vizi a jistotu toho, co je t\u0159eba ud\u011blat, odvozuje z v\u011bdom\u00ed, \u017ee p\u0159edstavuje nejhlub\u0161\u00ed pot\u0159eby modern\u00ed spole\u010dnosti, a nikoli z jak\u00e9hokoli p\u0159edchoz\u00edho uzn\u00e1n\u00ed lidovou v\u016fl\u00ed, kter\u00e1 dosud neexistuje.\u00a0T\u00edmto zp\u016fsobem vyd\u00e1v\u00e1 z\u00e1kladn\u00ed sm\u011brnice nov\u00e9ho \u0159\u00e1du, prvn\u00ed spole\u010densk\u00e9 discipl\u00edny zam\u011b\u0159en\u00e9 na nezformovan\u00e9 masy.\u00a0Touto diktaturou revolu\u010dn\u00ed strany vznikne nov\u00fd st\u00e1t a kolem tohoto st\u00e1tu vyroste nov\u00e1, skute\u010dn\u00e1 demokracie.&#8220;<\/span><\/p>\n<p><span>To je \u010dist\u00fd bol\u0161evismus!\u00a0Tato budouc\u00ed demokracie, stejn\u011b jako v komunismu, m\u00e1 b\u00fdt vedena diktaturou revolu\u010dn\u00edch stran.\u00a0Manifest Ventotene d\u00e1le \u0159\u00edk\u00e1, \u017ee p\u016fjde o stabiln\u00ed feder\u00e1ln\u00ed st\u00e1t s evropskou arm\u00e1dou atd.<\/span><\/p>\n<p><span>Aby bylo jasno: Tento projekt reformy smluv EU je komunistick\u00fd a odm\u00edt\u00e1 Schuman\u016fv k\u0159es\u0165ansko-demokratick\u00fd koncept.\u00a0Skupina Spinelli, kter\u00e1 je spoluautorem n\u00e1vrh\u016f, je neform\u00e1ln\u00ed skupinou v Evropsk\u00e9m parlamentu s des\u00edtkami europoslanc\u016f.\u00a0Tvrd\u00ed, \u017ee jsou federalist\u00e9, ale jejich projekt je ve skute\u010dnosti antifederalistick\u00fd.<\/span><\/p>\n<p><span>Ve federaci, kdy\u017e se pod\u00edv\u00e1te na N\u011bmeckou Bundesrepubliku, \u0160v\u00fdcarsko nebo Spojen\u00e9 st\u00e1ty, jsou slo\u017eky federace stejn\u00e9 nebo t\u00e9m\u011b\u0159 stejn\u00e9.\u00a0Ka\u017ed\u00fd st\u00e1t ve Spojen\u00fdch st\u00e1tech m\u00e1 v Sen\u00e1tu dva z\u00e1stupce.\u00a0N\u011bmeck\u00e9 spolkov\u00e9 zem\u011b (st\u00e1ty) maj\u00ed v Bundesratu t\u00e9m\u011b\u0159 rovn\u00e9 zastoupen\u00ed.\u00a0Tot\u00e9\u017e plat\u00ed o Rad\u011b st\u00e1t\u016f ve \u0160v\u00fdcarsku.<\/span><\/p>\n<p><span>Naproti tomu v Evropsk\u00e9 unii je hlasovac\u00ed v\u00e1ha \u010dlensk\u00fdch st\u00e1t\u016f \u00fam\u011brn\u00e1 jejich po\u010dtu obyvatel.\u00a0Nejde tedy pouze o antidemokratick\u00fd projekt, ale tak\u00e9 o projekt antifederalistick\u00fd, p\u0159esto\u017ee se sami naz\u00fdvaj\u00ed federalisty.\u00a0Ve skute\u010dnosti maj\u00ed k feder\u00e1ln\u00edm koncept\u016fm daleko.\u00a0Jsou to centraliz\u00e1to\u0159i.<\/span><\/p>\n<p><span>Jde o jakousi skupinu politick\u00fdch ideolog\u016f, z nich\u017e n\u011bkter\u00e9 bych ozna\u010dil i za fanatiky, kte\u0159\u00ed cht\u011bj\u00ed na trosk\u00e1ch n\u00e1rodn\u00edch st\u00e1t\u016f vybudovat superst\u00e1t, kde bude nezodpov\u011bdn\u011b vl\u00e1dnout politick\u00e1 oligarchie a uniknout demokratick\u00e9 kontrole ob\u010dan\u016f.<\/span><\/p>\n<p><strong><span>Mezi navrhovan\u00fdmi zm\u011bnami smluv EU je i toto oproti dosud platn\u00e9mu dosti revolu\u010dn\u00edmu pravidlu: N\u00e1sledn\u00e9 smlouvy by p\u0159ijala 4\/5 v\u011bt\u0161ina \u010dlensk\u00fdch st\u00e1t\u016f.\u00a0Na druhou stranu tato prvn\u00ed smlouva, kter\u00e1 by byla pr\u016flomov\u00e1 a zavedla by takov\u00fd princip, bude muset b\u00fdt p\u0159ijata jednomysln\u011b, ne?<\/span><\/strong><\/p>\n<p><span>Ano.\u00a0A jakmile bude p\u0159ijata, nebude ji\u017e pot\u0159eba vnucovat v\u016fli n\u011bkter\u00fdch \u010dlensk\u00fdch st\u00e1t\u016f, kdy\u017e ji lze obej\u00edt.\u00a0To je kuriozita, proto\u017ee nikde v \u017e\u00e1dn\u00e9 mezin\u00e1rodn\u00ed organizaci neexistuje, aby byl z\u00e1konn\u00fd, \u00fastavn\u00ed akt organizace p\u0159ijat jinak ne\u017e jednomysln\u011b.<\/span><\/p>\n<p><span>Dal\u0161\u00ed revolu\u010dn\u00ed zm\u011bna se t\u00fdk\u00e1 zp\u016fsobu p\u0159id\u011blov\u00e1n\u00ed kompetenc\u00ed Unie.\u00a0A\u017e dosud \u2013 alespo\u0148 teoreticky, proto\u017ee v praxi je to trochu jinak \u2013 jsou to \u010dlensk\u00e9 st\u00e1ty, kter\u00e9 Unii ud\u011bluj\u00ed nov\u00e9 pravomoci.\u00a0Naproti tomu podle t\u00e9to nov\u011b navrhovan\u00e9 smlouvy, o kter\u00e9 Evropsk\u00fd parlament pr\u00e1v\u011b projedn\u00e1v\u00e1, by Unii ofici\u00e1ln\u011b umo\u017enilo ud\u011blovat si nov\u00e9 kompetence a rozhodovat o kompetenc\u00edch \u010dlensk\u00fdch st\u00e1t\u016f.<\/span><\/p>\n<p><span>V tuto chv\u00edli, alespo\u0148 na pap\u00ed\u0159e, podle \u010dl\u00e1nku 5 existuje tzv. princip sv\u011b\u0159en\u00ed.\u00a0To znamen\u00e1, \u017ee Unie m\u00e1 pouze ty pravomoci, kter\u00e9 j\u00ed byly sv\u011b\u0159eny \u010dlensk\u00fdmi st\u00e1ty a jsou vyjmenov\u00e1ny ve smlouv\u00e1ch.<\/span><\/p>\n<p><span>Naproti tomu zpr\u00e1va tzv. Verhofstadtovy skupiny navrhuje p\u0159eveden\u00ed 10 oblast\u00ed p\u016fsobnosti na Unii, z toho dv\u011b jako v\u00fdlu\u010dn\u00e9 kompetence v oblasti klimatu a \u017eivotn\u00edho prost\u0159ed\u00ed a osm jako tzv. sd\u00edlen\u00e9 kompetence.\u00a0Smlouva \u0159\u00edk\u00e1, \u017ee sd\u00edlen\u00e9 kompetence jsou ty, kde m\u00e1 Unie p\u0159ednost p\u0159i jejich v\u00fdkonu, a \u010dlensk\u00e9 st\u00e1ty mohou jednat pouze do t\u00e9 m\u00edry, do jak\u00e9 Unie tyto kompetence nevykon\u00e1v\u00e1.<\/span><\/p>\n<p><span>Je to zkr\u00e1tka Unie, kdo rozhodne, jak\u00e9 jsou pravomoci a rozsah suverenity st\u00e1t\u016f, a ne naopak.\u00a0Suverenita v r\u00e1mci Evropsk\u00e9 unie by tak ji\u017e nest\u00e1la v \u010dlensk\u00fdch st\u00e1tech, ale v Unii samotn\u00e9, a ty by byly pod\u0159\u00edzeny.<\/span><\/p>\n<p><span>Mimochodem, m\u011bna euro se m\u00e1 st\u00e1t povinnou pro v\u0161echny \u010dleny EU.\u00a0Tak\u00e9 proto mluv\u00edm o hrozb\u011b, \u017ee se \u010dlensk\u00e9 st\u00e1ty stanou jednoduch\u00fdmi \u201eL\u00e4nder\u201c: Budou to jen st\u00e1ty Evropsk\u00e9 unie, stejn\u011b jako jsou n\u011bmeck\u00e9 st\u00e1ty.<\/span><\/p>\n<p><strong><span>Teoreticky je imigrace v tuto chv\u00edli st\u00e1le ve v\u00fdlu\u010dn\u00e9 pravomoci \u010dlensk\u00fdch st\u00e1t\u016f EU\u2026<\/span><\/strong><\/p>\n<p><span>Ekonomick\u00e9 p\u0159ist\u011bhovalectv\u00ed je v tuto chv\u00edli skute\u010dn\u011b v\u00fdlu\u010dnou pravomoc\u00ed \u010dlensk\u00fdch st\u00e1t\u016f na z\u00e1klad\u011b st\u00e1vaj\u00edc\u00edch evropsk\u00fdch smluv, ale v praxi to nen\u00ed respektov\u00e1no.\u00a0Migra\u010dn\u00ed pakt, kter\u00fd je v procesu dokon\u010dov\u00e1n\u00ed, sv\u00fdm principem relokace d\u00e1v\u00e1 EU pravomoci, kter\u00e9 nebyly sv\u011b\u0159eny \u010dlensk\u00fdmi st\u00e1ty.<\/span><\/p>\n<p><span>A pokud jde o budouc\u00ed kompetence, pokud projdete v\u0161emi t\u011bmito kompetencemi, kter\u00e9 by EU z\u00edskala \u2013 \u017eivotn\u00ed prost\u0159ed\u00ed, klima, lesnictv\u00ed, ve\u0159ejn\u00e9 zdrav\u00ed, p\u0159eshrani\u010dn\u00ed dopravn\u00ed infrastruktura, politika vn\u011bj\u0161\u00edch hranic, zahrani\u010dn\u00ed v\u011bci, vnit\u0159n\u00ed bezpe\u010dnost, obrana, civiln\u00ed obrana, pr\u016fmysl, \u0161kolstv\u00ed\u2026 na \u010dlensk\u00e9 st\u00e1ty toho moc nezb\u00fdv\u00e1.\u00a0Pravomoci \u010dlensk\u00fdch st\u00e1t\u016f tedy budou zbytkov\u00e9 a \u010d\u00e1ste\u010dn\u00e9.<\/span><\/p>\n<p><span>K tomu se p\u0159id\u00e1v\u00e1 velk\u00e1 kapitola kulturn\u00ed revoluce neboli genderov\u00e9 ideologie, kde je v\u0161ude ve Smlouv\u011b \u201erovnost mezi mu\u017ei a \u017eenami\u201c nahrazena pojmem \u201egender\u201c.\u00a0A to vstoupit do katalogu tzv. evropsk\u00fdch hodnot.<\/span><\/p>\n<p><strong><span>Znamen\u00e1 to, \u017ee pokud budou smlouvy upraveny podle aktu\u00e1ln\u00edch n\u00e1vrh\u016f Evropsk\u00e9ho parlamentu, bude EU moci ofici\u00e1ln\u011b a leg\u00e1ln\u011b zav\u00e9st s\u0148atky osob stejn\u00e9ho pohlav\u00ed na v\u0161echny \u010dlensk\u00e9 st\u00e1ty?<\/span><\/strong><\/p>\n<p><span>Nepovolen\u00ed s\u0148atk\u016f osob stejn\u00e9ho pohlav\u00ed v \u010dlensk\u00e9m st\u00e1t\u011b bude skute\u010dn\u011b p\u0159edstavovat poru\u0161en\u00ed pr\u00e1vn\u00edho st\u00e1tu, jak jej ch\u00e1pe nov\u00e1 definice EU.\u00a0K tomu p\u0159idejte, \u017ee \u010dl\u00e1nek 7, kter\u00fdm Polsko a Ma\u010farsko l\u00e9ta grilovaly, by byl upraven tak, aby bylo mo\u017en\u00e9 konstatovat nedostatek \u00facty k pr\u00e1vn\u00edmu st\u00e1tu a trestat zm\u00edn\u011bnou zemi ji\u017e nikoli jednomysln\u011b, ale v\u011bt\u0161ina ostatn\u00edch \u010dlensk\u00fdch st\u00e1t\u016f.<\/span><\/p>\n<p><span>P\u0159ijet\u00ed t\u011bchto zm\u011bn bude m\u00edt za n\u00e1sledek ztr\u00e1tu zp\u016fsobilosti st\u00e1t\u016f v t\u00e9to v\u011bci.\u00a0Bude jednodu\u0161\u0161\u00ed potrestat \u010dlensk\u00fd st\u00e1t a blokovat fondy EU, na kter\u00e9 m\u00e1 n\u00e1rok.\u00a0Stru\u010dn\u011b \u0159e\u010deno, to, co nyn\u00ed d\u011blaj\u00ed nez\u00e1konn\u011b, by od nyn\u011bj\u0161ka mohli d\u011blat leg\u00e1ln\u011b, proto\u017ee v\u0161e by bylo zakotveno ve Smlouv\u011b.<\/span><\/p>\n<p><strong><span>Jak\u00e9 jsou tyto zm\u011bny ve srovn\u00e1n\u00ed s t\u011bmi, kter\u00e9 v z\u00e1\u0159\u00ed navrhla skupina odborn\u00edk\u016f jmenovan\u00e1 Franci\u00ed a N\u011bmeckem?\u00a0Souvis\u00ed ty dv\u011b iniciativy n\u011bjak?<\/span><\/strong><\/p>\n<p><span>Ne nejsou.\u00a0Pr\u00e1ce parlamentn\u00edho t\u00fdmu za\u010dala v \u010dervenci 2022. Naproti tomu zde hovo\u0159\u00edme o t\u00fdmu vytvo\u0159en\u00e9m z iniciativy n\u011bmeck\u00fdch a francouzsk\u00fdch ministr\u016f evropsk\u00fdch z\u00e1le\u017eitost\u00ed.\u00a0Jejich zpr\u00e1vu p\u00ed\u0161\u00ed akademici, kte\u0159\u00ed na zak\u00e1zku napsali n\u011bco, na co se nyn\u00ed mohou tito dva minist\u0159i odvol\u00e1vat.\u00a0T\u00e9mata jsou podobn\u00e1 a z\u00e1m\u011bry se shoduj\u00ed, ale t\u00edm podobnosti kon\u010d\u00ed.<\/span><\/p>\n<p><span>Zpr\u00e1va Parlamentu je d\u0159\u00edv\u011bj\u0161\u00ed, \u0161ir\u0161\u00ed a hlub\u0161\u00ed a m\u00e1 p\u0159edev\u0161\u00edm form\u00e1ln\u00ed roli.\u00a0Vych\u00e1z\u00ed z \u010dl\u00e1nku 48 Smlouvy o Evropsk\u00e9 unii a spou\u0161t\u00ed proces zm\u011bny Smlouvy, zat\u00edmco n\u011bmecko-francouzsk\u00e1 zpr\u00e1va je pouze odborn\u00fdm posudkem na zak\u00e1zku.\u00a0Tyto dv\u011b zpr\u00e1vy maj\u00ed velmi odli\u0161nou v\u00e1hu.<\/span><\/p>\n<p><strong><span>Jak\u00e1 je tedy va\u0161e p\u0159edpov\u011b\u010f?\u00a0M\u00e1 nov\u00e1 smlouva dostate\u010dnou podporu ve velk\u00fdch zem\u00edch EU a bude ostatn\u00edm prost\u011b vnucena?<\/span><\/strong><\/p>\n<p><span>Nejprve projde v Evropsk\u00e9m parlamentu.\u00a0Zhruba soud\u011b podle p\u0159edchoz\u00edch hlas\u016f p\u0159edpokl\u00e1d\u00e1m, \u017ee by to m\u011blo b\u00fdt asi 330 hlas\u016f \u201epro\u201c a 170 \u201eproti\u201c.\u00a0To ukazuj\u00ed p\u0159edchoz\u00ed hlasov\u00e1n\u00ed, nap\u0159\u00edklad o \u00fapln\u00e9m odstran\u011bn\u00ed pr\u00e1va veta, kter\u00e9 p\u0159edpokl\u00e1d\u00e1 dal\u0161\u00ed zpr\u00e1va, o kter\u00e9 se v z\u00e1\u0159\u00ed v Evropsk\u00e9m parlamentu hlasovalo.<\/span><\/p>\n<p><span>N\u00e1vrh na zm\u011bnu unijn\u00edch smluv po jeho p\u0159ijet\u00ed Evropsk\u00fdm parlamentem p\u0159istane na stole Rady EU, kter\u00e1 sdru\u017euje dot\u010den\u00e9 ministry z EU27.\u00a0Bude postoupena Evropsk\u00e9 rad\u011b, tedy jedn\u00e1n\u00ed hlav st\u00e1t\u016f a vl\u00e1d.<\/span><\/p>\n<p><span>Evropsk\u00e1 rada pak m\u016f\u017ee prostou v\u011bt\u0161inou hlas\u016f, co\u017e je n\u011bco neobvykl\u00e9ho, rozhodnout o svol\u00e1n\u00ed Konventu.\u00a0Jedn\u00e1 se o typ Konventu, kter\u00e9mu kdysi p\u0159edsedal Giscard d&#8217;Estaing a kter\u00fd vytvo\u0159il ne\u00fasp\u011b\u0161nou \u00dastavn\u00ed smlouvu EU.\u00a0Takov\u00e1 \u00famluva je org\u00e1nem stanoven\u00fdm podle sou\u010dasn\u00fdch smluv.\u00a0Dal\u0161\u00edm krokem je rozhodnut\u00ed svolat mezivl\u00e1dn\u00ed konferenci, kter\u00e1 toto v\u0161e uz\u00e1kon\u00ed spole\u010dnou dohodou o dodatc\u00edch ke smlouv\u011b.<\/span><\/p>\n<p><span>Moje odpov\u011b\u010f na va\u0161i ot\u00e1zku je, \u017ee pokud se nyn\u00ed spole\u010dnosti a politick\u00e9 s\u00edly neprobud\u00ed a nezastav\u00ed to v ran\u00e9 f\u00e1zi, parn\u00ed v\u00e1lec EU dojede a\u017e do konce.\u00a0Na druhou stranu existuje \u0161ance, pokud se nyn\u00ed postav\u00ed proti a ve spole\u010dnostech \u010dlensk\u00fdch st\u00e1t\u016f se postav\u00ed odpor a bude m\u00edt vliv na politick\u00e9 debaty a volby, pokud se ve Francii dostanou k moci s\u00edly, kter\u00e9 jsou proti t\u00e9to zm\u011bn\u011b re\u017eimu, nap\u0159. o\u010dek\u00e1v\u00e1 se, a pokud dojde v p\u0159\u00ed\u0161t\u00edch volb\u00e1ch do Evropsk\u00e9ho parlamentu k posunu politick\u00e9 sc\u00e9ny doprava, pokud se to stane d\u016fle\u017eit\u00fdm t\u00e9matem t\u011bchto evropsk\u00fdch voleb, jak by m\u011blo, pak je \u0161ance tyto zm\u011bny smluv zablokovat.<\/span><\/p>\n<p><span>Ale pokud se to bude d\u011blat v tichosti, jako tomu bylo doposud, s t\u00edm, \u017ee politici a m\u00e9dia budou ml\u010det, pak tento proces p\u016fjde a\u017e do konce.\u00a0Nyn\u00ed se pracuje pod radarem.\u00a0V\u0161imli si toho jen odborn\u00edci a velmi mal\u00fd po\u010det novin\u00e1\u0159\u016f.<\/span><\/p>\n<p><span>To je mimochodem z\u00e1m\u011br ud\u011blat to in-house, diskr\u00e9tn\u00edm zp\u016fsobem.\u00a0Ve\u0159ejnost si nem\u00e1 v\u0161imnout, \u017ee se chyst\u00e1 pu\u010d, \u017ee se ru\u0161\u00ed Evropsk\u00e1 unie jako spole\u010denstv\u00ed suver\u00e9nn\u00edch st\u00e1t\u016f a vznik\u00e1 superst\u00e1t bez jak\u00e9hokoli souhlasu lidu a \u017ee se redukuj\u00ed \u010dlensk\u00e9 st\u00e1ty. na roli n\u011bmeck\u00fdch st\u00e1t\u016f.<\/span><\/p>\n<p><span>Proto, stejn\u011b jako Kapitolsk\u00e9 husy, je dnes nutn\u00e9 varovat a varovat, \u017ee se tento p\u0159evrat chyst\u00e1.\u00a0To by bylo v po\u0159\u00e1dku, kdyby s t\u00edm evropsk\u00e9 spole\u010dnosti souhlasily.\u00a0Pokud lid\u00e9 cht\u011bj\u00ed zru\u0161en\u00ed n\u00e1rodn\u00edch st\u00e1t\u016f, pak je to v po\u0159\u00e1dku, i kdy\u017e se mi to nel\u00edb\u00ed.\u00a0Chcete superst\u00e1t, kde bude vl\u00e1dnout kasta eurokrat\u016f bez kontroly ob\u010dan\u016f?\u00a0Pokud ano, vyj\u00e1d\u0159ete sv\u016fj souhlas.<\/span><\/p>\n<p><span>V Bruselu ale dob\u0159e v\u011bd\u00ed, \u017ee takov\u00e1 dohoda neexistuje a nebude.\u00a0Tak\u017ee to cht\u011bj\u00ed d\u011blat tajn\u011b, a proto tomu \u0159\u00edk\u00e1m spiknut\u00ed a pu\u010d.\u00a0Je to \u00fatok na demokracii.\u00a0Robert Schuman se mus\u00ed obracet v hrob\u011b.\u00a0Kdyby byl na\u017eivu a byl dnes europoslancem, hlasoval by proti.\u00a0Stejn\u011b tak Ital Alcide de Gasperi, dal\u0161\u00ed ze zakladatel\u016f Evropy.<\/span><\/p>\n<p><span>Probl\u00e9m je v tom, \u017ee Evropa byla unesena, byla ukradena.\u00a0Stejn\u011b jako Zeus v podob\u011b b\u00fdka unesl Evropu, levicov\u011b-liber\u00e1ln\u00ed kruhy se zmocnily n\u011b\u010deho, co bylo konceptem s k\u0159es\u0165anskou genez\u00ed, n\u011b\u010deho, co bylo zalo\u017eeno na principu subsidiarity, kter\u00fd je mimochodem odvozen ze soci\u00e1ln\u00edho u\u010den\u00ed c\u00edrkve.\u00a0Toto n\u011bco p\u0159etv\u00e1\u0159ej\u00ed v projekt s komunistick\u00fdmi ko\u0159eny.\u00a0Auto\u0159i n\u00e1vrhu usnesen\u00ed a zpr\u00e1vy Evropsk\u00e9ho parlamentu se t\u00edm ani netaj\u00ed.<\/span><\/p>\n<p><span>***<\/span><\/p>\n<p><em><span>Jacek Saryusz-Wolski je ekonom a odborn\u00edk na evropsk\u00e1 studia.\u00a0Byl jedn\u00edm z hlavn\u00edch polsk\u00fdch vyjednava\u010d\u016f o \u010dlenstv\u00ed v Evropsk\u00e9 unii a m\u011bl na starosti vztahy s EU v n\u011bkolika vl\u00e1d\u00e1ch v 90. letech a na po\u010d\u00e1tku 21. stolet\u00ed.\u00a0Od roku 2004 je poslancem Evropsk\u00e9ho parlamentu. V letech 2004 a\u017e 2007 byl m\u00edstop\u0159edsedou Evropsk\u00e9ho parlamentu a v letech 2007 a\u017e 2009 p\u0159edsedal zahrani\u010dn\u00edmu v\u00fdboru EP. Jacek Saryusz-Wolski byl rovn\u011b\u017e \u010dlenem odborov\u00e9ho svazu Solidarita za komunistick\u00e9 vl\u00e1dy v 80. letech.\u00a0Znechucen t\u00edm, jak se jeho liber\u00e1ln\u00ed kolegov\u00e9 sna\u017eili prosadit v Bruselu sankce proti Polsku po jejich volebn\u00ed por\u00e1\u017ece v roce 2015, se distancoval od Ob\u010dansk\u00e9 platformy (PO), jej\u00edm\u017e byl v\u016fd\u010d\u00ed osobnost\u00ed (tehdy byl m\u00edstop\u0159edsedou evropsk\u00e9 lidov\u00e9 strany) a p\u0159ibl\u00ed\u017eil se k Pr\u00e1vu a spravedlnosti (PiS), s n\u00ed\u017e nyn\u00ed zased\u00e1 ve skupin\u011b Evropsk\u00fdch konzervativc\u016f a reformist\u016f (ECR).<\/span><\/em><\/p>\n<p>&nbsp;<\/p>\n<p><a href=\"https:\/\/stranapro.cz\/\"><img decoding=\"async\" loading=\"lazy\" class=\"wp-image-30218 aligncenter\" src=\"http:\/\/www.infokuryr.cz\/n\/wp-content\/uploads\/2023\/06\/PRO-banner-300x36.png\" alt=\"\" width=\"1367\" height=\"164\" srcset=\"https:\/\/www.infokuryr.cz\/n\/wp-content\/uploads\/2023\/06\/PRO-banner-300x36.png 300w, https:\/\/www.infokuryr.cz\/n\/wp-content\/uploads\/2023\/06\/PRO-banner-768x93.png 768w, https:\/\/www.infokuryr.cz\/n\/wp-content\/uploads\/2023\/06\/PRO-banner.png 849w\" sizes=\"(max-width: 1367px) 100vw, 1367px\" \/><\/a><\/p>\n<p>&nbsp;<\/p>\n<p>&nbsp;<\/p>\n","protected":false},"excerpt":{"rendered":"<p>Ve\u0159ejnost si nem\u00e1 v\u0161imnout, \u017ee se chyst\u00e1 pu\u010d, \u017ee se ru\u0161\u00ed Evropsk\u00e1 unie jako spole\u010denstv\u00ed&#8230;<\/p>\n","protected":false},"author":2,"featured_media":39104,"comment_status":"closed","ping_status":"closed","sticky":false,"template":"","format":"standard","meta":[],"categories":[7],"tags":[41,31,428,1052],"_links":{"self":[{"href":"https:\/\/www.infokuryr.cz\/n\/wp-json\/wp\/v2\/posts\/39103"}],"collection":[{"href":"https:\/\/www.infokuryr.cz\/n\/wp-json\/wp\/v2\/posts"}],"about":[{"href":"https:\/\/www.infokuryr.cz\/n\/wp-json\/wp\/v2\/types\/post"}],"author":[{"embeddable":true,"href":"https:\/\/www.infokuryr.cz\/n\/wp-json\/wp\/v2\/users\/2"}],"replies":[{"embeddable":true,"href":"https:\/\/www.infokuryr.cz\/n\/wp-json\/wp\/v2\/comments?post=39103"}],"version-history":[{"count":0,"href":"https:\/\/www.infokuryr.cz\/n\/wp-json\/wp\/v2\/posts\/39103\/revisions"}],"wp:featuredmedia":[{"embeddable":true,"href":"https:\/\/www.infokuryr.cz\/n\/wp-json\/wp\/v2\/media\/39104"}],"wp:attachment":[{"href":"https:\/\/www.infokuryr.cz\/n\/wp-json\/wp\/v2\/media?parent=39103"}],"wp:term":[{"taxonomy":"category","embeddable":true,"href":"https:\/\/www.infokuryr.cz\/n\/wp-json\/wp\/v2\/categories?post=39103"},{"taxonomy":"post_tag","embeddable":true,"href":"https:\/\/www.infokuryr.cz\/n\/wp-json\/wp\/v2\/tags?post=39103"}],"curies":[{"name":"wp","href":"https:\/\/api.w.org\/{rel}","templated":true}]}}