{"id":38913,"date":"2023-10-25T05:37:47","date_gmt":"2023-10-25T03:37:47","guid":{"rendered":"http:\/\/www.infokuryr.cz\/n\/?p=38913"},"modified":"2023-10-25T19:58:05","modified_gmt":"2023-10-25T17:58:05","slug":"blizi-se-valka-spojene-staty-posilaji-do-zemi-blizkeho-vychodu-nove-systemy-protivzdusne-obrany","status":"publish","type":"post","link":"https:\/\/www.infokuryr.cz\/n\/2023\/10\/25\/blizi-se-valka-spojene-staty-posilaji-do-zemi-blizkeho-vychodu-nove-systemy-protivzdusne-obrany\/","title":{"rendered":"Bl\u00ed\u017e\u00ed se v\u00e1lka?: Spojen\u00e9 st\u00e1ty pos\u00edlaj\u00ed do zem\u00ed Bl\u00edzk\u00e9ho v\u00fdchodu nov\u00e9 syst\u00e9my protivzdu\u0161n\u00e9 obrany"},"content":{"rendered":"<div id=\"fb-root\"><\/div>\n<p class=\"lead\"><strong>Spojen\u00e9 st\u00e1ty pos\u00edlaj\u00ed do zem\u00ed Persk\u00e9ho z\u00e1livu a\u017e 12 syst\u00e9m\u016f protivzdu\u0161n\u00e9 obrany.\u00a0Tureck\u00fd klub o tom informuje s odvol\u00e1n\u00edm na WSJ.<\/strong><\/p>\n<p>Spojen\u00e9 st\u00e1ty nal\u00e9hav\u011b pos\u00edlaj\u00ed asi 12 syst\u00e9m\u016f protivzdu\u0161n\u00e9 obrany do zem\u00ed na Bl\u00edzk\u00e9m v\u00fdchod\u011b.<\/p>\n<p>Pentagon rozm\u00edst\u00ed syst\u00e9m protiraketov\u00e9 obrany Thaad v Sa\u00fadsk\u00e9 Ar\u00e1bii, stejn\u011b jako protiletadlov\u00e9 raketov\u00e9 syst\u00e9my Patriot v Kuvajtu, Jord\u00e1nsku, Ir\u00e1ku, Sa\u00fadsk\u00e9 Ar\u00e1bii, Kataru a Spojen\u00fdch arabsk\u00fdch emir\u00e1tech.<\/p>\n<p>S\u00e9rie \u00fatok\u016f \u00cdr\u00e1nu a jeho z\u00e1stupc\u016f na americk\u00e9 jednotky v Ir\u00e1ku a S\u00fdrii v posledn\u00edch dnech, kter\u00e9 nezp\u016fsobily Spojen\u00fdm st\u00e1t\u016fm v\u00e1\u017en\u00e9 \u0161kody, vyvolala ve Washingtonu poplach.<\/p>\n<p>Administrativa\u00a0<strong>Joea Bidena<\/strong>\u00a0se ob\u00e1v\u00e1, \u017ee by izraelsk\u00e1 pozemn\u00ed operace v p\u00e1smu Gazy mohla vyvolat novou vlnu \u00fatok\u016f na americk\u00e9 jednotky.<\/p>\n<p><img decoding=\"async\" loading=\"lazy\" class=\"alignnone size-full wp-image-1185\" src=\"http:\/\/www.infokuryr.cz\/n\/wp-content\/uploads\/2021\/04\/kuryr-podpis.png\" alt=\"\" width=\"84\" height=\"24\" \/><\/p>\n<p>&nbsp;<\/p>\n<p><a href=\"https:\/\/stranapro.cz\/\"><img decoding=\"async\" loading=\"lazy\" class=\"wp-image-30218 aligncenter\" src=\"http:\/\/www.infokuryr.cz\/n\/wp-content\/uploads\/2023\/06\/PRO-banner-300x36.png\" alt=\"\" width=\"1367\" height=\"164\" srcset=\"https:\/\/www.infokuryr.cz\/n\/wp-content\/uploads\/2023\/06\/PRO-banner-300x36.png 300w, https:\/\/www.infokuryr.cz\/n\/wp-content\/uploads\/2023\/06\/PRO-banner-768x93.png 768w, https:\/\/www.infokuryr.cz\/n\/wp-content\/uploads\/2023\/06\/PRO-banner.png 849w\" sizes=\"(max-width: 1367px) 100vw, 1367px\" \/><\/a><\/p>\n<p>&nbsp;<\/p>\n<p>&nbsp;<\/p>\n<p>&nbsp;<\/p>\n","protected":false},"excerpt":{"rendered":"<p>Spojen\u00e9 st\u00e1ty pos\u00edlaj\u00ed do zem\u00ed Persk\u00e9ho z\u00e1livu a\u017e 12 syst\u00e9m\u016f protivzdu\u0161n\u00e9 obrany.\u00a0Tureck\u00fd klub o tom&#8230;<\/p>\n","protected":false},"author":2,"featured_media":18976,"comment_status":"closed","ping_status":"closed","sticky":false,"template":"","format":"standard","meta":[],"categories":[7],"tags":[80,3071,37],"_links":{"self":[{"href":"https:\/\/www.infokuryr.cz\/n\/wp-json\/wp\/v2\/posts\/38913"}],"collection":[{"href":"https:\/\/www.infokuryr.cz\/n\/wp-json\/wp\/v2\/posts"}],"about":[{"href":"https:\/\/www.infokuryr.cz\/n\/wp-json\/wp\/v2\/types\/post"}],"author":[{"embeddable":true,"href":"https:\/\/www.infokuryr.cz\/n\/wp-json\/wp\/v2\/users\/2"}],"replies":[{"embeddable":true,"href":"https:\/\/www.infokuryr.cz\/n\/wp-json\/wp\/v2\/comments?post=38913"}],"version-history":[{"count":0,"href":"https:\/\/www.infokuryr.cz\/n\/wp-json\/wp\/v2\/posts\/38913\/revisions"}],"wp:featuredmedia":[{"embeddable":true,"href":"https:\/\/www.infokuryr.cz\/n\/wp-json\/wp\/v2\/media\/18976"}],"wp:attachment":[{"href":"https:\/\/www.infokuryr.cz\/n\/wp-json\/wp\/v2\/media?parent=38913"}],"wp:term":[{"taxonomy":"category","embeddable":true,"href":"https:\/\/www.infokuryr.cz\/n\/wp-json\/wp\/v2\/categories?post=38913"},{"taxonomy":"post_tag","embeddable":true,"href":"https:\/\/www.infokuryr.cz\/n\/wp-json\/wp\/v2\/tags?post=38913"}],"curies":[{"name":"wp","href":"https:\/\/api.w.org\/{rel}","templated":true}]}}