{"id":38911,"date":"2023-10-25T05:32:43","date_gmt":"2023-10-25T03:32:43","guid":{"rendered":"http:\/\/www.infokuryr.cz\/n\/?p=38911"},"modified":"2023-10-25T05:32:43","modified_gmt":"2023-10-25T03:32:43","slug":"spojene-staty-oznamily-zniceni-americkych-specialnich-jednotek-v-pasmu-gazy","status":"publish","type":"post","link":"https:\/\/www.infokuryr.cz\/n\/2023\/10\/25\/spojene-staty-oznamily-zniceni-americkych-specialnich-jednotek-v-pasmu-gazy\/","title":{"rendered":"Spojen\u00e9 st\u00e1ty ozn\u00e1mily zni\u010den\u00ed americk\u00fdch speci\u00e1ln\u00edch jednotek v p\u00e1smu Gazy"},"content":{"rendered":"<div id=\"fb-root\"><\/div>\n<p class=\"lead\"><strong>Odd\u00edl americk\u00fdch a izraelsk\u00fdch speci\u00e1ln\u00edch sil byl zlikvidov\u00e1n v p\u00e1smu Gazy, kam arm\u00e1da vstoupila za \u00fa\u010delem pr\u016fzkumu a zji\u0161t\u011bn\u00ed mo\u017enosti osvobozen\u00ed rukojm\u00edch. B\u00fdval\u00fd poradce Pentagonu Douglas McGregor to uvedl 24. \u0159\u00edjna v rozhovoru s novin\u00e1\u0159em Tuckerem Carlsonem na soci\u00e1ln\u00ed s\u00edti X (d\u0159\u00edve Twitter).<\/strong><\/p>\n<p><em>\u201eB\u011bhem posledn\u00edch zhruba 24 hodin (rozhovor zve\u0159ejn\u011bn\u00fd v \u00fater\u00fd 24. \u0159\u00edjna) se n\u011bkter\u00e9 z na\u0161ich [americk\u00fdch] a izraelsk\u00fdch speci\u00e1ln\u00edch jednotek vydaly do p\u00e1sma Gazy, aby prozkoumaly a identifikovaly mo\u017en\u00e9 zp\u016fsoby, jak osvobodit rukojm\u00ed, a byli post\u0159\u00edleni a rozsek\u00e1ni na kousky&#8220;,<span class=\"after-quote\">\u00a0&#8211; \u0159ekl McGregor.<\/span><\/em><\/p>\n<p><span>B\u00fdval\u00fd poradce Pentagonu zd\u016fraznil, \u017ee pro n\u011bj se izraelsk\u00e9 v\u00edt\u011bzstv\u00ed nezd\u00e1 v \u017e\u00e1dn\u00e9 podob\u011b mo\u017en\u00e9 a \u017ee palestinsko-izraelsk\u00fd konflikt je podle n\u011bj velmi nebezpe\u010dn\u00fd pro samotn\u00e9 Spojen\u00e9 st\u00e1ty kv\u016fli riziku v\u00e1lky s \u00cdr\u00e1nem.<\/span><\/p>\n<p><span>Podle McGregora je vojensk\u00e1 s\u00edla Spojen\u00fdch st\u00e1t\u016f v sou\u010dasn\u00e9 dob\u011b na nejslab\u0161\u00edm m\u00edst\u011b v novodob\u00e9 historii, v d\u016fsledku \u010deho\u017e americk\u00e1 strana nen\u00ed p\u0159ipravena zapojit se do rozs\u00e1hl\u00e9ho konfliktu.<\/span><\/p>\n<p><span>D\u0159\u00edve v ten den Pentagon potvrdil vysl\u00e1n\u00ed americk\u00e9ho vojensk\u00e9ho person\u00e1lu do Izraele jako poradc\u016f.\u00a0Mluv\u010d\u00ed Pentagonu\u00a0<\/span><strong><span>Patrick Ryder<\/span><\/strong><span>\u00a0dodal, \u017ee gener\u00e1l americk\u00e9 n\u00e1mo\u0159n\u00ed p\u011bchoty\u00a0<\/span><strong><span>James Glynn<\/span><\/strong><span>\u00a0, kter\u00fd se \u00fa\u010dastnil operac\u00ed proti teroristick\u00e9 skupin\u011b IS\u00a0<\/span><span>, byl vysl\u00e1n jako poradce do Izraele.<\/span><\/p>\n<p><img decoding=\"async\" loading=\"lazy\" class=\"alignnone size-full wp-image-1185\" src=\"http:\/\/www.infokuryr.cz\/n\/wp-content\/uploads\/2021\/04\/kuryr-podpis.png\" alt=\"\" width=\"84\" height=\"24\" \/><\/p>\n<p>&nbsp;<\/p>\n<p><a href=\"https:\/\/stranapro.cz\/\"><img decoding=\"async\" loading=\"lazy\" class=\"wp-image-30218 aligncenter\" src=\"http:\/\/www.infokuryr.cz\/n\/wp-content\/uploads\/2023\/06\/PRO-banner-300x36.png\" alt=\"\" width=\"1367\" height=\"164\" srcset=\"https:\/\/www.infokuryr.cz\/n\/wp-content\/uploads\/2023\/06\/PRO-banner-300x36.png 300w, https:\/\/www.infokuryr.cz\/n\/wp-content\/uploads\/2023\/06\/PRO-banner-768x93.png 768w, https:\/\/www.infokuryr.cz\/n\/wp-content\/uploads\/2023\/06\/PRO-banner.png 849w\" sizes=\"(max-width: 1367px) 100vw, 1367px\" \/><\/a><\/p>\n<p>&nbsp;<\/p>\n<p>&nbsp;<\/p>\n","protected":false},"excerpt":{"rendered":"<p>Odd\u00edl americk\u00fdch a izraelsk\u00fdch speci\u00e1ln\u00edch sil byl zlikvidov\u00e1n v p\u00e1smu Gazy, kam arm\u00e1da vstoupila za&#8230;<\/p>\n","protected":false},"author":2,"featured_media":38912,"comment_status":"closed","ping_status":"closed","sticky":false,"template":"","format":"standard","meta":[],"categories":[7],"tags":[348,107,2161,37,321],"_links":{"self":[{"href":"https:\/\/www.infokuryr.cz\/n\/wp-json\/wp\/v2\/posts\/38911"}],"collection":[{"href":"https:\/\/www.infokuryr.cz\/n\/wp-json\/wp\/v2\/posts"}],"about":[{"href":"https:\/\/www.infokuryr.cz\/n\/wp-json\/wp\/v2\/types\/post"}],"author":[{"embeddable":true,"href":"https:\/\/www.infokuryr.cz\/n\/wp-json\/wp\/v2\/users\/2"}],"replies":[{"embeddable":true,"href":"https:\/\/www.infokuryr.cz\/n\/wp-json\/wp\/v2\/comments?post=38911"}],"version-history":[{"count":0,"href":"https:\/\/www.infokuryr.cz\/n\/wp-json\/wp\/v2\/posts\/38911\/revisions"}],"wp:featuredmedia":[{"embeddable":true,"href":"https:\/\/www.infokuryr.cz\/n\/wp-json\/wp\/v2\/media\/38912"}],"wp:attachment":[{"href":"https:\/\/www.infokuryr.cz\/n\/wp-json\/wp\/v2\/media?parent=38911"}],"wp:term":[{"taxonomy":"category","embeddable":true,"href":"https:\/\/www.infokuryr.cz\/n\/wp-json\/wp\/v2\/categories?post=38911"},{"taxonomy":"post_tag","embeddable":true,"href":"https:\/\/www.infokuryr.cz\/n\/wp-json\/wp\/v2\/tags?post=38911"}],"curies":[{"name":"wp","href":"https:\/\/api.w.org\/{rel}","templated":true}]}}