{"id":38850,"date":"2023-10-24T05:10:32","date_gmt":"2023-10-24T03:10:32","guid":{"rendered":"http:\/\/www.infokuryr.cz\/n\/?p=38850"},"modified":"2023-10-24T05:10:32","modified_gmt":"2023-10-24T03:10:32","slug":"lide-nemaji-vetsi-hodnotu-nez-zvirata","status":"publish","type":"post","link":"https:\/\/www.infokuryr.cz\/n\/2023\/10\/24\/lide-nemaji-vetsi-hodnotu-nez-zvirata\/","title":{"rendered":"Lid\u00e9 nemaj\u00ed v\u011bt\u0161\u00ed hodnotu ne\u017e zv\u00ed\u0159ata!"},"content":{"rendered":"<div id=\"fb-root\"><\/div>\n<h4>Lid\u00e9 nemaj\u00ed v\u011bt\u0161\u00ed hodnotu ne\u017e zv\u00ed\u0159ata! Povinn\u00e1 o\u010dkov\u00e1n\u00ed obyvatel EU vakc\u00ednami, kter\u00e9 pro\u0161ly klinick\u00fdmi testy za pouh\u00fdch 100 dn\u00ed! Digit\u00e1ln\u00ed pasy pro cestov\u00e1n\u00ed s o\u010dkovac\u00edmi statusy! \u0158editel WHO bude rozhodovat, co nazve pandemi\u00ed a co ne! Americk\u00e1 l\u00e9ka\u0159ka vypov\u00eddala v parlamentn\u00ed komisi EU, smlouva s WHO je podle n\u00ed formou m\u011bkk\u00e9ho pu\u010de! \u0158editel WHO bude regulovat emise pr\u016fmyslu a zem\u011bd\u011blstv\u00ed n\u00e1rodn\u00edch st\u00e1t\u016f?<\/h4>\n<p>Do p\u00e1te\u010dn\u00edho po\u0159adu na SVCS mi volala pan\u00ed Lenka a byla velice znepokojena novou chystanou\u00a0<em>Pandemickou smlouvou<\/em>\u00a0mezi Evropskou uni\u00ed a Sv\u011btovou zdravotnickou organizac\u00ed (WHO), kter\u00e1 m\u00e1 zabr\u00e1nit nov\u00fdm pandemi\u00edm t\u00edm, \u017ee p\u0159enese prakticky v\u0161echny protiepidemick\u00e9 pravomoci n\u00e1rodn\u00edch st\u00e1t\u016f na globalistickou WHO a na jej\u00edho \u0159editele, kter\u00fd se v p\u0159\u00edpad\u011b schv\u00e1len\u00ed t\u00e9to dohody s EU stane prakticky \u0159editelem zem\u011bkoule! Ne, nep\u0159eh\u00e1n\u00edm, proto\u017ee v n\u00e1vrz\u00edch a v dodatkov\u00fdch p\u0159\u00edlepc\u00edch k t\u00e9to smlouv\u011b jsou takov\u00e9 v\u011bci, ze kter\u00fdch jde doslova hr\u016fza a mr\u00e1z po z\u00e1dech.<\/p>\n<p>Ve zkratce je cel\u00e1 dohoda o tom, \u017ee nov\u011b by pandemie a ve\u0161ker\u00e1 opat\u0159en\u00ed v EU spojen\u00e1 s testov\u00e1n\u00edm, s o\u010dkov\u00e1n\u00edm, s no\u0161en\u00edm rou\u0161ek \u010di skafandr\u016f, omezov\u00e1n\u00ed pohybu a cestov\u00e1n\u00ed, omezov\u00e1n\u00ed svobody slova ohledn\u011b vakc\u00edn a o\u010dkov\u00e1n\u00ed, a o dal\u0161\u00edch zdravotnick\u00fdch a protiepidemiologick\u00fdch opat\u0159en\u00edch nerozhodovaly vl\u00e1dy n\u00e1rodn\u00edch st\u00e1t\u016f a jejich poradn\u00ed zdravotn\u00ed komise, ale cel\u00e9 by to spadalo do kompetence \u0159editele WHO, jeho\u017e na\u0159\u00edzen\u00edmi by se musely v\u0161echny st\u00e1ty, kter\u00e9 smlouvu podep\u00ed\u0161\u00ed, bez v\u00fdjimky \u0159\u00eddit.<\/p>\n<p>&nbsp;<\/p>\n<div id=\"rumble_v3omvg4\">\n<div id=\"vid_v3omvg4\" class=\"rumble_v3omvg4-Rumble-cls\" tabindex=\"-1\">\n<div>\n<div class=\"bigPlayUI ctp\">\n<div class=\"bigPlayUIInner ctp\"><div class='videoWrapper'>\r\n\t            <iframe src='https:\/\/rumble.com\/embed\/pj.v3omvg4\/' frameborder='0' allowfullscreen><\/iframe>\r\n\t        <\/div><\/div>\n<\/div>\n<\/div>\n<\/div>\n<\/div>\n<p>&nbsp;<\/p>\n<p>V Bruselu prob\u00edhala ve\u0159ejn\u00e1 diskuse a p\u0159ipom\u00ednkov\u00e9 \u0159\u00edzen\u00ed k n\u00e1vrhu t\u00e9to smlouvy a hostem v parlamentn\u00ed komisi EU byla\u00a0<strong>americk\u00e1 l\u00e9ka\u0159ka a aktivistka Dr. Meryl Nass, kter\u00e1 varovala p\u0159ed smlouvou a nazvala ji\u00a0<em>m\u011bkk\u00fdm pu\u010dem<\/em>, proto\u017ee smlouva ve skute\u010dnosti odeb\u00edr\u00e1 lidsk\u00e1 pr\u00e1va<\/strong>, lid\u00e9 u\u017e nebudou moci rozhodovat o sv\u00fdch t\u011blech, dojde k faktick\u00e9mu zru\u0161en\u00ed Norimbersk\u00e9ho kodexu o l\u00e9ka\u0159sk\u00e9 etice, kter\u00fd zakazuje jednak pokusy na lidech, a rovn\u011b\u017e n\u00e1siln\u00e9 pod\u00e1v\u00e1n\u00ed l\u00e9k\u016f, vakc\u00edn a jin\u00fdch l\u00e1tek.<\/p>\n<p>Tedy pokud osoba s t\u00edmto pod\u00e1v\u00e1n\u00edm v\u00fdslovn\u011b a bez n\u00e1tlaku nesouhlas\u00ed. Tato z\u00e1sadn\u00ed lidsk\u00e1 pr\u00e1va smlouva mezi EU a WHO odstra\u0148uje a nahrazuje je tzv. ochranou ve\u0159ejn\u00e9ho z\u00e1jmu p\u0159ed pandemi\u00ed, kter\u00e1 m\u016f\u017ee zab\u00edt miliony lid\u00ed. Z\u00e1jem celku je tak ve smlouv\u011b nad\u0159azen lidsk\u00fdm pr\u00e1v\u016fm jedince a p\u0159en\u00e1\u0161\u00ed pravomoc vyhl\u00e1\u0161en\u00ed pandemie na \u0159editele WHO podle jeho uv\u00e1\u017een\u00ed.<\/p>\n<h6><span style=\"font-size: 18pt;\">Americk\u00e1 l\u00e9ka\u0159ka varovala p\u0159ed p\u0159ijet\u00edm Pandemick\u00e9 smlouvy s WHO<\/span><\/h6>\n<p>Podle n\u00e1vrhu smlouvy ji\u017e nebude platit, \u017ee pandemie je deklarov\u00e1na po dosa\u017een\u00ed hranice 10 milion\u016f naka\u017een\u00fdch na cel\u00e9m sv\u011bt\u011b, ani podobn\u00e9 objemov\u00e9 hranice, proto\u017ee nov\u011b \u017e\u00e1dn\u00fd limit nebude a \u0159editel WHO vyhl\u00e1s\u00ed pandemie podle sv\u00e9ho uv\u00e1\u017een\u00ed.\u00a0<strong>Sou\u010d\u00e1st\u00ed dokument\u016f je i odkaz na organizaci a projekt\u00a0<em>One Health<\/em>, co\u017e je pl\u00e1n, jak\u00fdm \u0159editel WHO m\u016f\u017ee nap\u0159. omezit \u010dinnost pr\u016fmyslov\u00fdch podnik\u016f v signat\u00e1\u0159sk\u00fdch zem\u00edch<\/strong>, proto\u017ee podle tohoto projektu je zdrav\u00ed odvozeno od ochrany klimatu a vody.<\/p>\n<figure id=\"attachment_57435\" class=\"wp-caption aligncenter\" style=\"width: 694px;\"><a href=\"https:\/\/aeronet.news\/wp-content\/uploads\/jeremy-farrar-who-WEF.jpg\"><img decoding=\"async\" loading=\"lazy\" class=\"wp-image-57435 \" src=\"https:\/\/aeronet.news\/wp-content\/uploads\/jeremy-farrar-who-WEF-1024x534.jpg\" sizes=\"(max-width: 700px) 100vw, 700px\" srcset=\"https:\/\/aeronet.news\/wp-content\/uploads\/jeremy-farrar-who-WEF-1024x534.jpg 1024w, https:\/\/aeronet.news\/wp-content\/uploads\/jeremy-farrar-who-WEF-300x156.jpg 300w, https:\/\/aeronet.news\/wp-content\/uploads\/jeremy-farrar-who-WEF-768x400.jpg 768w, https:\/\/aeronet.news\/wp-content\/uploads\/jeremy-farrar-who-WEF-700x365.jpg 700w, https:\/\/aeronet.news\/wp-content\/uploads\/jeremy-farrar-who-WEF-685x357.jpg 685w, https:\/\/aeronet.news\/wp-content\/uploads\/jeremy-farrar-who-WEF-927x483.jpg 927w, https:\/\/aeronet.news\/wp-content\/uploads\/jeremy-farrar-who-WEF.jpg 1280w\" alt=\"\" width=\"694\" height=\"362\" \/><\/a><figcaption class=\"wp-caption-text\">Jeremy Farrar, z\u00e1stupce WHO na konferenci Sv\u011btov\u00e9ho ekonomick\u00e9ho f\u00f3ra<\/figcaption><\/figure>\n<p>Ale rovn\u011b\u017e od omezen\u00ed CO2 a dus\u00edku, od toho, kolik dobytka a dr\u016fbe\u017ee emisn\u011b zat\u011b\u017euje planetu, tak\u017ee \u0159editel WHO bude moci tedy omezovat pr\u016fmysl v jednotliv\u00fdch zem\u00edch a rovn\u011b\u017e i zem\u011bd\u011blstv\u00ed. S t\u00edm bude spojena n\u00e1siln\u00e1 introdukce udr\u017eiteln\u00fdch potravin na trh, kter\u00e9 budou vyrobeny z \u010derv\u016f a hmyzu s c\u00edlem sn\u00ed\u017een\u00ed emis\u00ed CO2 a NOx podle na\u0159\u00edzen\u00ed WHO. A v dokumentu je dokonce \u0161\u00edlen\u00fd v\u00fdrok, \u017ee lid\u00e9 \u201cu\u017e\u201d nemaj\u00ed v\u011bt\u0161\u00ed hodnotu ne\u017e zv\u011b\u0159. Pokud nem\u00e1te \u010das na video, tak tady je p\u0159epis.<\/p>\n<h4><span style=\"font-size: 18pt;\">Dr. Meryl Nass v panelu parlamentn\u00ed komise EU pro ve\u0159ejnou diskusi o Pandemick\u00e9 smlouv\u011b mezi EU a WHO<\/span><\/h4>\n<p><em>Proch\u00e1z\u00edme m\u011bkk\u00fdm p\u0159evratem a z\u00e1m\u011brem je vytvo\u0159it celou \u0159adu nov\u00fdch z\u00e1kon\u016f a ignorovat st\u00e1vaj\u00edc\u00ed z\u00e1kony o lidsk\u00fdch pr\u00e1vech a dal\u0161\u00ed z\u00e1kony pod z\u00e1minkou p\u0159ipravenosti na pandemii a agendy biologick\u00e9 bezpe\u010dnosti.<\/em><\/p>\n<p><em><strong>WHO prost\u0159ednictv\u00edm v\u0161ech sv\u00fdch zem\u00ed, ale s \u0159editelem WHO a Spojen\u00fdmi st\u00e1ty v \u010dele, p\u0159ipravuje pandemickou smlouvu a zm\u011bny st\u00e1vaj\u00edc\u00edch mezin\u00e1rodn\u00edch zdravotnick\u00fdch p\u0159edpis\u016f, kter\u00e9 odstran\u00ed ochranu lidsk\u00fdch pr\u00e1v<\/strong>, je\u017e je v sou\u010dasnosti zakotvena v mezin\u00e1rodn\u00edch zdravotnick\u00fdch p\u0159edpisech, prosad\u00ed dohled, cenzuru, zbav\u00ed n\u00e1s svobody projevu, bude vy\u017eadovat, aby vl\u00e1dy cenzurovaly a prosazovaly pouze jedin\u00fd narativ.<\/em><\/p>\n<p><em>Tak\u00e9 budeme podl\u00e9hat tomu, jestli se jim poda\u0159\u00ed, aby to fungovalo na vakc\u00edny vyvinut\u00e9 do 100 dn\u016f, co\u017e pl\u00e1nuje organizace CEPI a jedn\u00edm z lid\u00ed, kte\u0159\u00ed CEPI zalo\u017eili, byl Jeremy Farrar, kter\u00fd je nyn\u00ed hlavn\u00edm v\u011bdcem WHO, aby to prosadil.<\/em><\/p>\n<p><em><strong>Dal\u0161\u00edmi v\u011bcmi, kter\u00e9 pozm\u011b\u0148ovac\u00ed n\u00e1vrhy d\u011blaj\u00ed, je zav\u00e1zat st\u00e1ty, aby u\u017e nebyly doporu\u010den\u00edmi, ale vymahateln\u00fdmi na\u0159\u00edzen\u00edmi,<\/strong>\u00a0poskytnout \u0161t\u00edt odpov\u011bdnosti, zbavit se pr\u00e1v du\u0161evn\u00edho vlastnictv\u00ed, p\u0159esouvat z\u00e1soby z jedn\u00e9 zem\u011b do druh\u00e9, prosadit digit\u00e1ln\u00ed pasy a gener\u00e1ln\u00ed \u0159editel WHO m\u016f\u017ee po\u017eadovat, aby pandemie nebo potenci\u00e1ln\u00ed pandemie existovala.<\/em><\/p>\n<p><em>M\u016f\u017ee ji prost\u011b vyhl\u00e1sit bez jak\u00fdchkoli norem a zem\u011b na cel\u00e9m sv\u011bt\u011b se pak budou muset pod\u0159\u00eddit.<\/em><\/p>\n<p><em>Tak\u00e9 WHO v\u00e1m bude \u0159\u00edkat, jak\u00e9 l\u00e9ky m\u016f\u017eete a nem\u016f\u017eete ve va\u0161\u00ed zemi pou\u017e\u00edvat, jakmile bude pandemie vyhl\u00e1\u0161ena.<\/em><\/p>\n<p><em>Je z\u0159ejm\u00e9, \u017ee se zv\u00fd\u0161\u00ed rozpo\u010det.<\/em><\/p>\n<p><strong><em>Dal\u0161\u00ed sou\u010d\u00e1st\u00ed je syst\u00e9m One Health.<\/em><\/strong><\/p>\n<p><em>One Health je koncept, kter\u00fd byl vytvo\u0159en, aby WHO pomoc\u00ed t\u011bchto dokument\u016f mohla p\u0159evz\u00edt jurisdikci nad v\u0161\u00edm na sv\u011bt\u011b t\u00edm, \u017ee \u0159\u00edk\u00e1, \u017ee zm\u011bna klimatu, zv\u00ed\u0159ata, rostliny, vodn\u00ed syst\u00e9my, ekosyst\u00e9my jsou pro zdrav\u00ed z\u00e1sadn\u00ed.<\/em><\/p>\n<p><em>V t\u00e9to koncepci je tak\u00e9 zakotvena zvl\u00e1\u0161tn\u00ed p\u0159edstava, \u017ee lid\u00e9 ji\u017e nemaj\u00ed v\u011bt\u0161\u00ed hodnotu ne\u017e zv\u00ed\u0159ata.<\/em><\/p>\n<h6><span style=\"font-size: 18pt;\">WHO dostane pravomoci k zav\u00edr\u00e1n\u00ed podnik\u016f a k vyb\u00edjen\u00ed hospod\u00e1\u0159sk\u00fdch zv\u00ed\u0159at pod z\u00e1minkou ochrany zdrav\u00ed ve v\u0161ech signat\u00e1\u0159sk\u00fdch zem\u00edch<\/span><\/h6>\n<p>Ukazuje se, \u017ee omezov\u00e1n\u00ed pr\u016fmyslov\u00e9 v\u00fdroby a zem\u011bd\u011blstv\u00ed se neda\u0159\u00ed tak rychle a ochotn\u011b jako v Holandsku, kde za\u010daly vyb\u00edjet st\u00e1da skotu, prasat, ale u\u017e nov\u011b dokonce i dr\u016fbe\u017ee, proto\u017ee v jin\u00fdch zem\u00edch v EU na \u010dele se zem\u011bd\u011blskou supervelmoc\u00ed Polskem se tomuto br\u00e1n\u00ed. A tak maj\u00ed pl\u00e1n, jak to trikem obej\u00edt p\u0159es ve\u0159ejn\u00fd z\u00e1jem o zdrav\u00ed lid\u00ed, \u017ee se prost\u011b za\u0159\u00edzne pr\u016fmysl a zem\u011bd\u011blstv\u00ed ve jm\u00e9nu boje proti viru. Kdyby nep\u0159i\u0161la v\u00e1lka na Ukrajin\u011b, asi bychom v Evrop\u011b te\u010f jeli osmou nebo des\u00e1tou mutaci Covidu a v televizi by se propagovala nov\u00e1 a upgradovan\u00e1 vakc\u00ednka od \u0161mejd\u016f z Pfizeru.<\/p>\n<figure id=\"attachment_47637\" class=\"wp-caption aligncenter\" style=\"width: 693px;\"><a href=\"https:\/\/aeronet.news\/wp-content\/uploads\/AlbertBourlaPfizer.jpeg\"><img decoding=\"async\" loading=\"lazy\" class=\"wp-image-47637 \" src=\"https:\/\/aeronet.news\/wp-content\/uploads\/AlbertBourlaPfizer-1024x563.jpeg\" sizes=\"(max-width: 700px) 100vw, 700px\" srcset=\"https:\/\/aeronet.news\/wp-content\/uploads\/AlbertBourlaPfizer-1024x563.jpeg 1024w, https:\/\/aeronet.news\/wp-content\/uploads\/AlbertBourlaPfizer-300x165.jpeg 300w, https:\/\/aeronet.news\/wp-content\/uploads\/AlbertBourlaPfizer-768x422.jpeg 768w, https:\/\/aeronet.news\/wp-content\/uploads\/AlbertBourlaPfizer-700x385.jpeg 700w, https:\/\/aeronet.news\/wp-content\/uploads\/AlbertBourlaPfizer-650x357.jpeg 650w, https:\/\/aeronet.news\/wp-content\/uploads\/AlbertBourlaPfizer-879x483.jpeg 879w, https:\/\/aeronet.news\/wp-content\/uploads\/AlbertBourlaPfizer.jpeg 1574w\" alt=\"\" width=\"693\" height=\"381\" \/><\/a><figcaption class=\"wp-caption-text\">Albert Bourla, \u0159editel Pfizeru, zapaluje Menorah na oslavu Chanuky<\/figcaption><\/figure>\n<p>A proto\u017ee te\u010f vypukla v\u00e1lka v Izraeli, n\u011bjak\u00fd \u010das se n\u00e1s pandemie a vakc\u00ednky t\u00fdkat nebudou, ale jakmile se za\u010dnou v\u00e1le\u010dn\u00e9 procesy uklid\u0148ovat, v tom okam\u017eiku bu\u010fte ve st\u0159ehu, proto\u017ee globalist\u00e9 za\u010dnou chystat nov\u00fd \u00fanik viru odn\u011bkud.\u00a0<strong>Ov\u011b\u0159ili si, \u017ee zabit\u00ed pr\u016fmyslu a zastaven\u00ed ekonomik chazar\u0161t\u00ed politici v EU provedli 15. b\u0159ezna 2020 v jeden okam\u017eik. To byl n\u00e1cvik.<\/strong><\/p>\n<p>A jak za\u010d\u00edn\u00e1 podzim, v\u0161imn\u011bte si, kolik lid\u00ed v supermarketech a MHD zase u\u017e nos\u00ed rou\u0161ky a resp\u00edky, proto\u017ee podzim, proto\u017ee virus! Prost\u011b ty dva roky lidi p\u0159eprogramovaly a p\u0159evychovaly. Jakmile vydaj\u00ed globalist\u00e9 sign\u00e1l, \u017ee n\u011bkde se objevil zase n\u011bjak\u00fd virus, kv\u016fli kter\u00e9mu je t\u0159eba v\u0161echno zav\u0159\u00edt nebo vyb\u00edt, tak u\u017e budete v\u011bd\u011bt, jak\u00fd je to proces.<\/p>\n<h6><span style=\"font-size: 18pt;\">Globalist\u00e9 skrze 5. prioritu cht\u011bj\u00ed urychlit nasunut\u00ed Total Control, kter\u00e9 bylo p\u0159eru\u0161eno v\u00e1lkou na Ukrajin\u011b a te\u010f nav\u00edc i v Izraeli<\/span><\/h6>\n<p>Tak\u017ee globalist\u00e9 pl\u00e1nuj\u00ed, \u017ee v bl\u00edzk\u00e9 dob\u011b vyrob\u00ed novou pandemii a pod jej\u00ed z\u00e1minkou na\u0159\u00edd\u00ed \u0159editel WHO likvidaci nejen podnik\u016f funguj\u00edc\u00edch na fosiln\u00ed paliva, ale na\u0159\u00edd\u00ed i vyb\u00edt st\u00e1da skotu v cel\u00e9 EU, v\u0161echny chovy prasat i dr\u016fbe\u017ee a n\u00e1hrada potravy bude v podob\u011b udr\u017eiteln\u00e9ho hmyzu a \u010derv\u016f. Ten proces pandemie se navod\u00ed nap\u0159. novou pta\u010d\u00ed ch\u0159ipkou, kter\u00e1 povede k vybit\u00ed ve\u0161ker\u00e9 dr\u016fbe\u017ee v EU.\u00a0<strong>Stejn\u011b tak se m\u016f\u017ee objevit virus na zp\u016fsob nemoci \u0161\u00edlen\u00fdch krav, kter\u00fd se stane z\u00e1minkou k vybit\u00ed ve\u0161ker\u00e9ho skotu v cel\u00e9 Evrop\u011b.<\/strong><\/p>\n<p>V\u0161echno se bude odehr\u00e1vat pod z\u00e1minkou p\u00e9\u010de o sv\u011btov\u00e9 zdrav\u00ed, pochopiteln\u011b. A kdokoliv se odv\u00e1\u017e\u00ed napsat na internet, \u017ee je to z\u00e1minka k zaveden\u00ed Total Control nad ve\u0161ker\u00fdm obyvatelstvem, \u017ee jde o syst\u00e9m na b\u00e1zi soci\u00e1ln\u00edho kreditu, \u017ee kdo nebude o\u010dkovan\u00fd sajrajtem z rychlov\u00fdroby, tak ho nepust\u00ed z bytu ani p\u0159ed bar\u00e1k, tak takov\u00fd \u010dlov\u011bk bude na internetu zabanov\u00e1n.<\/p>\n<figure id=\"attachment_48278\" class=\"wp-caption aligncenter\" style=\"width: 697px;\"><a href=\"https:\/\/aeronet.news\/wp-content\/uploads\/GirlVaccine.jpg\"><img decoding=\"async\" loading=\"lazy\" class=\"wp-image-48278 \" src=\"https:\/\/aeronet.news\/wp-content\/uploads\/GirlVaccine-1024x683.jpg\" sizes=\"(max-width: 700px) 100vw, 700px\" srcset=\"https:\/\/aeronet.news\/wp-content\/uploads\/GirlVaccine-1024x683.jpg 1024w, https:\/\/aeronet.news\/wp-content\/uploads\/GirlVaccine-300x200.jpg 300w, https:\/\/aeronet.news\/wp-content\/uploads\/GirlVaccine-768x512.jpg 768w, https:\/\/aeronet.news\/wp-content\/uploads\/GirlVaccine-700x467.jpg 700w, https:\/\/aeronet.news\/wp-content\/uploads\/GirlVaccine-536x357.jpg 536w, https:\/\/aeronet.news\/wp-content\/uploads\/GirlVaccine-725x483.jpg 725w, https:\/\/aeronet.news\/wp-content\/uploads\/GirlVaccine.jpg 1200w\" alt=\"\" width=\"697\" height=\"465\" \/><\/a><figcaption class=\"wp-caption-text\">O\u010dkov\u00e1n\u00ed d\u011bt\u00ed b\u011bhem covidov\u00e9 \u00e9ry bylo zlo\u010dinem proti lidskosti vzhledem k nedostate\u010dn\u011b otestovan\u00fdm vakc\u00edn\u00e1m, kter\u00e9 nepro\u0161ly 15-let\u00fdm cyklem klinick\u00fdch studi\u00ed vakc\u00edn ur\u010den\u00fdch pro d\u011bti<\/figcaption><\/figure>\n<p>Prost\u011b ten pl\u00e1n globalist\u016f na \u017eran\u00ed \u010derv\u016f a hmyzu jde stra\u0161n\u011b pomalu, to zpomaluje n\u00e1stup dal\u0161\u00edch program\u016f, jako je nepodm\u00edn\u011bn\u00fd p\u0159\u00edjem a 15-minutov\u00e1 m\u011bsta se z\u00e1kazem provozu aut, tak\u017ee globalist\u00e9 to pot\u0159ebuj\u00ed popohnat a chazar\u0161t\u00ed v Evrop\u011b jim v tom p\u016fjdou na ruku.\u00a0<strong>Tak\u017ee ve jm\u00e9nu zdrav\u00ed n\u00e1m asi brzy \u0159editel WHO na\u0159\u00edd\u00ed vyb\u00edt v\u0161echna zv\u00ed\u0159ata, aby ten business se cvr\u010dky a kobylkami se rozjel.<\/strong><\/p>\n<p>Jen\u017ee, kdy\u017e je v tom dokumentu naps\u00e1no, \u017ee lid\u00e9 u\u017e nemaj\u00ed vy\u0161\u0161\u00ed hodnotu ne\u017e zv\u011b\u0159, tak \u010dlov\u011bku zatrne, jestli global\u010diky s t\u00edm vyb\u00edjen\u00edm zv\u00ed\u0159at kv\u016fli emis\u00edm CO2 a NOx to nevezmou jednoho dne i s n\u00e1mi z jedn\u00e9 vody na\u010disto. Brzy mo\u017en\u00e1 usly\u0161\u00edme: \u201c<em>Vydechuje\u0161 CO2, p*\u010do! Zdechni, a\u0165 nezhor\u0161uje\u0161 klima!<\/em>\u201d Ot\u00e1zkou jen je, kolik lid\u00ed se tomu postav\u00ed, a kolik jich nat\u00e1hne igelitov\u00e9 pytl\u00edky na hlavu, proto\u017ee to p\u0159ik\u00e1\u017ee\u00a0<em>generaldirektor<\/em>\u00a0z WHO.<\/p>\n<p><a href=\"https:\/\/aeronet.news\/video-lide-nemaji-vetsi-hodnotu-nez-zvirata-povinna-ockovani-obyvatel-eu-vakcinami-ktere-prosly-klinickymi-testy-za-pouhych-100-dni-digitalni-pasy-pro-cestovani-s-ockovacimi-statusy\/\">-VK- \u0160\u00e9fredaktor AE News<\/a><\/p>\n<p>&nbsp;<\/p>\n<p>&nbsp;<\/p>\n<p><a href=\"https:\/\/stranapro.cz\/\"><img decoding=\"async\" loading=\"lazy\" class=\"wp-image-30218 aligncenter\" src=\"http:\/\/www.infokuryr.cz\/n\/wp-content\/uploads\/2023\/06\/PRO-banner-300x36.png\" alt=\"\" width=\"1358\" height=\"163\" srcset=\"https:\/\/www.infokuryr.cz\/n\/wp-content\/uploads\/2023\/06\/PRO-banner-300x36.png 300w, https:\/\/www.infokuryr.cz\/n\/wp-content\/uploads\/2023\/06\/PRO-banner-768x93.png 768w, https:\/\/www.infokuryr.cz\/n\/wp-content\/uploads\/2023\/06\/PRO-banner.png 849w\" sizes=\"(max-width: 1358px) 100vw, 1358px\" \/><\/a><\/p>\n<p>&nbsp;<\/p>\n<p>&nbsp;<\/p>\n","protected":false},"excerpt":{"rendered":"<p>Lid\u00e9 nemaj\u00ed v\u011bt\u0161\u00ed hodnotu ne\u017e zv\u00ed\u0159ata! Povinn\u00e1 o\u010dkov\u00e1n\u00ed obyvatel EU vakc\u00ednami, kter\u00e9 pro\u0161ly klinick\u00fdmi testy&#8230;<\/p>\n","protected":false},"author":2,"featured_media":38851,"comment_status":"closed","ping_status":"closed","sticky":false,"template":"","format":"standard","meta":[],"categories":[6],"tags":[1042,41,940,213,651,81],"_links":{"self":[{"href":"https:\/\/www.infokuryr.cz\/n\/wp-json\/wp\/v2\/posts\/38850"}],"collection":[{"href":"https:\/\/www.infokuryr.cz\/n\/wp-json\/wp\/v2\/posts"}],"about":[{"href":"https:\/\/www.infokuryr.cz\/n\/wp-json\/wp\/v2\/types\/post"}],"author":[{"embeddable":true,"href":"https:\/\/www.infokuryr.cz\/n\/wp-json\/wp\/v2\/users\/2"}],"replies":[{"embeddable":true,"href":"https:\/\/www.infokuryr.cz\/n\/wp-json\/wp\/v2\/comments?post=38850"}],"version-history":[{"count":0,"href":"https:\/\/www.infokuryr.cz\/n\/wp-json\/wp\/v2\/posts\/38850\/revisions"}],"wp:featuredmedia":[{"embeddable":true,"href":"https:\/\/www.infokuryr.cz\/n\/wp-json\/wp\/v2\/media\/38851"}],"wp:attachment":[{"href":"https:\/\/www.infokuryr.cz\/n\/wp-json\/wp\/v2\/media?parent=38850"}],"wp:term":[{"taxonomy":"category","embeddable":true,"href":"https:\/\/www.infokuryr.cz\/n\/wp-json\/wp\/v2\/categories?post=38850"},{"taxonomy":"post_tag","embeddable":true,"href":"https:\/\/www.infokuryr.cz\/n\/wp-json\/wp\/v2\/tags?post=38850"}],"curies":[{"name":"wp","href":"https:\/\/api.w.org\/{rel}","templated":true}]}}