{"id":38847,"date":"2023-10-24T01:16:10","date_gmt":"2023-10-23T23:16:10","guid":{"rendered":"http:\/\/www.infokuryr.cz\/n\/?p=38847"},"modified":"2023-10-23T20:13:23","modified_gmt":"2023-10-23T18:13:23","slug":"nova-totalita-rakusan-se-zbavuje-nepohodlneho-policisty-kvuli-kauze-dozimetr","status":"publish","type":"post","link":"https:\/\/www.infokuryr.cz\/n\/2023\/10\/24\/nova-totalita-rakusan-se-zbavuje-nepohodlneho-policisty-kvuli-kauze-dozimetr\/","title":{"rendered":"Nov\u00e1 totalita? Raku\u0161an se zbavuje nepohodln\u00e9ho policisty kv\u016fli kauze Dozimetr"},"content":{"rendered":"<div id=\"fb-root\"><\/div>\n<p><strong>\u010cau Praho! \ud83c\udde8\ud83c\uddff<\/strong><\/p>\n<p>Fialova vl\u00e1da p\u0159e\u017eila hlasov\u00e1n\u00ed o ned\u016fv\u011b\u0159e. Zat\u00edmco p\u00e1nov\u00e9 minist\u0159i si tak udr\u017eeli tepl\u00e1 m\u00edsta a velkorys\u00e9 platy, nepohodln\u00ed lid\u00e9 nejsp\u00ed\u0161 dostanou pad\u00e1ka. Ministerstvo vnitra se toti\u017e chce zbavit kapit\u00e1na Kotr\u010de z N\u00e1rodn\u00ed centr\u00e1ly proti organizovan\u00e9mu zlo\u010dinu, proto\u017ee si dovolil podat trestn\u00ed ozn\u00e1men\u00ed na ministra Raku\u0161ana kv\u016fli kauze Dozimetr.<\/p>\n<p>Nejen, \u017ee se trestn\u00ed ozn\u00e1men\u00ed nevy\u0161et\u0159ilo, policie \u00fakony trestn\u00edho \u0159\u00edzen\u00ed v\u016fbec neza\u010dala, ale je\u0161t\u011b k tomu se odv\u00e1\u017en\u00e9ho kapit\u00e1na sna\u017e\u00ed te\u010f vyhodit.<\/p>\n<p>Jak vid\u00edte, v \u010cesku tak op\u011bt vyhr\u00e1vaj\u00ed l\u017ei, arogance, elit\u00e1\u0159stv\u00ed, korupce a krom\u011b toho i \u0161\u00edlen\u00e9 rozhazov\u00e1n\u00ed ve\u0159ejn\u00fdch pen\u011bz.<\/p>\n<p>\ud83d\udc49 St\u00e1tn\u00ed dluh \u010ceska vzrostl na 3,115 bilionu K\u010d. Na ka\u017ed\u00e9ho \u010cecha tak p\u0159ipad\u00e1 286 tis\u00edc korun. Fialova vl\u00e1da p\u0159itom vyhr\u00e1la volby se slibem, \u017ee p\u0159estanou \u010cR zadlu\u017eovat. Realita je naprosto opa\u010dn\u00e1. Dluhy jsou rekordn\u00ed.<\/p>\n<p>\ud83d\udc49 \u010cesk\u00e9 \u0161kolstv\u00ed st\u00e1le zaost\u00e1v\u00e1 za evropsk\u00fdm pr\u016fm\u011brem. V roce 2019 premi\u00e9r Fiala p\u0159itom \u0159\u00edkal, \u017ee po\u017eaduje zv\u00fd\u0161en\u00ed plat\u016f pro u\u010ditele. Dnes? Jeho vl\u00e1da na \u0161kolstv\u00ed \u0161krt\u00e1 nejv\u00edce ze v\u0161ech. \u0160koly budou muset nucen\u011b vyhodit tis\u00edce pracovn\u00edk\u016f.<\/p>\n<p>\ud83d\udc49 Dal\u0161\u00ed velk\u00e1 mezin\u00e1rodn\u00ed spole\u010dnost ut\u00edk\u00e1 z \u010ceska kv\u016fli byrokracii. Microsoft cht\u011bl v Praze postavit datacentrum za miliardy. Te\u010f u\u017e si to ale rozmyslel. Pro\u010d? Kv\u016fli \u0161\u00edlen\u00e9mu st\u00e1tn\u00edmu a ve\u0159ejn\u00e9mu apar\u00e1tu, kter\u00fd spole\u010dnosti h\u00e1zel klacky pod nohy. Z investice p\u0159itom mohli profitovat v\u0161ichni \u010ce\u0161i.<\/p>\n<p>\ud83d\udc49 Z\u00e1jem o p\u0159\u00edsp\u011bvky na bydlen\u00ed se ztrojn\u00e1sobil. Jak je vid\u011bt, lid\u00e9 (a to nejen v Praze) maj\u00ed opravdu v\u00fdrazn\u00e9 finan\u010dn\u00ed probl\u00e9my a bydlen\u00ed si nemohou dovolit. Dal\u0161\u00ed d\u016fsledek nekompetentn\u00ed neschopn\u00e9 vl\u00e1dy, kter\u00e1 se neum\u00ed postarat o svoje lidi.<\/p>\n<p>To v\u0161e a mnohem v\u00edc se dozv\u00edte v 54. d\u00edlu m\u00e9ho politick\u00e9ho podcastu. D\u011bkuji v\u00e1m p\u0159edem za zhl\u00e9dnut\u00ed a pros\u00edm o dal\u0161\u00ed sd\u00edlen\u00ed, a\u0165 se pravdu dozv\u00ed co nejv\u00edc lid\u00ed! T\u011b\u0161\u00edm se na dotazy i koment\u00e1\u0159e!<\/p>\n<p>&nbsp;<\/p>\n<p><iframe loading=\"lazy\" title=\"Nov\u00e1 totalita? Raku\u0161an se zbavuje policisty kv\u016fli kauze Dozimetr. V \u010cesku v\u00edt\u011bz\u00ed l\u017ei. | \u010cau Praho 54\" width=\"640\" height=\"360\" src=\"https:\/\/www.youtube.com\/embed\/1LEFrIAQ41k?feature=oembed\" frameborder=\"0\" allow=\"accelerometer; autoplay; clipboard-write; encrypted-media; gyroscope; picture-in-picture; web-share\" allowfullscreen><\/iframe><\/p>\n<p>&nbsp;<\/p>\n<p>&nbsp;<\/p>\n<p><a href=\"https:\/\/stranapro.cz\/\"><img decoding=\"async\" loading=\"lazy\" class=\"wp-image-30218 aligncenter\" src=\"http:\/\/www.infokuryr.cz\/n\/wp-content\/uploads\/2023\/06\/PRO-banner-300x36.png\" alt=\"\" width=\"1358\" height=\"163\" srcset=\"https:\/\/www.infokuryr.cz\/n\/wp-content\/uploads\/2023\/06\/PRO-banner-300x36.png 300w, https:\/\/www.infokuryr.cz\/n\/wp-content\/uploads\/2023\/06\/PRO-banner-768x93.png 768w, https:\/\/www.infokuryr.cz\/n\/wp-content\/uploads\/2023\/06\/PRO-banner.png 849w\" sizes=\"(max-width: 1358px) 100vw, 1358px\" \/><\/a><\/p>\n<p>&nbsp;<\/p>\n<p>&nbsp;<\/p>\n<p>&nbsp;<\/p>\n","protected":false},"excerpt":{"rendered":"<p>\u010cau Praho! \ud83c\udde8\ud83c\uddff Fialova vl\u00e1da p\u0159e\u017eila hlasov\u00e1n\u00ed o ned\u016fv\u011b\u0159e. Zat\u00edmco p\u00e1nov\u00e9 minist\u0159i si tak udr\u017eeli&#8230;<\/p>\n","protected":false},"author":2,"featured_media":38848,"comment_status":"closed","ping_status":"closed","sticky":false,"template":"","format":"standard","meta":[],"categories":[6],"tags":[29,122,1032,889],"_links":{"self":[{"href":"https:\/\/www.infokuryr.cz\/n\/wp-json\/wp\/v2\/posts\/38847"}],"collection":[{"href":"https:\/\/www.infokuryr.cz\/n\/wp-json\/wp\/v2\/posts"}],"about":[{"href":"https:\/\/www.infokuryr.cz\/n\/wp-json\/wp\/v2\/types\/post"}],"author":[{"embeddable":true,"href":"https:\/\/www.infokuryr.cz\/n\/wp-json\/wp\/v2\/users\/2"}],"replies":[{"embeddable":true,"href":"https:\/\/www.infokuryr.cz\/n\/wp-json\/wp\/v2\/comments?post=38847"}],"version-history":[{"count":1,"href":"https:\/\/www.infokuryr.cz\/n\/wp-json\/wp\/v2\/posts\/38847\/revisions"}],"predecessor-version":[{"id":38849,"href":"https:\/\/www.infokuryr.cz\/n\/wp-json\/wp\/v2\/posts\/38847\/revisions\/38849"}],"wp:featuredmedia":[{"embeddable":true,"href":"https:\/\/www.infokuryr.cz\/n\/wp-json\/wp\/v2\/media\/38848"}],"wp:attachment":[{"href":"https:\/\/www.infokuryr.cz\/n\/wp-json\/wp\/v2\/media?parent=38847"}],"wp:term":[{"taxonomy":"category","embeddable":true,"href":"https:\/\/www.infokuryr.cz\/n\/wp-json\/wp\/v2\/categories?post=38847"},{"taxonomy":"post_tag","embeddable":true,"href":"https:\/\/www.infokuryr.cz\/n\/wp-json\/wp\/v2\/tags?post=38847"}],"curies":[{"name":"wp","href":"https:\/\/api.w.org\/{rel}","templated":true}]}}