{"id":38844,"date":"2023-10-24T01:03:35","date_gmt":"2023-10-23T23:03:35","guid":{"rendered":"http:\/\/www.infokuryr.cz\/n\/?p=38844"},"modified":"2023-10-23T20:06:46","modified_gmt":"2023-10-23T18:06:46","slug":"eu-a-problemy-zemi-byvaleho-socialistickeho-bloku-v-vitova-jaltske-mezinarodni-forum","status":"publish","type":"post","link":"https:\/\/www.infokuryr.cz\/n\/2023\/10\/24\/eu-a-problemy-zemi-byvaleho-socialistickeho-bloku-v-vitova-jaltske-mezinarodni-forum\/","title":{"rendered":"EU a probl\u00e9my zem\u00ed b\u00fdval\u00e9ho socialistick\u00e9ho bloku&#8220; V. Vitov\u00e1, Jaltsk\u00e9 mezin\u00e1rodn\u00ed f\u00f3rum"},"content":{"rendered":"<div id=\"fb-root\"><\/div>\n<p><span style=\"font-size: 18pt;\"><strong>EU a probl\u00e9my zem\u00ed b\u00fdval\u00e9ho socialistick\u00e9ho bloku&#8220; V. Vitov\u00e1, Jaltsk\u00e9 mezin\u00e1rodn\u00ed f\u00f3rum<\/strong><\/span><\/p>\n<div style=\"width: 640px;\" class=\"wp-video\"><!--[if lt IE 9]><script>document.createElement('video');<\/script><![endif]-->\n<video class=\"wp-video-shortcode\" id=\"video-38844-1\" width=\"640\" height=\"345\" preload=\"metadata\" controls=\"controls\"><source type=\"video\/mp4\" src=\"http:\/\/www.infokuryr.cz\/n\/wp-content\/uploads\/2023\/10\/video_2023-10-22_20-04-50.mp4?_=1\" \/><a href=\"http:\/\/www.infokuryr.cz\/n\/wp-content\/uploads\/2023\/10\/video_2023-10-22_20-04-50.mp4\">http:\/\/www.infokuryr.cz\/n\/wp-content\/uploads\/2023\/10\/video_2023-10-22_20-04-50.mp4<\/a><\/video><\/div>\n<p>&nbsp;<\/p>\n<p><a href=\"https:\/\/stranapro.cz\/\"><img decoding=\"async\" loading=\"lazy\" class=\"wp-image-30218 aligncenter\" src=\"http:\/\/www.infokuryr.cz\/n\/wp-content\/uploads\/2023\/06\/PRO-banner-300x36.png\" alt=\"\" width=\"1375\" height=\"165\" srcset=\"https:\/\/www.infokuryr.cz\/n\/wp-content\/uploads\/2023\/06\/PRO-banner-300x36.png 300w, https:\/\/www.infokuryr.cz\/n\/wp-content\/uploads\/2023\/06\/PRO-banner-768x93.png 768w, https:\/\/www.infokuryr.cz\/n\/wp-content\/uploads\/2023\/06\/PRO-banner.png 849w\" sizes=\"(max-width: 1375px) 100vw, 1375px\" \/><\/a><\/p>\n<p>&nbsp;<\/p>\n<p>&nbsp;<\/p>\n<p>&nbsp;<\/p>\n","protected":false},"excerpt":{"rendered":"<p>EU a probl\u00e9my zem\u00ed b\u00fdval\u00e9ho socialistick\u00e9ho bloku&#8220; V. Vitov\u00e1, Jaltsk\u00e9 mezin\u00e1rodn\u00ed f\u00f3rum &nbsp; &nbsp; &nbsp;&#8230;<\/p>\n","protected":false},"author":2,"featured_media":22049,"comment_status":"closed","ping_status":"closed","sticky":false,"template":"","format":"standard","meta":[],"categories":[6],"tags":[29,889,3212],"_links":{"self":[{"href":"https:\/\/www.infokuryr.cz\/n\/wp-json\/wp\/v2\/posts\/38844"}],"collection":[{"href":"https:\/\/www.infokuryr.cz\/n\/wp-json\/wp\/v2\/posts"}],"about":[{"href":"https:\/\/www.infokuryr.cz\/n\/wp-json\/wp\/v2\/types\/post"}],"author":[{"embeddable":true,"href":"https:\/\/www.infokuryr.cz\/n\/wp-json\/wp\/v2\/users\/2"}],"replies":[{"embeddable":true,"href":"https:\/\/www.infokuryr.cz\/n\/wp-json\/wp\/v2\/comments?post=38844"}],"version-history":[{"count":1,"href":"https:\/\/www.infokuryr.cz\/n\/wp-json\/wp\/v2\/posts\/38844\/revisions"}],"predecessor-version":[{"id":38846,"href":"https:\/\/www.infokuryr.cz\/n\/wp-json\/wp\/v2\/posts\/38844\/revisions\/38846"}],"wp:featuredmedia":[{"embeddable":true,"href":"https:\/\/www.infokuryr.cz\/n\/wp-json\/wp\/v2\/media\/22049"}],"wp:attachment":[{"href":"https:\/\/www.infokuryr.cz\/n\/wp-json\/wp\/v2\/media?parent=38844"}],"wp:term":[{"taxonomy":"category","embeddable":true,"href":"https:\/\/www.infokuryr.cz\/n\/wp-json\/wp\/v2\/categories?post=38844"},{"taxonomy":"post_tag","embeddable":true,"href":"https:\/\/www.infokuryr.cz\/n\/wp-json\/wp\/v2\/tags?post=38844"}],"curies":[{"name":"wp","href":"https:\/\/api.w.org\/{rel}","templated":true}]}}